{"id":284034,"date":"2026-09-02T02:20:12","date_gmt":"2026-09-02T02:20:12","guid":{"rendered":"https:\/\/www.europesays.com\/ro\/284034\/"},"modified":"2026-09-02T02:20:12","modified_gmt":"2026-09-02T02:20:12","slug":"raluca-turcan-sustine-ca-psd-si-aur-vor-pune-impreuna-guvernul-garantat-grindeanu-simion","status":"publish","type":"post","link":"https:\/\/www.europesays.com\/ro\/284034\/","title":{"rendered":"Raluca Turcan sus\u021bine c\u0103 PSD \u0219i AUR vor pune \u00eempreun\u0103 Guvernul. \u201eGarantat Grindeanu\u2013Simion!\u201d"},"content":{"rendered":"<p>\t    <img loading=\"lazy\" decoding=\"async\" class=\"mg-x-auto\" width=\"30\" height=\"30\" src=\"https:\/\/www.europesays.com\/ro\/wp-content\/uploads\/2026\/09\/1788315612_330_google-g-w.png\" alt=\"\"\/>\t\t\t    <\/p>\n<p id=\"p-0\">\u00centr-o postare \u00eenc\u0103rcat\u0103 pe contul s\u0103u de Facebook, Raluca Turcan a scris c\u0103 viitorul Guvern va fi format dintr-o alian\u021b\u0103 PSD-AUR.<\/p>\n<p id=\"p-1\">\u201ePSD \u0219i AUR \u0219i-au oficializat alian\u021ba! \u00cen dispre\u021b fa\u021b\u0103 de votul rom\u00e2nilor. M\u00e2ine vor pune \u00eempreun\u0103 guvernul. Garantat Grindeanu\u2013Simion!\u201d, potrivit acesteia.<\/p>\n<p id=\"p-2\">Deputata PNL sus\u021bine c\u0103, mar\u021bi, \u00een Camera Deputa\u021bilor, noua construc\u021bie politic\u0103 a \u00eenceput cu func\u021bii \u00eemp\u0103r\u021bite de PSD c\u0103tre AUR \u0219i SOS.<\/p>\n<p id=\"p-3\">\u201eCu alte cuvinte, Grindeanu \u0219i-a g\u0103sit alia\u021bii. Pe fa\u021b\u0103\u201d, scrie Turcan.<\/p>\n<p id=\"p-5\">Aceasta sus\u021bine c\u0103, \u201epotrivit algoritmului parlamentar, Parlamentul avea o anumit\u0103 configura\u021bie de reprezentare, rezultat\u0103 \u00een urma votului rom\u00e2nilor\u201d.<\/p>\n<p id=\"p-6\">Partidul Social Democrat \u201ea trecut peste proceduri, peste reguli, peste lege \u0219i a \u00eemp\u0103r\u021bit reprezentarea parlamentar\u0103 c\u0103tre AUR \u0219i SOS, probabil h\u0103mesite dup\u0103 at\u00e2ta opozi\u021bie\u201d, conform acesteia.<\/p>\n<p id=\"p-7\">\u201eE limpede pentru toat\u0103 lumea c\u0103 visul de guvernare al PSD pleac\u0103 la drum cu AUR \u0219i SOS, de-a st\u00e2nga \u0219i de-a dreapta\u201d, afirm\u0103 deputata.<\/p>\n<p id=\"p-8\">De asemenea, trage un semnal de alarm\u0103 c\u0103tre pre\u0219edintele Nicu\u0219or Dan.<\/p>\n<p id=\"p-9\">\u201eVotul PSD vine cu AUR la pachet. Asta a promis \u00een campanie?\u201d, continu\u0103 Turcan.<\/p>\n<p id=\"p-10\">Mai mult, deputata atrage aten\u021bia \u201e\u0219i celor care \u0219i-au imaginat un vot pentru un guvern \u00een jurul PSD: guvernul va veni la pachet cu AUR \u0219i SOS!\u201d<\/p>\n<p id=\"p-11\">\u201eGrindeanu \u0219i-a prezentat, \u00een sf\u00e2r\u0219it, public alia\u021bii: AUR \u0219i SOS. De m\u00e2ine, le vom sim\u021bi prezen\u021ba prin mini\u0219tri, prefec\u021bi \u0219i secretari de stat. A\u0219a \u00eencepe Rom\u00e2nia s\u0103 intre \u00een bra\u021bele fr\u0103\u021biei PSD-isto extremist\u0103\u201d, a conchis Raluca Turcan.<\/p>\n","protected":false},"excerpt":{"rendered":"\u00centr-o postare \u00eenc\u0103rcat\u0103 pe contul s\u0103u de Facebook, Raluca Turcan a scris c\u0103 viitorul Guvern va fi format&hellip;\n","protected":false},"author":2,"featured_media":284035,"comment_status":"","ping_status":"","sticky":false,"template":"","format":"standard","meta":{"footnotes":"","_share_on_mastodon":"0"},"categories":[10],"tags":[427,78216,32,33,2087,31,36,37,356,859,27,34,35,25,358,1123,624,41,40,38,39,26,28,29,30],"class_list":["post-284034","post","type-post","status-publish","format-standard","has-post-thumbnail","category-romania","tag-aur","tag-boc-camera-deputatilor","tag-breaking-news","tag-breakingnews","tag-camera-deputatilor","tag-cele-mai-populare-subiecte","tag-featured-news","tag-featurednews","tag-george-simion","tag-guvern","tag-headlines","tag-latest-news","tag-latestnews","tag-news","tag-nicusor-dan","tag-psd","tag-raluca-turcan","tag-ro","tag-romana","tag-romania","tag-romanian","tag-stiri","tag-titluri","tag-top-stories","tag-topstories"],"share_on_mastodon":{"url":"https:\/\/pubeurope.com\/@ro\/117199059542387492","error":""},"_links":{"self":[{"href":"https:\/\/www.europesays.com\/ro\/wp-json\/wp\/v2\/posts\/284034","targetHints":{"allow":["GET"]}}],"collection":[{"href":"https:\/\/www.europesays.com\/ro\/wp-json\/wp\/v2\/posts"}],"about":[{"href":"https:\/\/www.europesays.com\/ro\/wp-json\/wp\/v2\/types\/post"}],"author":[{"embeddable":true,"href":"https:\/\/www.europesays.com\/ro\/wp-json\/wp\/v2\/users\/2"}],"replies":[{"embeddable":true,"href":"https:\/\/www.europesays.com\/ro\/wp-json\/wp\/v2\/comments?post=284034"}],"version-history":[{"count":0,"href":"https:\/\/www.europesays.com\/ro\/wp-json\/wp\/v2\/posts\/284034\/revisions"}],"wp:featuredmedia":[{"embeddable":true,"href":"https:\/\/www.europesays.com\/ro\/wp-json\/wp\/v2\/media\/284035"}],"wp:attachment":[{"href":"https:\/\/www.europesays.com\/ro\/wp-json\/wp\/v2\/media?parent=284034"}],"wp:term":[{"taxonomy":"category","embeddable":true,"href":"https:\/\/www.europesays.com\/ro\/wp-json\/wp\/v2\/categories?post=284034"},{"taxonomy":"post_tag","embeddable":true,"href":"https:\/\/www.europesays.com\/ro\/wp-json\/wp\/v2\/tags?post=284034"}],"curies":[{"name":"wp","href":"https:\/\/api.w.org\/{rel}","templated":true}]}}