{"id":284098,"date":"2026-09-02T04:06:15","date_gmt":"2026-09-02T04:06:15","guid":{"rendered":"https:\/\/www.europesays.com\/ro\/284098\/"},"modified":"2026-09-02T04:06:15","modified_gmt":"2026-09-02T04:06:15","slug":"senatul-decizie-majora-legata-de-pensii-ce-categorii-de-pensionari-ar-putea-pierde-bani-in-ce-conditii-newsweek-romania","status":"publish","type":"post","link":"https:\/\/www.europesays.com\/ro\/284098\/","title":{"rendered":"Senatul, decizie major\u0103 legat\u0103 de pensii. Ce categorii de pensionari ar putea pierde bani? \u00cen ce condi\u021bii? \u2022 Newsweek Rom\u00e2nia"},"content":{"rendered":"<p>\n                    O lege care urmeaz\u0103 s\u0103 fie votat\u0103 de Senat prevede c\u0103 mai multe categorii depensionari trebuie s\u0103 renun\u021be la 85% din pensie. Asta, dac\u0103 vor s\u0103 r\u0103m\u00e2n\u0103 la munc\u0103 \u0219i dup\u0103 ce se pensioneaz\u0103. Afecta\u021bi sunt pensionarii militari sau poli\u021bi\u0219tii &#8211; cei care au pensii de serviciu.\n                <\/p>\n<p>O lege controversat\u0103 urmeaz\u0103 s\u0103 intre la vot \u00een luna septembrie. Legea prevede c\u0103 o serie de categorii de pensionari vor putea s\u0103 munceasc\u0103 doar dac\u0103 renun\u021b\u0103 la 85% din pensie.<\/p>\n<p>Cite\u0219te \u0219i:\u00a0<a href=\"https:\/\/newsweek.ro\/social\/ministerul-muncii-a-13-a-pensie-pensionarii-afla-cand-s-ar-putea-da\" target=\"_blank\" rel=\"noopener nofollow\">Anun\u021b oficial de la Ministerul Muncii despre a 13-a pensie. C\u00e2nd s-ar putea da?<\/a><\/p>\n<p>\u00cen acest moment, regula de mai sus se aplic\u0103 doar pensionarilor din magistratur\u0103 (judec\u0103tori)<\/p>\n<p>Senatul, decizie major\u0103 legat\u0103 de pensii. Ce categorii de pensionari ar putea pierde mii de lei din pensie?<\/p>\n<p>Leega ar fi trebuit s\u0103 fie adoptat\u0103 tacit \u00een Senat ast\u0103zi, la 1 septembrie.<\/p>\n<p>Dar s-a ob\u021binut o derogare. termenul pentru adoptarea ei tacit\u0103 (f\u0103r\u0103 vot). S-a cerut o prelungire a termenului de 15 zile.<\/p>\n<p>Dac\u0103 senatorilor nu vor da un vot pe 15 septembrie, legea se consider\u0103 adoptat\u0103. E greu de crezut c\u0103 senatorii vor da un vot pe 15 septembrie, a doua zi de munc\u0103 dup\u0103 vacan\u021b\u0103.<\/p>\n<p>Legea despre care am vorbit este <a href=\"https:\/\/www.senat.ro\/Legis\/Lista.aspx?cod=27706\" target=\"_blank\" rel=\"noopener nofollow\">AICI<\/a><\/p>\n<p>Legea se aplic\u0103 beneficiarilor de pensii de serviciu \u0219i pensii militare de stat. Ea spune c\u0103 o persoan\u0103 care lucreaz\u0103 la stat \u0219i ajunge la v\u00e2rsta de pensionare mai poate r\u0103m\u00e2ne \u00een acel loc de munc\u0103 doar dac\u0103 renu\u021b\u0103 la 85% din pensie.<\/p>\n<p>Astfel, un militar mai poate r\u0103m\u00e2ne angajat \u0219i dup\u0103 \u00eemplinirea v\u00e2rstei de pensionare dar va cumula salariu plus 15% din pensie. Cum pensia militar\u0103 medie este de 5.500 de lei, un pensionar militar ar r\u0103m\u00e2ne din pensie cu 900 de lei la care va cumula \u0219i salariul.<\/p>\n<p>Dac\u0103 se angajeaz\u0103 la privat poate p\u0103stra pensia intact\u0103 plus salariul.<\/p>\n<p>\u201e\u00cen cazul persoanelor beneficiare de pensii de serviciu sau pensii stabilite \u00een sistemul pensiilor militare de stat, continuarea activit\u0103\u0163ii este condi\u0163ionat\u0103 de exprimarea op\u0163iunii pentru reducerea cuantumului pensiei cu 85% pe durata desf\u0103\u015fur\u0103rii activit\u0103\u0163ii.<\/p>\n<p>Prin aceast\u0103 solutie legislativ\u0103 se urm\u0103re\u015fte evitarea situa\u0163iilor \u00een care aceea\u015fi persoan\u0103 beneficiaz\u0103 simultan de dou\u0103 venituri integrale provenite din fonduri publice, respectiv pensie de serviciu \u015fi salariu pl\u0103tit din bugetul public.<\/p>\n<p>Totodat\u0103, reglementarea propus\u0103 nu afecteaz\u0103 situa\u0163ia persoanelor pensionate care desf\u00e2\u015foar\u0103 activit\u0103\u0163i \u00een sectorul privat, \u00eentruc\u00e2t \u00een aceste cazuri veniturile salariale nu sunt suportate din bugetul public\u201d, se aart\u0103 \u00een legea consultat\u0103d e Newsweek Rom\u00e2nia.<\/p>\n<p>Cite\u0219te \u0219i:\u00a0<a href=\"https:\/\/newsweek.ro\/social\/surpriza-neplacuta-pentru-un-pensionar-cu-4000-lei-pensie-de-ce-nu-i-au-luat-in-calcul-9-ani-de-grupa-a-ii-a\" target=\"_blank\" rel=\"noopener nofollow\">Surpriz\u0103 nepl\u0103cut\u0103 pentru o pensionar\u0103 cu 4.000 lei pensie. Nu i-au luat \u00een calcul 17 ani de grupa a II-a<\/a><\/p>\n<p><img decoding=\"async\" src=\"https:\/\/www.europesays.com\/ro\/wp-content\/uploads\/2026\/09\/aHR0cHM6Ly9uZXdzd2Vlay5yby9zdG9yYWdlL211bHRpbWVkaWEvMjAyNi8wOS9sU2FPYnFaZGQ1UWJ2Y2tqWWtXVGs5NjlndnVo.webp\" alt=\"Pensionar la pensie - Foto. Magnific\"\/>&#13;<br \/>\nPensionar la pensie &#8211; Foto. Magnific&#13;<\/p>\n<p>Cine sunt excep\u021biile?<\/p>\n<p>Exist\u0103 o serie de persoane care pot cumula salariu la stat cu pensia dac\u0103 vor s\u0103 lucreze \u0219i la pensie.<\/p>\n<p>Este vorba de ale\u015fii locali pe durata mandatului, categorii de personal didactic care desf\u0103\u015foar\u0103 activit\u0103\u0163i de formare ini\u0163ial\u0103 \u015fi continu\u0103 a magistra\u0163ilor sau activit\u0103\u0163i de predare \u00een \u00eenv\u0103\u0163\u0103m\u00e2ntul militar \u015fi juridic superior.<\/p>\n<p>Pentru ca legea s\u0103 intre \u00een vigoare e nevoie \u0219i de un vot \u00een Cam,era Deputa\u021bilor.<\/p>\n","protected":false},"excerpt":{"rendered":"O lege care urmeaz\u0103 s\u0103 fie votat\u0103 de Senat prevede c\u0103 mai multe categorii depensionari trebuie s\u0103 renun\u021be&hellip;\n","protected":false},"author":2,"featured_media":284099,"comment_status":"","ping_status":"","sticky":false,"template":"","format":"standard","meta":{"footnotes":"","_share_on_mastodon":"0"},"categories":[5],"tags":[36650,32,33,23468,31,23470,23469,36,37,27,34,35,25,904,1378,19393,2732,41,40,38,39,26,28,29,30],"class_list":["post-284098","post","type-post","status-publish","format-standard","has-post-thumbnail","category-titluri","tag-adevarul-a","tag-breaking-news","tag-breakingnews","tag-casa-de-pensii","tag-cele-mai-populare-subiecte","tag-digi24a","tag-eveniment","tag-featured-news","tag-featurednews","tag-headlines","tag-latest-news","tag-latestnews","tag-news","tag-pensie","tag-pensii","tag-pensii-militare","tag-pensionari","tag-ro","tag-romana","tag-romania","tag-romanian","tag-stiri","tag-titluri","tag-top-stories","tag-topstories"],"share_on_mastodon":{"url":"https:\/\/pubeurope.com\/@ro\/117199476772191522","error":""},"_links":{"self":[{"href":"https:\/\/www.europesays.com\/ro\/wp-json\/wp\/v2\/posts\/284098","targetHints":{"allow":["GET"]}}],"collection":[{"href":"https:\/\/www.europesays.com\/ro\/wp-json\/wp\/v2\/posts"}],"about":[{"href":"https:\/\/www.europesays.com\/ro\/wp-json\/wp\/v2\/types\/post"}],"author":[{"embeddable":true,"href":"https:\/\/www.europesays.com\/ro\/wp-json\/wp\/v2\/users\/2"}],"replies":[{"embeddable":true,"href":"https:\/\/www.europesays.com\/ro\/wp-json\/wp\/v2\/comments?post=284098"}],"version-history":[{"count":0,"href":"https:\/\/www.europesays.com\/ro\/wp-json\/wp\/v2\/posts\/284098\/revisions"}],"wp:featuredmedia":[{"embeddable":true,"href":"https:\/\/www.europesays.com\/ro\/wp-json\/wp\/v2\/media\/284099"}],"wp:attachment":[{"href":"https:\/\/www.europesays.com\/ro\/wp-json\/wp\/v2\/media?parent=284098"}],"wp:term":[{"taxonomy":"category","embeddable":true,"href":"https:\/\/www.europesays.com\/ro\/wp-json\/wp\/v2\/categories?post=284098"},{"taxonomy":"post_tag","embeddable":true,"href":"https:\/\/www.europesays.com\/ro\/wp-json\/wp\/v2\/tags?post=284098"}],"curies":[{"name":"wp","href":"https:\/\/api.w.org\/{rel}","templated":true}]}}