{"id":284142,"date":"2026-09-02T04:50:12","date_gmt":"2026-09-02T04:50:12","guid":{"rendered":"https:\/\/www.europesays.com\/ro\/284142\/"},"modified":"2026-09-02T04:50:12","modified_gmt":"2026-09-02T04:50:12","slug":"razvan-lucescu-l-a-invins-pe-florinel-coman-si-s-a-calificat-in-finala-cupei-qatarului","status":"publish","type":"post","link":"https:\/\/www.europesays.com\/ro\/284142\/","title":{"rendered":"R\u0103zvan Lucescu l-a \u00eenvins pe Florinel Coman \u0219i s-a calificat \u00een finala Cupei Qatarului!"},"content":{"rendered":"<p>\t    <img loading=\"lazy\" decoding=\"async\" class=\"mg-x-auto\" width=\"30\" height=\"30\" src=\"https:\/\/www.europesays.com\/ro\/wp-content\/uploads\/2026\/09\/1788324611_591_google-g.png\" alt=\"\"\/><\/p>\n<p id=\"p-0\">R\u0103zvan Lucescu a ie\u0219it \u00eenving\u0103tor din duelul rom\u00e2nilor \u0219i s-a calificat \u00een finala Cupei Qatarului.<\/p>\n<p id=\"p-1\">Al Sadd a avut un meci greu cu Al Gharafa, echip\u0103 la care evolueaz\u0103 Florinel Coman, \u00een semifinalele Qatar Cup. \u00cen cele din urm\u0103, echipa antrenat\u0103 de R\u0103zvan Lucescu s-a impus cu 2-1 \u0219i se va lupta pentru primul trofeu de la venirea \u00een Qatar.<\/p>\n<p>Victorie uria\u0219\u0103 pentru R\u0103zvan Lucescu \u00een confruntarea cu Florinel Coman<\/p>\n<p id=\"p-2\">A fost o semifinal\u0103 destul de echilibrat\u0103 \u00eentre Al Sadd \u0219i Al Gharafa. Echipa lui R\u0103zvan Lucescu a reu\u0219it, totu\u0219i, s\u0103 decid\u0103 soarta meciului din prima parte a jocului.<\/p>\n<p>                <a href=\"https:\/\/www.prosport.ro\/poze\/razvan-lucescu-victorie-meci-florinel-coman-20515681\" rel=\"nofollow noopener\" target=\"_blank\">&#13;<br \/>\n                                            <img decoding=\"async\" loading=\"lazy\" fetchpriority=\"low\" src=\"https:\/\/www.europesays.com\/ro\/wp-content\/uploads\/2026\/09\/https:\/\/www.prosport.ro\/wp-content\/uploads\/2026\/08\/razvan-lucescu-debut-al-sadd.jpg\" width=\"458\" height=\"305\"\/>&#13;<br \/>\n                                    <\/a><\/p>\n<p>                <a href=\"https:\/\/www.prosport.ro\/poze\/razvan-lucescu-victorie-meci-florinel-coman-20515681\" rel=\"nofollow noopener\" target=\"_blank\">&#13;<br \/>\n                                            <img decoding=\"async\" loading=\"lazy\" fetchpriority=\"low\" src=\"https:\/\/www.europesays.com\/ro\/wp-content\/uploads\/2026\/09\/https:\/\/www.prosport.ro\/wp-content\/uploads\/2026\/08\/arabii-s-au-convins-cu-razvan-lucescu.webp\" width=\"227\" height=\"151\"\/>&#13;<br \/>\n                                    <\/a><\/p>\n<p id=\"p-3\">Frank Magri a deschis scorul, dar Hashim Ali a egalat rapid cu un \u0219ut de la marginea careului. Cu c\u00e2teva minute \u00eenainte de pauz\u0103, Mohammad Manai a avut o execu\u021bie superb\u0103 cu c\u0103lc\u00e2iul \u0219i a bifat golul victoriei.<\/p>\n<p id=\"p-4\">Pe parcursul jocului a intrat pe teren \u0219i Florinel Coman. A fost aproape de a restabili egalitatea cu un \u0219ut din lovitur\u0103 liber\u0103.<\/p>\n<p id=\"p-5\">Cele dou\u0103 forma\u021bii se vor duela din nou peste doar patru zile, astfel c\u0103 Florinel Coman va avea \u0219ansa s\u0103 \u00ee\u0219i ia revan\u0219a \u00een fa\u021ba lui R\u0103zvan Lucescu.<\/p>\n<p>R\u0103splat\u0103 pentru victoria din aceast\u0103 sear\u0103: \u201eVreau s\u0103 ave\u021bi mintea limpede\u201d<\/p>\n<p id=\"p-6\">Munca elevilor lui R\u0103zvan Lucescu nu a r\u0103mas ner\u0103spl\u0103tit\u0103. Tehnicianul i-a anun\u021bat imediat dup\u0103 meci c\u0103 au o zi liber\u0103 pentru a putea fi ap\u021bi de joc \u00een weekend.<\/p>\n<p id=\"p-7\">\u201e\u00cen program nu era o zi liber\u0103 m\u00e2ine, dar pentru c\u0103 a fost un meci greu \u0219i a\u021bi luptat mult, a\u021bi dat mult, vreau s\u0103 ave\u021bi mintea limpede.<\/p>\n<p id=\"p-8\">A\u0219adar, ve\u021bi avea o zi liber\u0103 m\u00e2ine \u0219i antrenament joi. Dar, vreau ca joi c\u00e2nd veni\u021bi, s\u0103 fi\u021bi preg\u0103ti\u021bi pentru un r\u0103zboi. S\u00e2mb\u0103t\u0103, va fi un r\u0103zboi contra lor, nu vor accepta u\u0219or aceast\u0103 \u00eenfr\u00e2ngere. Elibera\u021bi-v\u0103 mintea, bucura\u021bi-v\u0103, merita\u021bi, a\u021bi muncit mult, a\u021bi luptat \u0219i a\u021bi alergat \u0219i merita\u021bi aceast\u0103 zi liber\u0103\u201d, le-a transmis Lucescu jr. fotbali\u0219tilor s\u0103i \u00een vestiar.<\/p>\n<blockquote class=\"twitter-tweet\" data-media-max-width=\"560\">\n<p dir=\"ltr\" lang=\"en\" id=\"p-9\">The Boss \ud83d\udcac<a href=\"https:\/\/x.com\/hashtag\/AlSadd?src=hash&amp;ref_src=twsrc%5Etfw\" rel=\"nofollow\">#AlSadd<\/a> | <a href=\"https:\/\/x.com\/hashtag\/%D8%A7%D9%84%D8%B3%D8%AF?src=hash&amp;ref_src=twsrc%5Etfw\" rel=\"nofollow\">#\u0627\u0644\u0633\u062f<\/a> <a href=\"https:\/\/t.co\/jJZvmzCXkv\" rel=\"nofollow\">pic.twitter.com\/jJZvmzCXkv<\/a><\/p>\n<p id=\"p-10\">\u2014 \ud83c\udfc6 #83 Al Sadd SC | \u0646\u0627\u062f\u064a \u0627\u0644\u0633\u062f (@AlsaddSC) <a href=\"https:\/\/x.com\/AlsaddSC\/status\/2094858109303005365?ref_src=twsrc%5Etfw\" rel=\"nofollow\">September 1, 2026<\/a><\/p>\n<\/blockquote>\n<p id=\"p-12\">R\u0103zvan Lucescu a plecat \u00een aceast\u0103 var\u0103 de la PAOK. A semnat un contract valabil pe dou\u0103 sezoane cu Al Sadd, forma\u021bie cu mari preten\u021bii la titlu.<\/p>\n<p id=\"p-13\">A ob\u021binut un trofeu simbolic dup\u0103 succesul cu algerienii de la MC Alger \u00een Ahrar Cup. La noua sa echip\u0103 are un salariu de peste 3.5 milioane de euro. A mai antrenat la FC Bra\u0219ov, Rapid, na\u021bionala Rom\u00e2niei, El-Jaish, Petrolul, Skoda Xanthi, Al-Hilal \u0219i PAOK.<\/p>\n<p>                                                            <script async src=\"https:\/\/platform.twitter.com\/widgets.js\" charset=\"utf-8\"><\/script><\/p>\n","protected":false},"excerpt":{"rendered":"R\u0103zvan Lucescu a ie\u0219it \u00eenving\u0103tor din duelul rom\u00e2nilor \u0219i s-a calificat \u00een finala Cupei Qatarului. Al Sadd a&hellip;\n","protected":false},"author":2,"featured_media":284143,"comment_status":"","ping_status":"","sticky":false,"template":"","format":"standard","meta":{"footnotes":"","_share_on_mastodon":"0"},"categories":[20],"tags":[672,2466,41,40,38,39,185,184],"class_list":["post-284142","post","type-post","status-publish","format-standard","has-post-thumbnail","category-sport","tag-florinel-coman","tag-razvan-lucescu","tag-ro","tag-romana","tag-romania","tag-romanian","tag-sport","tag-sports"],"share_on_mastodon":{"url":"https:\/\/pubeurope.com\/@ro\/117199649702538567","error":""},"_links":{"self":[{"href":"https:\/\/www.europesays.com\/ro\/wp-json\/wp\/v2\/posts\/284142","targetHints":{"allow":["GET"]}}],"collection":[{"href":"https:\/\/www.europesays.com\/ro\/wp-json\/wp\/v2\/posts"}],"about":[{"href":"https:\/\/www.europesays.com\/ro\/wp-json\/wp\/v2\/types\/post"}],"author":[{"embeddable":true,"href":"https:\/\/www.europesays.com\/ro\/wp-json\/wp\/v2\/users\/2"}],"replies":[{"embeddable":true,"href":"https:\/\/www.europesays.com\/ro\/wp-json\/wp\/v2\/comments?post=284142"}],"version-history":[{"count":0,"href":"https:\/\/www.europesays.com\/ro\/wp-json\/wp\/v2\/posts\/284142\/revisions"}],"wp:featuredmedia":[{"embeddable":true,"href":"https:\/\/www.europesays.com\/ro\/wp-json\/wp\/v2\/media\/284143"}],"wp:attachment":[{"href":"https:\/\/www.europesays.com\/ro\/wp-json\/wp\/v2\/media?parent=284142"}],"wp:term":[{"taxonomy":"category","embeddable":true,"href":"https:\/\/www.europesays.com\/ro\/wp-json\/wp\/v2\/categories?post=284142"},{"taxonomy":"post_tag","embeddable":true,"href":"https:\/\/www.europesays.com\/ro\/wp-json\/wp\/v2\/tags?post=284142"}],"curies":[{"name":"wp","href":"https:\/\/api.w.org\/{rel}","templated":true}]}}