{"id":284196,"date":"2026-09-02T05:39:10","date_gmt":"2026-09-02T05:39:10","guid":{"rendered":"https:\/\/www.europesays.com\/ro\/284196\/"},"modified":"2026-09-02T05:39:10","modified_gmt":"2026-09-02T05:39:10","slug":"manchester-city-egaleaza-recordul-suma-fabuloasa-platita-lui-chelsea-pentru-transferul-lui-enzo-fernandez","status":"publish","type":"post","link":"https:\/\/www.europesays.com\/ro\/284196\/","title":{"rendered":"Manchester City egaleaz\u0103 recordul! Suma fabuloas\u0103 pl\u0103tit\u0103 lui Chelsea pentru\u00a0transferul lui Enzo Fernandez"},"content":{"rendered":"<ul class=\"bullets\">&#13;<\/p>\n<li>Manchester City a ajuns la un acord cu Chelsea pentru transferul lui Enzo Fernandez (25 de ani), \u00een schimbul sumei record de 145 de milioane de euro.<\/li>\n<p>&#13;\n<\/ul>\n<p><a id=\"google-source-button\" class=\"google-favorite\" target=\"_blank\" href=\"https:\/\/www.google.com\/preferences\/source?q=golazo.ro\" rel=\"nofollow noopener\"><\/p>\n<p>        <img loading=\"lazy\" decoding=\"async\" src=\"https:\/\/golazo.ro\/images\/google-logo.svg\" alt=\"\" width=\"24\" height=\"24\"\/><br \/>\n        <img loading=\"lazy\" decoding=\"async\" src=\"https:\/\/golazo.ro\/images\/check-icon-2.svg\" alt=\"\" width=\"24\" height=\"24\"\/><\/p>\n<p>    Adaug\u0103 GOLAZO.ro la favorite<\/p>\n<p><\/a><\/p>\n<p class=\"\">Perioada de mercato din cele mai importante cinci campionate ale Europei <a target=\"_blank\" href=\"https:\/\/golazo.ro\/transferuri-deadline-day-top-5-europa-gabriel-jesus-enzo-fernandez-185064\" rel=\"nofollow noopener\">se \u00eencheie \u00een aceast\u0103 noapte<\/a>, iar \u201ecet\u0103\u021benii\u201d au reu\u0219it s\u0103 dea o adev\u0103rat\u0103 lovitur\u0103 pe pia\u021ba transferurilor.<\/p>\n<p>Enzo Fernandez semneaz\u0103 cu Manchester City! 145 de milioane de euro pentru starul lui Chelsea<\/p>\n<p class=\"\">Dup\u0103 mai multe runde de negocieri, City \u0219i Chelsea au b\u0103tut \u00een cele din urm\u0103 palma pentru transferul lui Enzo Fernandez pe Etihad, cu doar c\u00e2teva ore \u00eenainte de finalul \u201eDeadline Day\u201d.<\/p>\n<p class=\"\">Fosta campioan\u0103 din Premier League le va pl\u0103ti londonezilor 145 de milioane de euro pentru starul argentinian, potrivit <a target=\"_blank\" href=\"https:\/\/www.skysports.com\/football\/news\/12040\/13579667\/enzo-fernandez-transfer-news-manchester-city-agree-125m-deal-to-sign-chelsea-midfielder-on-deadline-day\" data-type=\"link\" data-id=\"https:\/\/www.skysports.com\/football\/news\/12040\/13579667\/enzo-fernandez-transfer-news-manchester-city-agree-125m-deal-to-sign-chelsea-midfielder-on-deadline-day\" rel=\"nofollow noopener\">skysports.com.<\/a><\/p>\n<p class=\"\">Suma este egal\u0103 cu recordul de transfer din Premier League stabilit atunci c\u00e2nd Liverpool l-a achizi\u021bionat pe atacantul suedez Alexander Isak de la Newcastle United \u00een urm\u0103 cu un an.<\/p>\n<p class=\"\">Chelsea se va alege cu un profit de 24 de milioane de euro. Forma\u021bia de pe Stamford Bridge le pl\u0103tea 121 de milioane de euro celor de la Benfica \u00een iarna lui 2023.<\/p>\n<p>100.000.000 de euro<\/p>\n<p>este cota de pia\u021b\u0103 a lui Enzo Fernandez, potrivit Transfermarkt<\/p>\n<p class=\"\">Argentinianul, care mai avea contract cu Chelsea p\u00e2n\u0103 \u00een 2032, se va reuni la City cu Enzo Maresca, fostul s\u0103u antrenor de la gruparea londonez\u0103.<\/p>\n<p class=\"\">Fernandez urmeaz\u0103 s\u0103 efectueze vizita medical\u0103 \u00een urm\u0103toarele ore \u0219i s\u0103 fie prezentat oficial pe Etihad.<\/p>\n<blockquote class=\"twitter-tweet\">\n<p lang=\"en\" dir=\"ltr\">\ud83d\udea8\ud83d\udca3 BREAKING: Enzo Fern\u00e1ndez to Manchester City, HERE WE GO! \ud83c\udde6\ud83c\uddf7<\/p>\n<p>Deal in place for fee over \u00a3125m after a long negotiation as Chelsea approved the sale.<\/p>\n<p>Enzo only wanted Manchester City and he\u2019s now set for medical at <a href=\"https:\/\/x.com\/hashtag\/MCFC?src=hash&amp;ref_src=twsrc%5Etfw\" rel=\"nofollow\">#MCFC<\/a>. <a href=\"https:\/\/t.co\/R8rGpD24rc\" rel=\"nofollow\">pic.twitter.com\/R8rGpD24rc<\/a><\/p>\n<p>\u2014 Fabrizio Romano (@FabrizioRomano) <a href=\"https:\/\/x.com\/FabrizioRomano\/status\/2094814268042453369?ref_src=twsrc%5Etfw\" rel=\"nofollow\">September 1, 2026<\/a><\/p><\/blockquote>\n<p class=\"\">Enzo va reprezenta al treilea transfer al \u201ecet\u0103\u021benilor\u201d pentru compartimentul median \u00een aceast\u0103 var\u0103, dup\u0103 <a target=\"_blank\" href=\"https:\/\/golazo.ro\/manchester-city-elliot-anderson-nottingham-forest-transfer-178885\" data-type=\"link\" data-id=\"https:\/\/golazo.ro\/manchester-city-elliot-anderson-nottingham-forest-transfer-178885\" rel=\"nofollow noopener\">Elliot Anderson<\/a> (23 de ani) \u0219i <a target=\"_blank\" href=\"https:\/\/golazo.ro\/ayyoub-bouaddi-manchester-city-premier-league-anglia-184456\" data-type=\"link\" data-id=\"https:\/\/golazo.ro\/ayyoub-bouaddi-manchester-city-premier-league-anglia-184456\" rel=\"nofollow noopener\">Ayyoub Bouaddi<\/a> (18 ani).<\/p>\n<p>Chelsea caut\u0103 deja un \u00eenlocuitor<\/p>\n<p class=\"\">Forma\u021bia antrenat\u0103 de Xabi Alonso lucreaz\u0103 pentru a aduce un \u00eenlocuitor pentru interna\u021bionalul argentinian. <\/p>\n<p class=\"\">Ini\u021bial, Chelsea l-a dorit pe Manu Kone, de la AS Roma, \u00eens\u0103 forma\u021bia din Serie A nu dore\u0219te s\u0103 se despart\u0103 de starul s\u0103u. Ulterior, londonezii \u0219i-au \u00eendreptat aten\u021bia spre Lamine Camara de la AS Monaco.<\/p>\n<p class=\"\">Gruparea de pe Stamford Bridge a f\u0103cut o ofert\u0103 de 50 de milioane de euro, \u00eens\u0103 aceasta a fost refuzat\u0103 de oficialii forma\u021biei din Principat.<\/p>\n<blockquote class=\"twitter-tweet\">\n<p lang=\"en\" dir=\"ltr\">\ud83d\udea8 AS Monaco have rejected Chelsea\u2019s second offer for Lamine Camara \u2014 \u20ac50m. <a href=\"https:\/\/x.com\/RMCsport?ref_src=twsrc%5Etfw\" rel=\"nofollow\">@RMCsport<\/a> <\/p>\n<p>\u2757\ufe0fMonaco do not seem willing to sell the midfielder at this stage.<\/p>\n<p>Enzo Fern\u00e1ndez, meanwhile, is set to leave Chelsea for Manchester City for \u20ac145m including add-ons <a href=\"https:\/\/t.co\/rLEB1ajE54\" rel=\"nofollow\">pic.twitter.com\/rLEB1ajE54<\/a><\/p>\n<p>\u2014 Fabrice Hawkins (@FabriceHawkins) <a href=\"https:\/\/x.com\/FabriceHawkins\/status\/2094820931298287758?ref_src=twsrc%5Etfw\" rel=\"nofollow\">September 1, 2026<\/a><\/p><\/blockquote>\n<p class=\"\">Perioada de mercat\u0103 \u00een Anglia se va \u00eencheia la ora 23:00 (1:00, ora Rom\u00e2niei), cluburile pot depune documentele aferente transferurilor pentru a beneficia de \u00eenc\u0103 dou\u0103 ore suplimentare \u00een vederea finaliz\u0103rii mut\u0103rilor \u0219i dup\u0103 expirarea termenului-limit\u0103.<\/p>\n<p>Cite\u0219te \u0219i<\/p>\n<p>VIDEO: cele mai noi imagini din sport<\/p>\n<p><script async src=\"https:\/\/platform.twitter.com\/widgets.js\" charset=\"utf-8\"><\/script><\/p>\n","protected":false},"excerpt":{"rendered":"&#13; Manchester City a ajuns la un acord cu Chelsea pentru transferul lui Enzo Fernandez (25 de ani),&hellip;\n","protected":false},"author":2,"featured_media":284197,"comment_status":"","ping_status":"","sticky":false,"template":"","format":"standard","meta":{"footnotes":"","_share_on_mastodon":"0"},"categories":[20],"tags":[4451,30678,1641,1642,41,40,38,39,185,184,379],"class_list":["post-284196","post","type-post","status-publish","format-standard","has-post-thumbnail","category-sport","tag-chelsea","tag-enzo-fernandez","tag-manchester-city","tag-premier-league","tag-ro","tag-romana","tag-romania","tag-romanian","tag-sport","tag-sports","tag-transfer"],"share_on_mastodon":{"url":"https:\/\/pubeurope.com\/@ro\/117199842185265876","error":""},"_links":{"self":[{"href":"https:\/\/www.europesays.com\/ro\/wp-json\/wp\/v2\/posts\/284196","targetHints":{"allow":["GET"]}}],"collection":[{"href":"https:\/\/www.europesays.com\/ro\/wp-json\/wp\/v2\/posts"}],"about":[{"href":"https:\/\/www.europesays.com\/ro\/wp-json\/wp\/v2\/types\/post"}],"author":[{"embeddable":true,"href":"https:\/\/www.europesays.com\/ro\/wp-json\/wp\/v2\/users\/2"}],"replies":[{"embeddable":true,"href":"https:\/\/www.europesays.com\/ro\/wp-json\/wp\/v2\/comments?post=284196"}],"version-history":[{"count":0,"href":"https:\/\/www.europesays.com\/ro\/wp-json\/wp\/v2\/posts\/284196\/revisions"}],"wp:featuredmedia":[{"embeddable":true,"href":"https:\/\/www.europesays.com\/ro\/wp-json\/wp\/v2\/media\/284197"}],"wp:attachment":[{"href":"https:\/\/www.europesays.com\/ro\/wp-json\/wp\/v2\/media?parent=284196"}],"wp:term":[{"taxonomy":"category","embeddable":true,"href":"https:\/\/www.europesays.com\/ro\/wp-json\/wp\/v2\/categories?post=284196"},{"taxonomy":"post_tag","embeddable":true,"href":"https:\/\/www.europesays.com\/ro\/wp-json\/wp\/v2\/tags?post=284196"}],"curies":[{"name":"wp","href":"https:\/\/api.w.org\/{rel}","templated":true}]}}