{"id":284220,"date":"2026-09-02T06:00:16","date_gmt":"2026-09-02T06:00:16","guid":{"rendered":"https:\/\/www.europesays.com\/ro\/284220\/"},"modified":"2026-09-02T06:00:16","modified_gmt":"2026-09-02T06:00:16","slug":"antonio-rudiger-se-retrage-de-la-nationala-germaniei-motivul-deciziei-surprinzatoare","status":"publish","type":"post","link":"https:\/\/www.europesays.com\/ro\/284220\/","title":{"rendered":"Antonio Rudiger se retrage de la na\u021bionala Germaniei! Motivul deciziei surprinz\u0103toare"},"content":{"rendered":"<p>\t    <img loading=\"lazy\" decoding=\"async\" class=\"mg-x-auto\" width=\"30\" height=\"30\" src=\"https:\/\/www.europesays.com\/ro\/wp-content\/uploads\/2026\/09\/1788328814_577_google-g.png\" alt=\"\"\/><\/p>\n<p id=\"p-0\">Antonio Rudiger a urmat exemplul lui Leo Messi \u0219i \u0219i-a anun\u021bat retragerea de la na\u021bional\u0103, dar motivul e unui surprinz\u0103tor.<\/p>\n<p id=\"p-1\">La 33 de ani, funda\u0219ul central a decis s\u0103 lase loc unui alt juc\u0103tor la na\u021bionala Germaniei. A luat aceast\u0103 decizie dup\u0103 ce a bifat toate cele patru meciuri la Cupa Mondial\u0103 sub comanda lui Julian Nagelsmann.<\/p>\n<p>Antonio Rudiger nu va mai evolua pentru na\u021bionala Germaniei dup\u0103 12 ani<\/p>\n<p id=\"p-2\">Funda\u0219ul german \u0219i-a prelungit \u00een\u021belegerea cu Real Madrid pentru \u00eenc\u0103 un sezon. Venirea lui Jose Mourinho l-a motivat \u0219i mai mult s\u0103 dea tot ce poate pentru echipa sa de club, astfel c\u0103 a decis s\u0103 nu se mai al\u0103ture \u0219i na\u021bionalei pentru care a jucat timp de 12 ani.<\/p>\n<p id=\"p-3\">Debutul s\u0103u \u00een tricoul Mannschaft-ului a avut loc \u00eentr-un amical cu Polonia, \u00een 2014. A str\u00e2ns 86 de selec\u021bii \u0219i \u0219i-a trecut numele de trei ori pe lista marcatorilor.<\/p>\n<p>                <a href=\"https:\/\/www.prosport.ro\/poze\/antonio-rudiger-retragere-nationala-germaniei-20515560\" rel=\"nofollow noopener\" target=\"_blank\">&#13;<br \/>\n                                            <img decoding=\"async\" loading=\"lazy\" fetchpriority=\"low\" src=\"https:\/\/www.europesays.com\/ro\/wp-content\/uploads\/2026\/09\/https:\/\/www.prosport.ro\/wp-content\/uploads\/2026\/09\/profimedia-1113575633.jpg\" width=\"458\" height=\"305\"\/>&#13;<br \/>\n                                    <\/a><\/p>\n<p>                <a href=\"https:\/\/www.prosport.ro\/poze\/antonio-rudiger-retragere-nationala-germaniei-20515560\" rel=\"nofollow noopener\" target=\"_blank\">&#13;<br \/>\n                                            <img decoding=\"async\" loading=\"lazy\" fetchpriority=\"low\" src=\"https:\/\/www.europesays.com\/ro\/wp-content\/uploads\/2026\/09\/https:\/\/www.prosport.ro\/wp-content\/uploads\/2026\/09\/8029172-heptamediafaxfoto-dpahepta-scaled.jpg\" width=\"227\" height=\"151\"\/>&#13;<br \/>\n                                    <\/a><\/p>\n<p>Anun\u021bul f\u0103cut de funda\u0219 pe re\u021belele sociale: \u201eA sosit momentul\u201d<\/p>\n<p id=\"p-4\">Fotbalistul s-a g\u00e2ndit mult \u0219i a fost nevoit s\u0103 ia o decizie foarte dificil\u0103. A anun\u021bat c\u0103 a venit momentul s\u0103 fac\u0103 loc noii genera\u021bii de juc\u0103tori germani. Le-a mul\u021bumit pentru tot colegilor, staff-ului, dar \u0219i fanilor nem\u021bi.<\/p>\n<p id=\"p-5\">\u201eDup\u0103 o perioad\u0103 de g\u00e2ndire, a sosit momentul s\u0103-mi \u00eenchei cariera \u00een echipa na\u021bional\u0103 \u0219i s\u0103 eliberez calea pentru t\u00e2n\u0103ra genera\u021bie. C\u00e2nd am \u00eembr\u0103cat pentru prima dat\u0103 tricoul DFB \u00een 2014, nu mi-a\u0219 fi putut imagina nici \u00een cele mai nebune\u0219ti visuri c\u0103 totul se va l\u0103sa, \u00een final, cu 86 de meciuri interna\u021bionale.<\/p>\n<p id=\"p-6\">Chiar dac\u0103 marele titlu a lipsit la ultimele turnee \u0219i a trebuit s\u0103 accept\u0103m c\u00e2teva \u00eenfr\u00e2ngeri dureroase, aceast\u0103 perioad\u0103 a fost pentru mine un capitol extrem de special, care m\u0103 va marca pentru totdeauna.<\/p>\n<p id=\"p-7\">Un uria\u0219 mul\u021bumesc merge c\u0103tre: Colegii mei de echip\u0103: Pentru fiecare duel direct purtat \u00eempreun\u0103 \u0219i pentru solidaritatea din vestiar \u0219i din cantonament \u2013 \u0219i, mai presus de toate, pentru prieteniile care vor r\u0103m\u00e2ne mult dincolo de fotbal.<\/p>\n<p id=\"p-8\">\u00centregul staff tehnic \u0219i administrativ: V\u0103 mul\u021bumesc pentru anii de \u00eencredere \u0219i pentru munca din spatele culiselor. Un mul\u021bumesc special merge c\u0103tre Jogi L\u00f6w, Hansi Flick \u0219i Julian Nagelsmann, care m-au \u00eenso\u021bit \u0219i m-au ghidat \u00een c\u0103l\u0103toria mea la DFB. Dar \u0219i c\u0103tre mentorul meu de la na\u021bionala de tineret, Horst Hrubesch.<br \/>\u0218i, bine\u00een\u021beles, vou\u0103, fanilor: V\u0103 mul\u021bumesc pentru sus\u021binere \u2013 \u00een special pentru atmosfera unic\u0103 de la Campionatul European de acas\u0103 din 2024.<\/p>\n<p id=\"p-9\">Pentru mine \u00eencepe acum un nou capitol, \u00een care m\u0103 voi concentra \u00een totalitate pe echipa mea de club. V\u0103 mul\u021bumesc pentru aceast\u0103 c\u0103l\u0103torie \u00eempreun\u0103. Al vostru, Toni\u201d, este comunicatul emis de Rudiger.<\/p>\n<p id=\"p-10\">Cite\u0219te <a style=\"color: #0000ff;\" href=\"https:\/\/www.prosport.ro\/fotbal-extern\/leo-messi-retragare-anuntul-momentului-nationala-argentina-20514817\" rel=\"nofollow noopener\" target=\"_blank\">aici \u0219i detalii despre retragerea lui Leo Messi<\/a> de la na\u021bionala Argentinei.<\/p>\n","protected":false},"excerpt":{"rendered":"Antonio Rudiger a urmat exemplul lui Leo Messi \u0219i \u0219i-a anun\u021bat retragerea de la na\u021bional\u0103, dar motivul e&hellip;\n","protected":false},"author":2,"featured_media":284221,"comment_status":"","ping_status":"","sticky":false,"template":"","format":"standard","meta":{"footnotes":"","_share_on_mastodon":"0"},"categories":[20],"tags":[17013,1617,41,40,38,39,185,184],"class_list":["post-284220","post","type-post","status-publish","format-standard","has-post-thumbnail","category-sport","tag-antonio-rudiger","tag-retragere-nationala","tag-ro","tag-romana","tag-romania","tag-romanian","tag-sport","tag-sports"],"share_on_mastodon":{"url":"https:\/\/pubeurope.com\/@ro\/117199924820947116","error":""},"_links":{"self":[{"href":"https:\/\/www.europesays.com\/ro\/wp-json\/wp\/v2\/posts\/284220","targetHints":{"allow":["GET"]}}],"collection":[{"href":"https:\/\/www.europesays.com\/ro\/wp-json\/wp\/v2\/posts"}],"about":[{"href":"https:\/\/www.europesays.com\/ro\/wp-json\/wp\/v2\/types\/post"}],"author":[{"embeddable":true,"href":"https:\/\/www.europesays.com\/ro\/wp-json\/wp\/v2\/users\/2"}],"replies":[{"embeddable":true,"href":"https:\/\/www.europesays.com\/ro\/wp-json\/wp\/v2\/comments?post=284220"}],"version-history":[{"count":0,"href":"https:\/\/www.europesays.com\/ro\/wp-json\/wp\/v2\/posts\/284220\/revisions"}],"wp:featuredmedia":[{"embeddable":true,"href":"https:\/\/www.europesays.com\/ro\/wp-json\/wp\/v2\/media\/284221"}],"wp:attachment":[{"href":"https:\/\/www.europesays.com\/ro\/wp-json\/wp\/v2\/media?parent=284220"}],"wp:term":[{"taxonomy":"category","embeddable":true,"href":"https:\/\/www.europesays.com\/ro\/wp-json\/wp\/v2\/categories?post=284220"},{"taxonomy":"post_tag","embeddable":true,"href":"https:\/\/www.europesays.com\/ro\/wp-json\/wp\/v2\/tags?post=284220"}],"curies":[{"name":"wp","href":"https:\/\/api.w.org\/{rel}","templated":true}]}}