{"id":284230,"date":"2026-09-02T06:07:19","date_gmt":"2026-09-02T06:07:19","guid":{"rendered":"https:\/\/www.europesays.com\/ro\/284230\/"},"modified":"2026-09-02T06:07:19","modified_gmt":"2026-09-02T06:07:19","slug":"probleme-mari-la-fcsb-baciu-are-la-dispozitie-doar-15-jucatori-de-camp-pentru-meciul-cu-fc-arges-care-e-starea-accidentatilor","status":"publish","type":"post","link":"https:\/\/www.europesays.com\/ro\/284230\/","title":{"rendered":"Probleme mari la FCSB. Baciu are la dispozi\u021bie doar 15 juc\u0103tori de c\u00e2mp pentru meciul cu FC Arge\u0219! Care e starea accidenta\u021bilor"},"content":{"rendered":"<ul class=\"bullets\">&#13;<\/p>\n<li>Marius Baciu (51 de ani), antrenorul celor de la FCSB, are probleme serioase de lot \u00eenaintea meciului cu FC Arge\u0219 din Cupa Rom\u00e2niei.<\/li>\n<p>&#13;<br \/>\n&#13;<\/p>\n<li>Meciul va avea loc m\u00e2ine, de la 21:30, \u00een Grupa C. Partida va fi liveSCORE pe GOLAZO.ro \u0219i \u00een direct pe Digi Sport 1 \u0219i Prima Sport 1.<\/li>\n<p>&#13;\n<\/ul>\n<p><a id=\"google-source-button\" class=\"google-favorite\" target=\"_blank\" href=\"https:\/\/www.google.com\/preferences\/source?q=golazo.ro\" rel=\"nofollow noopener\"><\/p>\n<p>        <img loading=\"lazy\" decoding=\"async\" src=\"https:\/\/golazo.ro\/images\/google-logo.svg\" alt=\"\" width=\"24\" height=\"24\"\/><br \/>\n        <img loading=\"lazy\" decoding=\"async\" src=\"https:\/\/golazo.ro\/images\/check-icon-2.svg\" alt=\"\" width=\"24\" height=\"24\"\/><\/p>\n<p>    Adaug\u0103 GOLAZO.ro la favorite<\/p>\n<p><\/a><\/p>\n<p class=\"\">La antrenamentul de mar\u021bi, tehnicianul a avut la dispozi\u021bie doar 15 juc\u0103tori de c\u00e2mp, cu c\u00e2teva zile \u00eenaintea derby-ului cu Dinamo, programat pe 5 septembrie, dup\u0103 meciul din Cupa Rom\u00e2niei.<\/p>\n<p>FCSB are probleme de lot \u00eenainte de meciul cu FC Arge\u0219<\/p>\n<p class=\"\">La \u0219edin\u021ba de preg\u0103tire au participat David Miculescu, Mihai Toma, Alexandru Stoian, Ronny Labonne, Aymen Boutoutaou, Eddy Gnahore, Joyskim Dawa, Arnold Garita, Ofri Arad, Juri Cisotti, Luca Stancu, Joao Paulo, Ricardo P\u0103durariu \u0219i David Popa.<\/p>\n<p class=\"\">La capitolul portari, Baciu \u00eei are la dispozi\u021bie pe \u0218tefan T\u00e2rnovanu, Matei Popa \u0219i Mihai Udrea.<\/p>\n<p class=\"\">Baciu se va baza pe ace\u0219ti 18 juc\u0103tori la meciul cu FC Arge\u0219 din Cupa Rom\u00e2niei. <\/p>\n<p>    <img decoding=\"async\" src=\"https:\/\/www.europesays.com\/ro\/wp-content\/uploads\/2026\/09\/img-5469.jpeg\" alt=\"FCSB, la antrenamentul dinaintea meciului cu FC Arge\u0219 din Cupa Rom\u00e2niei. Foto: Iosif Popescu \/ GOLAZO.ro\" data-blur=\"https:\/\/www.europesays.com\/ro\/wp-content\/uploads\/2026\/09\/img-5469.jpeg\" width=\"684\" height=\"456\" class=\"blur\" loading=\"lazy\"\/><\/p>\n<p>            <img decoding=\"async\" src=\"https:\/\/www.europesays.com\/ro\/wp-content\/uploads\/2026\/09\/1788329239_886_img-5469.jpeg\" loading=\"lazy\" alt=\"FCSB, la antrenamentul dinaintea meciului cu FC Arge\u0219 din Cupa Rom\u00e2niei. Foto: Iosif Popescu \/ GOLAZO.ro\" width=\"684\" height=\"456\"\/><\/p>\n<p>        Galerie foto (24 imagini)<\/p>\n<p>                    <a href=\"https:\/\/golazo.ro\/fcsb-la-antrenamentul-dinaintea-meciului-cu-fc-arges-din-cupa-romaniei-foto-iosif-popescu-golazoro-185048-g1?articleSource=185045\" class=\"gallery-link\" aria-label=\"Show gallery\" rel=\"nofollow noopener\" target=\"_blank\"><\/p>\n<p>                +24 Foto<br \/>\n            <\/a><\/p>\n<p>    <a href=\"https:\/\/golazo.ro\/fcsb-la-antrenamentul-dinaintea-meciului-cu-fc-arges-din-cupa-romaniei-foto-iosif-popescu-golazoro-185048-g1\/fcsb-la-antrenamentul-dinaintea-meciului-cu-fc-arges-din-cupa-romaniei-foto-iosif-popescu-golazoro-486418?articleSource=185045\" class=\"link\" rel=\"nofollow noopener\" target=\"_blank\">labels.photo-gallery<\/a><\/p>\n<p class=\"\">Dennis Politic \u0219i Dylan Batubinsika au probleme musculare \u0219i vor lipsi<a target=\"_blank\" href=\"https:\/\/golazo.ro\/marius-baciu-fcsb-juri-cisotti-superliga-florin-tanase-fc-arges-185040\" rel=\"nofollow noopener\"> o perioad\u0103 mai lung\u0103.<\/a><\/p>\n<p class=\"\">FCSB \u00eei mai are indisponibili pe Mihai Popescu \u0219i Siyabonga Ngezana, care se confrunt\u0103 cu accident\u0103ri mai vechi.<\/p>\n<p class=\"\">Valentin Cre\u021bu nu a participat la antrenament din cauza unei probleme medicale la spate, Risto Radunovic s-a preg\u0103tit separat de restul lotului, \u00een timp ce Octavian Popescu a lipsit, fiind r\u0103cit.<\/p>\n<p class=\"\">Popescu mai lipsise recent de la un antrenament, din <a target=\"_blank\" href=\"https:\/\/golazo.ro\/octavian-popescu-supsectat-raceala-fcsb-uta-184885\" rel=\"nofollow noopener\">acela\u0219i motiv. <\/a><\/p>\n<p>Cite\u0219te \u0219i<\/p>\n<p>VIDEO: cele mai noi imagini din sport<\/p>\n","protected":false},"excerpt":{"rendered":"&#13; Marius Baciu (51 de ani), antrenorul celor de la FCSB, are probleme serioase de lot \u00eenaintea meciului&hellip;\n","protected":false},"author":2,"featured_media":284231,"comment_status":"","ping_status":"","sticky":false,"template":"","format":"standard","meta":{"footnotes":"","_share_on_mastodon":"0"},"categories":[20],"tags":[4568,62660,78259,49,269,12853,41,40,38,39,185,184],"class_list":["post-284230","post","type-post","status-publish","format-standard","has-post-thumbnail","category-sport","tag-accidentari","tag-baciu","tag-batubinsika","tag-dinamo","tag-fcsb","tag-politic","tag-ro","tag-romana","tag-romania","tag-romanian","tag-sport","tag-sports"],"share_on_mastodon":{"url":"https:\/\/pubeurope.com\/@ro\/117199952189568864","error":""},"_links":{"self":[{"href":"https:\/\/www.europesays.com\/ro\/wp-json\/wp\/v2\/posts\/284230","targetHints":{"allow":["GET"]}}],"collection":[{"href":"https:\/\/www.europesays.com\/ro\/wp-json\/wp\/v2\/posts"}],"about":[{"href":"https:\/\/www.europesays.com\/ro\/wp-json\/wp\/v2\/types\/post"}],"author":[{"embeddable":true,"href":"https:\/\/www.europesays.com\/ro\/wp-json\/wp\/v2\/users\/2"}],"replies":[{"embeddable":true,"href":"https:\/\/www.europesays.com\/ro\/wp-json\/wp\/v2\/comments?post=284230"}],"version-history":[{"count":0,"href":"https:\/\/www.europesays.com\/ro\/wp-json\/wp\/v2\/posts\/284230\/revisions"}],"wp:featuredmedia":[{"embeddable":true,"href":"https:\/\/www.europesays.com\/ro\/wp-json\/wp\/v2\/media\/284231"}],"wp:attachment":[{"href":"https:\/\/www.europesays.com\/ro\/wp-json\/wp\/v2\/media?parent=284230"}],"wp:term":[{"taxonomy":"category","embeddable":true,"href":"https:\/\/www.europesays.com\/ro\/wp-json\/wp\/v2\/categories?post=284230"},{"taxonomy":"post_tag","embeddable":true,"href":"https:\/\/www.europesays.com\/ro\/wp-json\/wp\/v2\/tags?post=284230"}],"curies":[{"name":"wp","href":"https:\/\/api.w.org\/{rel}","templated":true}]}}