{"id":284270,"date":"2026-09-02T06:40:11","date_gmt":"2026-09-02T06:40:11","guid":{"rendered":"https:\/\/www.europesays.com\/ro\/284270\/"},"modified":"2026-09-02T06:40:11","modified_gmt":"2026-09-02T06:40:11","slug":"grindeanu-tomac-sau-nazare-cine-ajunge-premier-dupa-4-luni-de-blocaj","status":"publish","type":"post","link":"https:\/\/www.europesays.com\/ro\/284270\/","title":{"rendered":"Grindeanu, Tomac sau Nazare? Cine ajunge premier dup\u0103 4 luni de blocaj"},"content":{"rendered":"<p>Negocierile pentru formarea unui nou Guvern au ajuns acolo de unde au plecat \u00een urm\u0103 cu c\u00e2teva luni. Pre\u0219edintele Nicu\u0219or Dan \u00eel vrea premier pe Eugen Tomac, liderul PSD, Sorin Grindeanu, este \u00eempins spre aceast\u0103 func\u021bie de nucleul dur al partidului, \u00een timp ce PNL nu ar spune nu unei desemn\u0103ri a actualului ministru al Finan\u021belor, Alexandru Nazare.<\/p>\n<p> <img decoding=\"async\" src=\"https:\/\/www.europesays.com\/ro\/wp-content\/uploads\/2026\/09\/1788331211_694_index.jpeg\" alt=\"Eugen Tomac, Sorin Grindeanu si Alexandru Nazare\" width=\"750\" height=\"750\" loading=\"eager\" fetchpriority=\"high\" class=\"svelte-1kfbksm\"\/> <\/p>\n<p>Eugen Tomac, Sorin Grindeanu si Alexandru Nazare Foto: Adevarul<\/p>\n<p>publicitate&#8221;); background-position: center center; background-repeat: no-repeat;&#8221;&gt;<\/p>\n<p> Politologul George Jigl\u0103u spune c\u0103 social-democra\u021bii au f\u0103cut \u201eo gre\u0219eal\u0103 strategic\u0103 foarte mare\u201d c\u00e2nd au contribuit la c\u0103derea Guvernului Bolojan, dar au ajuns acum, paradoxal, partidul cel mai bine pozi\u021bionat pentru a reveni la guvernare. Miza este dac\u0103 PSD va reu\u0219i s\u0103 transforme aceast\u0103 pozi\u021bie \u00eentr-o majoritate func\u021bional\u0103 sau va ajunge din nou dependent de voturile a\u0219a-zi\u0219ilor \u201esuverani\u0219ti\u201d.<\/p>\n<p><a href=\"https:\/\/adevarul.ro\/politica\/psd-a-decis-cele-doua-variante-acceptate-pentru-2553068.html\" rel=\"nofollow noopener\" target=\"_blank\">Conducerea PSD, reunit\u0103 la Sinaia, a decis s\u0103 mearg\u0103 la consult\u0103rile cu pre\u0219edintele Nicu\u0219or Dan cu dou\u0103 variante.<\/a>\u00a0Prima este un guvern minoritar condus de Sorin Grindeanu. Social-democra\u021bii sus\u021bin c\u0103 au suficiente voturi pentru aceast\u0103 formul\u0103, printr-o combina\u021bie de parlamentari PSD, UDMR, reprezentan\u021bii minorit\u0103\u021bilor na\u021bionale \u0219i voturi din zona \u201esuveranist\u0103\u201d, la care s-ar putea ad\u0103uga parlamentari din gruparea \u201epuci\u0219tilor\u201d din PNL.<\/p>\n<p>A doua variant\u0103 este acceptarea unui premier tehnocrat, dar cu o condi\u021bie esen\u021bial\u0103 pentru PSD. Guvernul trebuie s\u0103 fie unul politic, iar social-democra\u021bii s\u0103 participe la el. \u00cen acest scenariu favorit ar fi, conform informa\u021biilor \u201eAdev\u0103rul\u201d, europarlamentarul Eugen Tomac, consilier onorific al pre\u0219edintelui Nicu\u0219or Dan.<\/p>\n<p>PNL \u0219i USR au anun\u021bat \u00eens\u0103 c\u0103 nu vor vota un executiv din care fac parte mini\u0219tri PSD. \u00cen aceste condi\u021bii, UDMR devine esen\u021bial\u0103 pentru formarea unei majorit\u0103\u021bi, iar rela\u021bia dintre PSD \u0219i parlamentarii din zona \u201esuveranist\u0103\u201d va fi una dintre cele mai sensibile probleme ale negocierilor.<\/p>\n<p>Situa\u021bia este cu at\u00e2t mai complicat\u0103 cu c\u00e2t PSD a fost partidul care a contribuit decisiv la c\u0103derea Guvernului Bolojan. Social-democra\u021bii au plecat din coali\u021bie dup\u0103 luni \u00een care au criticat din interior politicile premierului \u0219i au ajuns s\u0103 voteze mo\u021biunea de cenzur\u0103 al\u0103turi de AUR.<\/p>\n<p> PSD a pierdut o pozi\u021bie confortabil\u0103 <\/p>\n<p>George Jigl\u0103u consider\u0103 c\u0103 PSD avea, \u00eenaintea mo\u021biunii, o pozi\u021bie mult mai avantajoas\u0103 dec\u00e2t cea de acum. Social-democra\u021bii puteau s\u0103 se delimiteze de m\u0103surile nepopulare ale lui Bolojan, \u00een timp ce aveau \u00een continuare acces la resursele \u0219i ministerele importante din Guvern.<\/p>\n<p>publicitate&#8221;); background-position: center center; background-repeat: no-repeat;&#8221;&gt;<\/p>\n<p>\u201ePSD a f\u0103cut o gre\u0219eal\u0103 strategic\u0103 foarte mare prin d\u0103r\u00e2marea guvernului Bolojan. PSD, \u00een acea coali\u021bie de guvernare, a jucat de la bun \u00eenceput rolul \u0103sta de opozi\u021bie \u00een cadrul coali\u021biei, mai ales \u00een anumite momente, c\u00e2nd mai ap\u0103sa pedala opozi\u021biei. \u0218i cred c\u0103 era o opozi\u021bie, din nou, confortabil\u0103, pentru c\u0103 aveau aproape jum\u0103tate din mini\u0219tri, aveau ministere importante, puteau s\u0103 clameze tot felul de mici victorii, sigur, \u00een contextul \u0103sta mai larg de nemul\u021bumire, dar pe care puteau s\u0103 i le atribuie foarte u\u0219or lui Ilie Bolojan \u0219i USR-ului sau, \u00een fine, cum voiau s\u0103-\u0219i formuleze mesajul. \u00cen acela\u0219i timp, aveau ministere importante unde puteau s\u0103-\u0219i proclame propriile rezultate\u201d, a explicat George Jigl\u0103u.<\/p>\n<p>Politologul spune c\u0103 momentul mo\u021biunii a schimbat radical pozi\u021bia partidului. PSD a contribuit la \u00eenl\u0103turarea lui Bolojan, dar nu a reu\u0219it s\u0103 construiasc\u0103 imediat o alternativ\u0103 politic\u0103 solid\u0103. Mai mult, asocierea cu AUR pentru demiterea premierului a r\u0103mas o vulnerabilitate \u00een negocierile ulterioare.<\/p>\n<p>\u201eDin momentul \u00een care au mers \u00een Parlament cu mo\u021biunea de cenzur\u0103, au fost mai multe elemente care au compus acea mare gre\u0219eal\u0103 strategic\u0103 despre care vorbeam eu. Faptul c\u0103 s-au aliat cu AUR, scena aia cu Nea\u0219u \u0219i Peiu, cot la cot, ca s\u0103-l dea jos pe Bolojan, o s\u0103 r\u0103m\u00e2n\u0103 acolo. Spuneam c\u0103 le va fi foarte greu s\u0103 formeze o majoritate proprie, o majoritate f\u0103r\u0103 AUR, o majoritate care s\u0103 poat\u0103 s\u0103 fie c\u00e2t de c\u00e2t func\u021bional\u0103 \u0219i c\u0103 vor sta cumva la m\u00e2na tuturor celorlal\u021bi. Adic\u0103 la m\u00e2na PNL-ului, dac\u0103 PNL-ul vrea s\u0103 mai fac\u0103 o alian\u021b\u0103 cu ei, la m\u00e2na pre\u0219edintelui, dac\u0103 mai propune sau desemneaz\u0103 un prim-ministru de la PSD sau agreat de PSD\u201d, a subliniat Jigl\u0103u.<\/p>\n<p>publicitate&#8221;); background-position: center center; background-repeat: no-repeat;&#8221;&gt;<\/p>\n<p>Au urmat mai multe tentative e\u0219uate de formare a Guvernului, iar Rom\u00e2nia a r\u0103mas luni \u00eentregi f\u0103r\u0103 o formul\u0103 politic\u0103 stabil\u0103. Pentru Jigl\u0103u, aceast\u0103 perioad\u0103 confirm\u0103 faptul c\u0103 PSD a subestimat dificultatea \u00eenlocuirii lui Bolojan.<\/p>\n<p>\u201eFaptul c\u0103 suntem p\u00e2n\u0103 \u00een ziua de ast\u0103zi f\u0103r\u0103 guvern \u0219i au fost toate tentativele e\u0219uate cu Tomac \u0219i cu Ve\u0219tea, apoi lunga perioad\u0103 de a\u0219teptare p\u00e2n\u0103 acum, cumva cred c\u0103 ilustreaz\u0103 faptul c\u0103 PSD n-a prea putut s\u0103 fac\u0103 mare lucru \u00een termeni de formare a unui nou guvern\u201d, a remarcat politologul.<\/p>\n<p> Grindeanu, \u00een fa\u021ba unei func\u021bii cu costuri politice mari <\/p>\n<p>\u00cen acest moment, PSD \u00eel vrea pe Sorin Grindeanu premier. Este prima variant\u0103 pe care partidul o va prezenta pre\u0219edintelui \u0219i, potrivit surselor politice, social-democra\u021bii consider\u0103 c\u0103 pot ob\u021bine suficiente voturi pentru un Guvern minoritar. Grindeanu se afl\u0103 \u00eens\u0103 \u00eentr-o situa\u021bie complicat\u0103. Dac\u0103 ajunge premier, va trebui s\u0103 \u00ee\u0219i asume public m\u0103surile fiscale \u0219i administrative ale noului Executiv. Dac\u0103 nu ajunge la Palatul Victoria, poate r\u0103m\u00e2ne \u00een pozi\u021bia de lider al PSD care controleaz\u0103 principala for\u021b\u0103 politic\u0103 din Guvern.<\/p>\n<p>\u201eSorin Grindeanu mi-a dat impresia, de la bun \u00eenceput, de la final de iunie, de c\u00e2nd a fost desemnat, propus el mai degrab\u0103 de partid ca fiind propunerea de prim-ministru pe masa lui Nicu\u0219or Dan, c\u0103 nu-\u0219i dore\u0219te foarte tare s\u0103 fie prim-ministru. A fost, \u0219tim, \u00eempins cumva de la spate din partid. Aici e o alt\u0103 discu\u021bie intern\u0103, care cred c\u0103 e relevant\u0103, pentru c\u0103 \u0219tim c\u0103 \u00een PSD cel care este \u00eempins \u00een fa\u021b\u0103 serve\u0219te un rol de moment, dup\u0103 care, la un moment dat, ajunge s\u0103 fie dat jos, pentru c\u0103 sunt al\u021bii care \u00ee\u0219i a\u0219teapt\u0103 r\u00e2ndul ca s\u0103 aib\u0103 cam aceea\u0219i traiectorie\u201d, a spus Jigl\u0103u.<\/p>\n<p>publicitate&#8221;); background-position: center center; background-repeat: no-repeat;&#8221;&gt;<\/p>\n<p>O eventual\u0103 guvernare PSD poate ridica astfel o problem\u0103 interesant\u0103 pentru Grindeanu \u0219i pentru conducerea partidului. Cine va \u00eencasa costurile politice ale deciziilor dificile? Premierul sau partidul care controleaz\u0103 majoritatea ministerelor?<\/p>\n<p>Jigl\u0103u aminte\u0219te de perioada \u00een care Liviu Dragnea controla PSD, iar premierii social-democra\u021bi erau, \u00een prim\u0103 faz\u0103, oameni \u00eempin\u0219i \u00een fa\u021b\u0103 pentru a pune \u00een aplicare linia partidului.<\/p>\n<p>\u201eDac\u0103 se ajunge \u00een situa\u021bia \u00een care PSD este principalul partid \u00een noul guvern, \u00een viitorul guvern, iar Sorin Grindeanu nu este totu\u0219i cel care trebuie s\u0103 \u00eencaseze toate costurile func\u021biei de prim-ministru \u0219i s\u0103 r\u0103m\u00e2n\u0103 totu\u0219i un fel de om din umbr\u0103, nici m\u0103car foarte din umbr\u0103, dar care ghideaz\u0103 cumva activitatea Guvernului f\u0103r\u0103 s\u0103 \u00eencaseze toate costurile de imagine, e un fel de Liviu Dragnea care, desigur, f\u0103r\u0103 voia lui neap\u0103rat, nu putea s\u0103 fie prim-ministru\u201d, a explicat politologul.<\/p>\n<p> <a class=\"related-inline svelte-78g0vl\" data-gtrack=\"{&quot;event&quot;:&quot;utm_click&quot;,&quot;data&quot;:{&quot;event_category&quot;:&quot;article_related&quot;}}\" href=\"https:\/\/adevarul.ro\/politica\/psd-a-decis-cele-doua-variante-acceptate-pentru-2553068.html\" title=\"Alt articol de interes pentru tine\" rel=\"nofollow noopener\" target=\"_blank\"> PSD a decis: cele dou\u0103 variante acceptate pentru noul guvern SURSE <\/a>Eugen Tomac, varianta lui Nicu\u0219or Dan <\/p>\n<p>\u00cen paralel, la Cotroceni se discut\u0103 posibilitatea ca Eugen Tomac s\u0103 fie desemnat din nou premier. Europarlamentarul \u0219i consilierul preziden\u021bial a mai fost propus pentru aceast\u0103 func\u021bie, \u00eens\u0103 tentativa de formare a Guvernului a e\u0219uat.<\/p>\n<p>\u201eDac\u0103 se ajunge la Eugen Tomac, dup\u0103 mine, pentru pre\u0219edinte, sigur, Tomac este o variant\u0103 pe care pare c\u0103 o agreeaz\u0103, dac\u0103 vine din nou cu Tomac dup\u0103 e\u0219ecul din mai-iunie. Dar, iar\u0103\u0219i, \u00eenseamn\u0103 o \u00eenfr\u00e2ngere pentru Nicu\u0219or Dan, pentru c\u0103 pare c\u0103 aici nu prea are prea multe op\u021biuni. Vine la aceea\u0219i list\u0103 foarte scurt\u0103. Putem \u00een\u021belege c\u0103 sunt oamenii lui prefera\u021bi, s\u0103 zicem, dar, pe de alt\u0103 parte, s\u0103 vii cu o propunere care deja a fost respins\u0103 nu mi se pare c\u0103 d\u0103 foarte bine\u201d, a ar\u0103tat George Jigl\u0103u.<\/p>\n<p>publicitate&#8221;); background-position: center center; background-repeat: no-repeat;&#8221;&gt;<\/p>\n<p>\u00cen schimb, dac\u0103 PSD accept\u0103 Tomac \u0219i Guvernul trece de Parlament, social-democra\u021bii pot ob\u021bine un avantaj important. Ar intra la guvernare, ar avea acces la ministere \u0219i la resursele Executivului, \u00een timp ce premierul ar fi unul agreat de pre\u0219edinte.<\/p>\n<p>\u201eDar din tot peisajul \u0103sta, dac\u0103 mergem pe varianta cu Tomac \u0219i cu PSD, principalul c\u00e2\u0219tig\u0103tor, dup\u0103 mine, este PSD. \u00cen m\u0103sura \u00een care poate s\u0103 ias\u0103 cineva bine, pentru c\u0103 cred c\u0103 to\u021bi au avut, \u00een ultim\u0103 instan\u021b\u0103, de pierdut. Dar PSD iese bine profit\u00e2nd de ac\u021biunile lui Nicu\u0219or Dan. \u0218i aici, iar\u0103\u0219i, c\u0103 vrea Nicu\u0219or Dan s\u0103-i avantajeze, c\u0103 PSD str\u00e2nge cu u\u0219a pe Nicu\u0219or Dan ca nu cumva altfel s\u0103 sus\u021bin\u0103 demersul AUR de suspendare sau cine \u0219tie ce discu\u021bie o fi acolo, una peste alta, PSD cred c\u0103 este cel mai bine pozi\u021bionat\u201d, a sus\u021binut Jigl\u0103u.<\/p>\n<p> Alexandru Nazare poate deveni solu\u021bia de compromis <\/p>\n<p>O a treia variant\u0103 este Alexandru Nazare. Ministrul Finan\u021belor a devenit \u00een ultima perioad\u0103 un nume tot mai prezent \u00een discu\u021biile despre viitorul Guvern, iar liberalii par s\u0103 fi reevaluat posibilitatea sus\u021binerii sale. Dup\u0103 un mandat reu\u0219it la Ministerul Finan\u021belor, Alexandru Nazare porne\u0219te cu un avantaj important \u00een negocieri. Este apreciat at\u00e2t \u00een PSD, c\u00e2t \u0219i de Ilie Bolojan, \u00eens\u0103 nu se bucur\u0103 la Cotroceni de aceea\u0219i sus\u021binere de care beneficiaz\u0103 Eugen Tomac.<\/p>\n<p>\u201eVarianta cu Nazare este o situa\u021bie foarte interesant\u0103. M-am g\u00e2ndit mult dac\u0103, \u00een perioada asta, c\u00e2nd, sigur, este ministru de ceva timp \u0219i \u00eenainte s\u0103 fie ministru de Finan\u021be a mai fost ministru, dac\u0103 am mai avut vreodat\u0103 un ministru, un politician, un tehnocrat, indiferent cum \u00eel lu\u0103m, cu profilul \u0103sta la v\u00e2rful politicii rom\u00e2ne\u0219ti. Poate un Mugur Is\u0103rescu, s\u0103 zic eu, \u00een anii &#8217;90, poate Stolojan la \u00eenceputul anilor &#8217;90. Dar \u00een trecutul recent nu prea am avut genul \u0103sta de personaj\u201d, a remarcat politologul.<\/p>\n<p>publicitate&#8221;); background-position: center center; background-repeat: no-repeat;&#8221;&gt;<\/p>\n<p>Problema pentru PSD este c\u0103 Nazare este asociat cu m\u0103surile de disciplin\u0103 bugetar\u0103 \u0219i cu agenda fiscal\u0103 sus\u021binut\u0103 de Bolojan. Dac\u0103 aceste politici vor continua, social-democra\u021bii ar putea ajunge s\u0103 sus\u021bin\u0103 un premier care promoveaz\u0103 m\u0103suri pe care partidul ar putea fi tentat ulterior s\u0103 le critice.<\/p>\n<p>\u201eIlie Bolojan le taie complet libertatea de ac\u021biune. Deci a mers odat\u0103, m\u0103 rog, cu nuan\u021bele pe care le pomeneam adineauri, p\u00e2n\u0103 unde a mers \u0219i c\u00e2te beneficii le-a adus, dar nu v\u0103d de ce n-ar merge din nou \u0219i s\u0103 mearg\u0103 cu genul \u0103sta de discurs p\u00e2n\u0103 \u00een 2028, \u00een condi\u021biile \u00een care, din nou, ei sunt la guvernare, deci au acces la finan\u021be, la buget, la tot ce \u00eenseamn\u0103 s\u0103 ai mini\u0219trii, cei mai mul\u021bi mini\u0219tri, cel mai probabil. \u00cen c\u00e2teva luni, cine \u0219tie, merg\u00e2nd c\u0103tre 2028, s-ar putea s\u0103 asist\u0103m la un film foarte asem\u0103n\u0103tor\u201d, a spus Jigl\u0103u.<\/p>\n<p> UDMR poate decide raportul dintre PSD \u0219i \u201esuverani\u0219ti\u201d <\/p>\n<p>Pozi\u021bia UDMR este una dintre cheile negocierilor. Forma\u021biunea condus\u0103 de Kelemen Hunor nu a votat mo\u021biunea \u00eempotriva lui Bolojan \u0219i nici nu a sus\u021binut ulterior guvernele propuse de Tomac \u0219i Ve\u0219tea. Totu\u0219i, a\u0219a cum \u201eAdev\u0103rul\u201d a dezv\u0103luit,\u00a0<a href=\"https:\/\/adevarul.ro\/politica\/udmr-a-decis-pe-cine-voteaza-ca-prim-ministru-2552964.html\" rel=\"nofollow noopener\" target=\"_blank\">Kelemen Hunor le-a transmis liderilor PSD \u0219i PNL c\u0103 parlamentarii maghiari vor vota orice propunere de prim-ministru venit\u0103 de la Nicu\u0219or Dan<\/a>.<\/p>\n<p> <a class=\"related-inline svelte-78g0vl\" data-gtrack=\"{&quot;event&quot;:&quot;utm_click&quot;,&quot;data&quot;:{&quot;event_category&quot;:&quot;article_related&quot;}}\" href=\"https:\/\/adevarul.ro\/politica\/romania-intre-razboaie-crize-si-orgolii-2553106.html\" title=\"Alt articol de interes pentru tine\" rel=\"nofollow noopener\" target=\"_blank\"> Rom\u00e2nia, \u00eentre r\u0103zboaie, crize \u0219i orgolii politice. Remus Pricopie: \u201eTemele interne \u0219i externe nu mai pot fi disociate\u201d <\/a><\/p>\n<p>\u201eNe-am obi\u0219nuit, cred, de mult\u0103 vreme \u00eencoace c\u0103 UDMR, cum e \u0219i firesc p\u00e2n\u0103 la un punct, are o agend\u0103 proprie. Este un partid cu o forma\u021bie politic\u0103 foarte bine calculat\u0103 \u0219i, pe vremea lui Mark\u00f3 B\u00e9la, era a\u0219a. Kelemen Hunor deja de foarte mul\u021bi ani, poate \u0219i mai profesioni\u0219ti din punct de vedere al politicii. Deci, cum ziceam, e politic\u0103, e normal ca fiecare partid s\u0103-\u0219i urmeze cumva interesul \u0219i s\u0103 \u00eencerce s\u0103 r\u0103m\u00e2n\u0103 cu ni\u0219te linii ro\u0219ii pe care, p\u00e2n\u0103 una alta, nu \u0219i le-a dep\u0103\u0219it\u201d, a explicat politologul.<\/p>\n<p>Pentru UDMR exist\u0103 \u0219i un argument suplimentar. Intrarea \u00eentr-o formul\u0103 de guvernare al\u0103turi de PSD ar putea reduce dependen\u021ba social-democra\u021bilor de AUR, Victor Ponta \u0219i celelalte grupuri \u201esuveraniste\u201d.<\/p>\n<p>publicitate&#8221;); background-position: center center; background-repeat: no-repeat;&#8221;&gt;<\/p>\n<p>\u201eDac\u0103 li se cere sprijinul \u0219i dac\u0103, aici de fapt cred c\u0103 va fi o chestiune important\u0103 pentru UDMR, \u0219i dac\u0103 intr\u0103 UDMR \u00een aceast\u0103 coali\u021bie, \u00eenseamn\u0103 a nu apela prea mult la suverani\u0219ti. Fie c\u0103 vorbim de AUR, fie c\u0103 vorbim de Ponta \u0219i POT sau de celelalte grupule\u021be care mai sunt acolo. S-ar putea ca asta s\u0103 fie, de fapt, un argument destul de bun, zic eu, al UDMR. Mai bine ne c\u0103lc\u0103m noi cumva pe cuv\u00e2nt, at\u00e2t c\u00e2t a fost el \u0219i de care, uite, ne-am \u021binut p\u00e2n\u0103 acum, dec\u00e2t s\u0103 mearg\u0103 PSD c\u0103tre acea zon\u0103 din Parlament\u201d, a subliniat Jigl\u0103u.<\/p>\n<p> O majoritate pentru \u00eenvestire nu \u00eenseamn\u0103 neap\u0103rat o majoritate pentru guvernare <\/p>\n<p>Chiar dac\u0103 PSD reu\u0219e\u0219te s\u0103 ob\u021bin\u0103 voturile necesare pentru instalarea executivului, problema va fi func\u021bionarea ulterioar\u0103 a majorit\u0103\u021bii. Un Guvern poate trece de Parlament cu voturi ob\u021binute de la mai multe grupuri, dar poate avea dificult\u0103\u021bi \u00een a-\u0219i trece proiectele prin aceea\u0219i majoritate.<\/p>\n<p>\u00cen cazul PSD, riscul este cu at\u00e2t mai mare cu c\u00e2t partidul ar putea ajunge s\u0103 depind\u0103 simultan de UDMR \u0219i de parlamentari proveni\u021bi din zona suveranist\u0103.<\/p>\n<p>\u201eCred c\u0103 pentru investire nu ar fi o problem\u0103 a\u0219a de mare, c\u0103 mai sunt \u0219i pucii\u0219tii din PNL, \u0219i ar fi o problem\u0103 poate pentru func\u021bionarea majorit\u0103\u021bii. Dar fix despre asta este vorba \u00een continuare. Chiar dac\u0103, s\u0103 zicem, se a\u0219az\u0103 lucrurile cumva, se al\u0103tur\u0103 UDMR, trecem \u0219i de data asta de riscul de a avea AUR prea aproape de zona guvern\u0103rii, e clar c\u0103 se \u00eente\u021besc momentele \u00een care acest risc apare \u0219i vor fi tot mai multe de genul \u0103sta\u201d, a avertizat politologul.<\/p>\n<p>publicitate&#8221;); background-position: center center; background-repeat: no-repeat;&#8221;&gt;<\/p>\n<p>\u00cen aceste condi\u021bii, negocierile care urmeaz\u0103 nu se rezum\u0103 la numele premierului. Miza este construc\u021bia unei majorit\u0103\u021bi care s\u0103 poat\u0103 sus\u021bine Guvernul \u0219i dup\u0103 \u00eenvestire, \u00een condi\u021biile \u00een care executivul va trebui s\u0103 ia decizii dificile \u00een privin\u021ba deficitului \u0219i a cheltuielilor publice.<\/p>\n<p> \\n  const _iprc = performance.now();\\n\\u003C\/script>\\n\\n\\u003Cscript class=\\&#8221;optanon-category-C0004\\&#8221; type=\\&#8221;text\/plain\\&#8221;>\\nconsole.log(\\&#8221;*** cookieconsent done:\\&#8221;, Math.round(performance.now() &#8211; _iprc) \/ 1000);\\n  gtag(&#8216;event&#8217;, &#8216;cookieconsent&#8217;, {\\n    name: &#8216;load&#8217;,\\n    value: Math.round(performance.now() &#8211; _iprc) \/ 1000\\n  });\\n\\u003C\/script>\\n\\u003C!&#8211; END PERFORMANCE COOKIE PRO &#8211;>\\n\\n{{#unless context.ads_disabled}}\\n\\n\\u003Cscript class=\\&#8221;optanon-category-C0004\\&#8221; type=\\&#8221;text\/plain\\&#8221; src=\\&#8221;\/\/a.teads.tv\/page\/99553\/tag\\&#8221; async=\\&#8221;true\\&#8221;>\\u003C\/script>\\n{{\/unless}}\\n\\n\\u003Cdiv data-ad=\\&#8221;adevarul.ro_728x90_sticky_display_bottom_adevarul_bottom_center_leaderboard\\&#8221; data-devices=\\&#8221;m:0,t:1,d:1\\&#8221;   class=\\&#8221;demand-supply\\&#8221;>\\u003C\/div>\\n\\n{{#if context.content}}\\n\\n{{#unless context.ads_disabled}}\\n\\u003Cscript class=\\&#8221;optanon-category-C0004\\&#8221; type=\\&#8221;text\/plain\\&#8221; src=\\&#8221;https:\/\/cnt.trvdp.com\/js\/1544\/6545.js\\&#8221;>\\u003C\/script>\\n{{\/unless}}\\n\\n\\n{{\/if}}\\n\\n\\n&#8221;,&#8221;html_mobile&#8221;:&#8221;\\n\\n\\n\\u003C!&#8211; CHECK PERFORMANCE COOKIE PRO &#8211;>\\n\\u003Cscript>\\n  const _iprc = performance.now();\\n\\u003C\/script>\\n\\n\\u003Cscript class=\\&#8221;optanon-category-C0004\\&#8221; type=\\&#8221;text\/plain\\&#8221;>\\nconsole.log(\\&#8221;*** cookieconsent done:\\&#8221;, Math.round(performance.now() &#8211; _iprc) \/ 1000);\\n  gtag(&#8216;event&#8217;, &#8216;cookieconsent&#8217;, {\\n    name: &#8216;load&#8217;,\\n    value: Math.round(performance.now() &#8211; _iprc) \/ 1000\\n  });\\n\\u003C\/script>\\n\\u003C!&#8211; END PERFORMANCE COOKIE PRO &#8211;>\\n\\n{{#unless context.ads_disabled}}\\n\\n\\n\\u003Cscript\\n  class=\\&#8221;optanon-category-C0004\\&#8221;\\n  type=\\&#8221;text\/plain\\&#8221;\\n  src=\\&#8221;\/\/a.teads.tv\/page\/99553\/tag\\&#8221;\\n  async=\\&#8221;true\\&#8221;\\n>\\u003C\/script>\\n\\n{{\/unless}} \\n\\n\\u003Cdiv\\n  data-ad=\\&#8221;adevarul.ro_sticky_mobile_bottom\\&#8221;\\n  data-devices=\\&#8221;m:1,t:0,d:0\\&#8221;\\n  class=\\&#8221;demand-supply\\&#8221;\\n>\\u003C\/div>\\n\\n{{#if context.content}} \\n\\n\\n{{#unless context.ads_disabled}}\\n\\u003Cscript class=\\&#8221;optanon-category-C0004\\&#8221; type=\\&#8221;text\/plain\\&#8221; src=\\&#8221;https:\/\/cnt.trvdp.com\/js\/1544\/6545.js\\&#8221;>\\u003C\/script>\\n{{\/unless}}\\n\\n{{\/if}}\\n\\n&#8221;},&#8221;updated_at&#8221;:&#8221;2025-11-01T11:31:21.462Z&#8221;},&#8221;AdPosition_head&#8221;:{&#8222;data&#8221;:{&#8222;custom_fields&#8221;:{},&#8221;for_desktop&#8221;:true,&#8221;for_mobile&#8221;:true,&#8221;html_desktop&#8221;:&#8221;\\u003Cmeta name=\\&#8221;profitshareid\\&#8221; content=\\&#8221;934cd37887433d585a2a227ef0576fcc\\&#8221; \/>\\n\\n\\n\\n{{#unless context.ads_disabled}}\\n\\n\\n{{#if context.content}}\\n\\u003Cscript type=\\&#8221;text\/plain\\&#8221; class=\\&#8221;optanon-category-C0004\\&#8221; src=\\&#8221;https:\/\/jsc.mgid.com\/site\/960965.js\\&#8221; async>\\u003C\/script>\\n\\n\\n\\u003Cscript type=\\&#8221;text\/plain\\&#8221; class=\\&#8221;optanon-category-C0004\\&#8221;>\\n  (function () {\\n    if (document.location.pathname.indexOf(&#8222;https:\/\/adevarul.ro\/ghid-de-cumparaturi&#8221;) === 0) {\\n      return;\\n    }\\n\\n    const s = document.createElement(\\&#8221;script\\&#8221;);\\n    s.src = \\&#8221;https:\/\/srv.divee.ai\/storage\/v1\/object\/public\/sdk\/divee.sdk.latest.js\\&#8221;;\\n    s.setAttribute(\\&#8221;data-project-id\\&#8221;, \\&#8221;4428864e-2da6-4fef-a83c-c16c2dfe86d9\\&#8221;);\\n    s.async = true;\\n    document.head.appendChild(s);\\n  })();\\n\\u003C\/script>\\n\\n\\n\\n\\n\\n{{\/if}}\\n\\n\\u003Cscript>\\n  window.teads_analytics = window.teads_analytics || {};\\n  window.teads_analytics.analytics_tag_id = \\&#8221;PUB_26459\\&#8221;;\\n  window.teads_analytics.share = window.teads_analytics.share || function() {\\n    ;(window.teads_analytics.shared_data = window.teads_analytics.shared_data || []).push(arguments)\\n  };\\n\\u003C\/script>\\n\\u003Cscript type=\\&#8221;text\/plain\\&#8221; class=\\&#8221;optanon-category-C0004\\&#8221; src=\\&#8221;https:\/\/a.teads.tv\/analytics\/tag.js\\&#8221;>\\u003C\/script>\\n\\n\\n{{#unless context.features.nolivesupply}}\\n\\u003Cscript async data-cfasync=\\&#8221;false\\&#8221; type=\\&#8221;text\/plain\\&#8221; class=\\&#8221;optanon-category-C0004\\&#8221; src=\\&#8221;https:\/\/live.demand.supply\/up.js\\&#8221;>\\u003C\/script>\\n{{\/unless}}\\n\\n\\u003Cscript type=\\&#8221;text\/plain\\&#8221; class=\\&#8221;optanon-category-C0004\\&#8221; src=\\&#8221;https:\/\/pagead2.googlesyndication.com\/pagead\/js\/adsbygoogle.js?client=ca-pub-3345426167175409\\&#8221; crossorigin=\\&#8221;anonymous\\&#8221;>\\u003C\/script>\\n\\n \\u003Cscript type=\\&#8221;text\/plain\\&#8221; class=\\&#8221;optanon-category-C0004\\&#8221; src=\\&#8221;https:\/\/terrific.live\/terrific-sdk.js\\&#8221; storeid=\\&#8221;iN6X0VPTDIicsVPKX6p0\\&#8221;>\\u003C\/script>\\n\\n{{\/unless}}\\n\\n\\u003Cstyle>\\n.google-adposition > div {\\n  flex-grow: 1;\\n}\\n\\n.google-adposition:has(iframe) {\\n    background-image: none !important;\\n}\\n\\n.menu-fixed .menu .headContainer .google-auto-placed {\\n    display: none;\\n}\\n\\narticle header .title .google-auto-placed {\\n    display: none;\\n}\\n\\n#onetrust-banner-sdk #onetrust-accept-btn-handler {\\n        margin-bottom: 10px;\\n    }\\n\\n    #onetrust-banner-sdk #onetrust-reject-all-handler {\\n        visibility: hidden;\\n    }\\n\\n\\u003C\/style>\\n\\n \\u003C!&#8211; Facebook Pixel Code &#8211;>\\u003Cscript type=\\&#8221;text\/plain\\&#8221; class=\\&#8221;optanon-category-C0002\\&#8221;>!function(f,b,e,v,n,t,s){if(f.fbq)return;n=f.fbq=function(){n.callMethod?n.callMethod.apply(n,arguments):n.queue.push(arguments)};if(!f._fbq)f._fbq=n;n.push=n;n.loaded=!0;n.version=&#8217;2.0&#8242;;n.queue=[];t=b.createElement(e);t.async=!0;t.src=v;s=b.getElementsByTagName(e)[0];s.parentNode.insertBefore(t,s)}(window,document,&#8217;script&#8217;,&#8217;https:\/\/connect.facebook.net\/en_US\/fbevents.js&#8217;); fbq(&#8216;init&#8217;, &#8216;1346397800155390&#8217;); fbq(&#8216;track&#8217;, &#8216;PageView&#8217;);\\u003C\/script>\\u003Cnoscript> \\u003Cimg height=\\&#8221;1\\&#8221; width=\\&#8221;1\\&#8221; src=\\&#8221;https:\/\/www.facebook.com\/tr?id=1346397800155390&#038;ev=PageView&#038;noscript=1\\&#8221;\/>\\u003C\/noscript>\\u003C!&#8211; End Facebook Pixel Code &#8211;>\\n\\n\\u003C!&#8211; alternativeAds &#8211;>\\n&#8221;,&#8221;html_mobile&#8221;:&#8221;\\u003Cmeta name=\\&#8221;profitshareid\\&#8221; content=\\&#8221;934cd37887433d585a2a227ef0576fcc\\&#8221; \/>\\n\\n\\n{{#unless context.ads_disabled}}\\n\\n{{#if context.content}}\\n\\u003Cscript type=\\&#8221;text\/plain\\&#8221; class=\\&#8221;optanon-category-C0004\\&#8221; src=\\&#8221;https:\/\/jsc.mgid.com\/site\/960965.js\\&#8221; async>\\u003C\/script>\\n\\n\\u003Cscript type=\\&#8221;text\/plain\\&#8221; class=\\&#8221;optanon-category-C0004\\&#8221;>\\n  (function () {\\n    if (document.location.pathname.indexOf(&#8222;https:\/\/adevarul.ro\/ghid-de-cumparaturi&#8221;) === 0) {\\n      return;\\n    }\\n\\n    const s = document.createElement(\\&#8221;script\\&#8221;);\\n    s.src = \\&#8221;https:\/\/srv.divee.ai\/storage\/v1\/object\/public\/sdk\/divee.sdk.latest.js\\&#8221;;\\n    s.setAttribute(\\&#8221;data-project-id\\&#8221;, \\&#8221;4428864e-2da6-4fef-a83c-c16c2dfe86d9\\&#8221;);\\n    s.async = true;\\n    document.head.appendChild(s);\\n  })();\\n\\u003C\/script>\\n\\n{{\/if}}\\n\\n\\u003Cscript>\\n  window.teads_analytics = window.teads_analytics || {};\\n  window.teads_analytics.analytics_tag_id = \\&#8221;PUB_26459\\&#8221;;\\n  window.teads_analytics.share = window.teads_analytics.share || function() {\\n    ;(window.teads_analytics.shared_data = window.teads_analytics.shared_data || []).push(arguments)\\n  };\\n\\u003C\/script>\\n\\u003Cscript type=\\&#8221;text\/plain\\&#8221; class=\\&#8221;optanon-category-C0004\\&#8221; src=\\&#8221;https:\/\/a.teads.tv\/analytics\/tag.js\\&#8221;>\\u003C\/script>\\n\\n{{#unless context.features.nolivesupply}}\\n\\u003Cscript async data-cfasync=\\&#8221;false\\&#8221; type=\\&#8221;text\/plain\\&#8221; class=\\&#8221;optanon-category-C0004\\&#8221; src=\\&#8221;https:\/\/live.demand.supply\/up.js\\&#8221;>\\u003C\/script>\\n{{\/unless}}\\n\\n\\u003Cscript type=\\&#8221;text\/plain\\&#8221; class=\\&#8221;optanon-category-C0004\\&#8221; src=\\&#8221;https:\/\/terrific.live\/terrific-sdk.js\\&#8221; storeid=\\&#8221;iN6X0VPTDIicsVPKX6p0\\&#8221;>\\u003C\/script>\\n\\n{{\/unless}}\\n\\u003Cstyle>\\n\\n.google-adposition:has(iframe) {\\n    background-image: none !important;\\n}\\n\\n.menu-fixed .menu .headContainer .google-auto-placed {\\n    display: none;\\n}\\n\\narticle header .title .google-auto-placed {\\n    display: none;\\n}\\n\\n#onetrust-banner-sdk #onetrust-accept-btn-handler {\\n        margin-bottom: 10px;\\n    }\\n\\n    #onetrust-banner-sdk #onetrust-reject-all-handler {\\n        visibility: hidden;\\n    }\\n\\u003C\/style>\\n&#8221;},&#8221;updated_at&#8221;:&#8221;2026-07-22T15:44:05.196Z&#8221;}},&#8221;last_changed&#8221;:&#8221;2026-09-01T23:01:13.014Z&#8221;,&#8221;page&#8221;:{&#8222;created_at&#8221;:&#8221;2026-09-01T11:41:23.049Z&#8221;,&#8221;created_by&#8221;:1,&#8221;custom_fields&#8221;:{},&#8221;domain&#8221;:&#8221;adevarul.ro&#8221;,&#8221;id&#8221;:99,&#8221;last_published_at&#8221;:&#8221;2026-09-01T11:41:24.572Z&#8221;,&#8221;name&#8221;:&#8221;Content layout (article)&#8221;,&#8221;published&#8221;:1,&#8221;s3_hash&#8221;:&#8221;a5e0764cf3bce051367545eab1538b4619e8ecb9&#8243;,&#8221;slug&#8221;:null,&#8221;title&#8221;:&#8221;Content layout&#8221;,&#8221;type&#8221;:&#8221;layout&#8221;,&#8221;updated_at&#8221;:&#8221;2022-07-21T08:27:20.732Z&#8221;,&#8221;version_id&#8221;:272},&#8221;path&#8221;:&#8221;\/stiri-interne\/grindeanu-tomac-sau-nazare-cine-ajunge-premier-2553243.html&#8221;,&#8221;pathArray&#8221;:[&#8222;&#8221;,&#8221;stiri-interne&#8221;,&#8221;grindeanu-tomac-sau-nazare-cine-ajunge-premier-2553243.html&#8221;],&#8221;type&#8221;:&#8221;content&#8221;,&#8221;url&#8221;:&#8221;https:\/\/adevarul.ro\/stiri-interne\/grindeanu-tomac-sau-nazare-cine-ajunge-premier-2553243.html&#8221;,&#8221;features&#8221;:{},&#8221;query&#8221;:{},&#8221;domain_config&#8221;:{&#8222;MISC&#8221;:{&#8222;logo&#8221;:{&#8222;width&#8221;:320,&#8221;height&#8221;:50}},&#8221;SYSTEM_TAGS&#8221;:[&#8222;noads&#8221;,&#8221;nocomments&#8221;,&#8221;sex&#8221;,&#8221;advert&#8221;,&#8221;advertorial&#8221;,&#8221;video&#8221;,&#8221;galerie&#8221;,&#8221;live&#8221;,&#8221;foto&#8221;,&#8221;exclusiv&#8221;,&#8221;analiza&#8221;,&#8221;interviu&#8221;,&#8221;reportaj&#8221;,&#8221;breaking news&#8221;],&#8221;default&#8221;:{&#8222;lang&#8221;:&#8221;ro&#8221;,&#8221;domain&#8221;:&#8221;adevarul.ro&#8221;,&#8221;alternateDomain&#8221;:&#8221;adevarul-ro.adh.reperio.news&#8221;,&#8221;friendlyName&#8221;:&#8221;Adev\u0103rul&#8221;,&#8221;logoURL&#8221;:&#8221;https:\/\/adevarul.ro\/favicon-144-precomposed.png&#8221;}},&#8221;client&#8221;:{&#8222;is_mobile&#8221;:false}}<\/p>\n","protected":false},"excerpt":{"rendered":"Negocierile pentru formarea unui nou Guvern au ajuns acolo de unde au plecat \u00een urm\u0103 cu c\u00e2teva luni.&hellip;\n","protected":false},"author":2,"featured_media":284271,"comment_status":"","ping_status":"","sticky":false,"template":"","format":"standard","meta":{"footnotes":"","_share_on_mastodon":"0"},"categories":[10],"tags":[2948,1126,32,33,31,49580,12094,36,37,27,690,34,35,56823,25,358,1123,41,40,38,39,2008,26,28,29,30],"class_list":["post-284270","post","type-post","status-publish","format-standard","has-post-thumbnail","category-romania","tag-alexandru-nazare","tag-analiza","tag-breaking-news","tag-breakingnews","tag-cele-mai-populare-subiecte","tag-criza-politica-2026","tag-eugen-tomac","tag-featured-news","tag-featurednews","tag-headlines","tag-ilie-bolojan","tag-latest-news","tag-latestnews","tag-negocieri-guvern","tag-news","tag-nicusor-dan","tag-psd","tag-ro","tag-romana","tag-romania","tag-romanian","tag-sorin-grindeanu","tag-stiri","tag-titluri","tag-top-stories","tag-topstories"],"share_on_mastodon":{"url":"https:\/\/pubeurope.com\/@ro\/117200082480671294","error":""},"_links":{"self":[{"href":"https:\/\/www.europesays.com\/ro\/wp-json\/wp\/v2\/posts\/284270","targetHints":{"allow":["GET"]}}],"collection":[{"href":"https:\/\/www.europesays.com\/ro\/wp-json\/wp\/v2\/posts"}],"about":[{"href":"https:\/\/www.europesays.com\/ro\/wp-json\/wp\/v2\/types\/post"}],"author":[{"embeddable":true,"href":"https:\/\/www.europesays.com\/ro\/wp-json\/wp\/v2\/users\/2"}],"replies":[{"embeddable":true,"href":"https:\/\/www.europesays.com\/ro\/wp-json\/wp\/v2\/comments?post=284270"}],"version-history":[{"count":0,"href":"https:\/\/www.europesays.com\/ro\/wp-json\/wp\/v2\/posts\/284270\/revisions"}],"wp:featuredmedia":[{"embeddable":true,"href":"https:\/\/www.europesays.com\/ro\/wp-json\/wp\/v2\/media\/284271"}],"wp:attachment":[{"href":"https:\/\/www.europesays.com\/ro\/wp-json\/wp\/v2\/media?parent=284270"}],"wp:term":[{"taxonomy":"category","embeddable":true,"href":"https:\/\/www.europesays.com\/ro\/wp-json\/wp\/v2\/categories?post=284270"},{"taxonomy":"post_tag","embeddable":true,"href":"https:\/\/www.europesays.com\/ro\/wp-json\/wp\/v2\/tags?post=284270"}],"curies":[{"name":"wp","href":"https:\/\/api.w.org\/{rel}","templated":true}]}}