{"id":284280,"date":"2026-09-02T06:50:10","date_gmt":"2026-09-02T06:50:10","guid":{"rendered":"https:\/\/www.europesays.com\/ro\/284280\/"},"modified":"2026-09-02T06:50:10","modified_gmt":"2026-09-02T06:50:10","slug":"gigi-becali-negocieri-cu-ioan-varga-oferta-lui-fcsb-mai-mare-decat-cea-a-craiovei","status":"publish","type":"post","link":"https:\/\/www.europesays.com\/ro\/284280\/","title":{"rendered":"Gigi Becali, negocieri cu Ioan Varga \u00bb Oferta lui FCSB, mai mare dec\u00e2t cea a Craiovei"},"content":{"rendered":"<p>\n            Articol de <a rel=\"author nofollow noopener\" href=\"https:\/\/www.gsp.ro\/autor\/adrian-duta-3930.html\" target=\"_blank\">Adrian Du\u0163\u0103<\/a>            &#8211; Publicat miercuri, 02 septembrie 2026,  07:06            \/ Actualizat miercuri, 02 septembrie 2026 08:18                    <\/p>\n<p>Gigi Becali \u0219i Ioan Varga, patronii de la <a class=\"autolink-enabled\" data-resource-id=\"576\" data-resource-type=\"team\" data-sport=\"football\" href=\"https:\/\/www.gsp.ro\/rezultate-live\/echipa-teamname-576\" rel=\"nofollow noopener\" target=\"_blank\">FCSB<\/a> \u0219i <a class=\"autolink-enabled\" data-resource-id=\"591\" data-resource-type=\"team\" data-sport=\"football\" href=\"https:\/\/www.gsp.ro\/rezultate-live\/echipa-teamname-591\" rel=\"nofollow noopener\" target=\"_blank\">CFR Cluj<\/a>, negociaz\u0103 transferul lui <a class=\"autolink-enabled\" data-resource-id=\"195715\" data-resource-type=\"player\" data-sport=\"football\" href=\"https:\/\/www.gsp.ro\/rezultate-live\/jucatorul-playername-195715\" rel=\"nofollow noopener\" target=\"_blank\">Meriton Korenica<\/a> (29 de ani, mijloca\u0219 st\u00e2nga) la forma\u021bia ro\u0219-albastr\u0103.<\/p>\n<p class=\"do-not-hide\">Dup\u0103 e\u0219ecul cu UTA Arad, scor 1-3, Gigi Becali declara c\u0103 \u201emai aduc 2-3 juc\u0103tori, iau din Rom\u00e2nia\u201d.<\/p>\n<p class=\"do-not-hide\">Patronul de la FCSB a ac\u021bionat a doua zi \u0219i l-a ofertat pe Karlo Muhar, fost mijloca\u0219 la CFR Cluj, \u00een prezent liber de contract, iar apoi a pornit negocierile \u0219i pentru un fotbalist din lotul lui Marius \u0218umudic\u0103.<\/p>\n<p>FCSB, ofert\u0103 de 1 milion de euro pentru Meriton Korenica<\/p>\n<p>FCSB a trimis o ofert\u0103 de 1 milion de euro pentru Korenica, potrivit <a target=\"_self\" class=\"editor-link\" href=\"https:\/\/golazo.ro\/fcsb-transfer-meriton-korenica-cfr-cluj-gigi-becali-185094\" rel=\"nofollow noopener\">golazo.ro<\/a>. Becali \u0219i Varga sunt \u00een negocieri, cu 6 zile \u00eenainte de finalul perioadei de mercato \u00een Rom\u00e2nia.<\/p>\n<p>CFR Cluj a primit o ofert\u0103 \u0219i de la Universitatea Craiova, de 800.000 de euro, dar Ioan Varga a refuzat.<\/p>\n<blockquote>\n<p>Aduc juc\u0103tori, v\u0103d ce e, ce nu e. De acum aduc eu, eu iau leg\u0103tura, eu m\u0103 ocup. Eu vorbesc cu impresarul. Nu o las a\u0219a. Iau din Rom\u00e2nia, v\u0103d ce e mai bun. Aduc 2-3 juc\u0103tori.<\/p>\n<p>&#8211; Gigi Becali, la Prima Sport<\/p>\n<\/blockquote>\n<p>FCSB l-a mai dorit pe Korenica \u00een aceast\u0103 perioad\u0103 de transferuri, \u00eens\u0103 patronul de la CFR Cluj ar fi refuzat prima propunere a ro\u0219-alba\u0219trilor, dup\u0103 cum a declarat MM Stoica: \u201ePentru Korenica, Gigi a f\u0103cut o ofert\u0103 CFR-ului, care a fost refuzat\u0103. Mai are un an contract\u201d.<\/p>\n<p>Ioan Varga a declarat c\u0103 nu accept\u0103 sub 1,5 milioane de euro pentru Korenica, \u00eens\u0103 Becali sper\u0103 s\u0103-l \u00eenduplece pe patronul de la CFR Cluj.<\/p>\n<p>\u201eNu exist\u0103 s\u0103 plece f\u0103r\u0103 banii corec\u021bi. Dac\u0103 primim banii corec\u021bi, bine, dac\u0103 nu, nu. Nu exist\u0103 300-500.000 de euro&#8230; Vr\u0103jeli! Sub 1,5 milioane de euro nici nu intr\u0103 \u00een discu\u021bie\u201d, a declarat Varga pentru GSP.<\/p>\n<p><img decoding=\"async\" src=\"https:\/\/www.europesays.com\/ro\/wp-content\/uploads\/2026\/09\/2d66eeae-2a00-4b6c-bc15-2973303e74fb.jpeg\" loading=\"lazy\" title=\"Meriton Korenica i-a costat 400.000 de euro pe ardeleni, atunci c\u00e2nd a sosit de la Manisa, \u00een vara 2024\" alt=\"Gigi Becali, negocieri cu Ioan Varga \u00bb Oferta lui FCSB, mai mare dec\u00e2t cea a Craiovei\" width=\"738\" height=\"502\"\/><\/p>\n<p>Meriton Korenica i-a costat 400.000 de euro pe ardeleni, atunci c\u00e2nd a sosit de la Manisa, \u00een vara 2024<\/p>\n<p>Cifrele lui Korenica la CFR Cluj<\/p>\n<p>Korenica a jucat 5 meciuri \u00een acest sezon de Superliga \u0219i a reu\u0219it un assist. \u00cen total, a adunat 110 partidei la CFR Cluj, a \u00eenscris 25 de goluri \u0219i a oferit 10 pase decisive. Kosovarul a ajuns \u00een 2024 \u00een Gruia, de la Manisa, pentru 400.000 de euro.<\/p>\n<p>E evaluat la 3 milioane de euro pe Transfermarkt \u0219i poate juca extrem\u0103 st\u00e2nga \u0219i inter st\u00e2nga, \u00eentr-un sistem 4-3-3.<\/p>\n<p>Dac\u0103 ar ajunge la FCSB, s-ar lupta pentru un loc \u00een echip\u0103 cu Octavian Popescu \u0219i Aymen Boutotaou, care poate juca \u00een ambele benzi.<\/p>\n","protected":false},"excerpt":{"rendered":"Articol de Adrian Du\u0163\u0103 &#8211; Publicat miercuri, 02 septembrie 2026, 07:06 \/ Actualizat miercuri, 02 septembrie 2026 08:18&hellip;\n","protected":false},"author":2,"featured_media":284281,"comment_status":"","ping_status":"","sticky":false,"template":"","format":"standard","meta":{"footnotes":"","_share_on_mastodon":"0"},"categories":[20],"tags":[186,269,196,870,25897,41,40,38,39,185,184],"class_list":["post-284280","post","type-post","status-publish","format-standard","has-post-thumbnail","category-sport","tag-cfr-cluj","tag-fcsb","tag-gigi-becali","tag-ioan-varga","tag-meriton-korenica","tag-ro","tag-romana","tag-romania","tag-romanian","tag-sport","tag-sports"],"share_on_mastodon":{"url":"https:\/\/pubeurope.com\/@ro\/117200121487144451","error":""},"_links":{"self":[{"href":"https:\/\/www.europesays.com\/ro\/wp-json\/wp\/v2\/posts\/284280","targetHints":{"allow":["GET"]}}],"collection":[{"href":"https:\/\/www.europesays.com\/ro\/wp-json\/wp\/v2\/posts"}],"about":[{"href":"https:\/\/www.europesays.com\/ro\/wp-json\/wp\/v2\/types\/post"}],"author":[{"embeddable":true,"href":"https:\/\/www.europesays.com\/ro\/wp-json\/wp\/v2\/users\/2"}],"replies":[{"embeddable":true,"href":"https:\/\/www.europesays.com\/ro\/wp-json\/wp\/v2\/comments?post=284280"}],"version-history":[{"count":0,"href":"https:\/\/www.europesays.com\/ro\/wp-json\/wp\/v2\/posts\/284280\/revisions"}],"wp:featuredmedia":[{"embeddable":true,"href":"https:\/\/www.europesays.com\/ro\/wp-json\/wp\/v2\/media\/284281"}],"wp:attachment":[{"href":"https:\/\/www.europesays.com\/ro\/wp-json\/wp\/v2\/media?parent=284280"}],"wp:term":[{"taxonomy":"category","embeddable":true,"href":"https:\/\/www.europesays.com\/ro\/wp-json\/wp\/v2\/categories?post=284280"},{"taxonomy":"post_tag","embeddable":true,"href":"https:\/\/www.europesays.com\/ro\/wp-json\/wp\/v2\/tags?post=284280"}],"curies":[{"name":"wp","href":"https:\/\/api.w.org\/{rel}","templated":true}]}}