{"id":284314,"date":"2026-09-02T07:17:11","date_gmt":"2026-09-02T07:17:11","guid":{"rendered":"https:\/\/www.europesays.com\/ro\/284314\/"},"modified":"2026-09-02T07:17:11","modified_gmt":"2026-09-02T07:17:11","slug":"remus-pricopie-spune-ca-a-cerut-departamentului-de-stat-al-sua-sa-analizeze-pozitiile-antiamericane-ale-lui-simion","status":"publish","type":"post","link":"https:\/\/www.europesays.com\/ro\/284314\/","title":{"rendered":"Remus Pricopie spune c\u0103 a cerut Departamentului de Stat al SUA s\u0103 analizeze pozi\u021biile \u201eantiamericane\u201d ale lui Simion"},"content":{"rendered":"<p>Remus Pricopie, rectorul \u0218colii Na\u021bionale de Studii Politice \u0219i Administrative (SNSPA), a anun\u021bat mar\u021bi, 1 septembrie, c\u0103 \u00een urm\u0103 cu trei luni a trimis Departamentului de Stat al SUA o scrisoare \u00een care solicita o analiz\u0103 a declara\u021biilor \u0219i pozi\u021biilor liderului AUR, George Simion, pe care le consider\u0103 antiamericane.<\/p>\n<p> <img decoding=\"async\" src=\"https:\/\/www.europesays.com\/ro\/wp-content\/uploads\/2026\/09\/1788333431_866_index.jpeg\" alt=\"Remus Pricopie\" width=\"1133\" height=\"750\" loading=\"eager\" fetchpriority=\"high\" class=\"svelte-1kfbksm\"\/> <\/p>\n<p>Remus Pricopie Foto: Facebook<\/p>\n<p>publicitate&#8221;); background-position: center center; background-repeat: no-repeat;&#8221;&gt;<\/p>\n<p>Invitat la\u00a0<a href=\"https:\/\/www.dcnews.ro\/remus-pricopie-a-cerut-departamentului-de-stat-sa-analizeze-pozitiile-lui-george-simion-e-prima-data-cand-fac-public-acest-lucru-video_1079790.html\" rel=\"nofollow noopener\" target=\"_blank\">DC News<\/a>,\u00a0<a href=\"https:\/\/adevarul.ro\/politica\/nu-exista-un-singur-tip-de-extremism-crede-2538469.html\" rel=\"nofollow noopener\" target=\"_blank\">rectorul SNSPA a spus despre Simion<\/a>\u00a0c\u0103 \u201erepet\u0103 narativul Moscovei la Bucure\u0219ti \u0219i ap\u0103r\u0103 interesele Moscovei la Bucure\u0219ti.\u201d<\/p>\n<p>\u201eApoi zice: \u00abNu modific\u0103m legisla\u021bia \u00een a\u0219a fel \u00eenc\u00e2t s\u0103 ne putem ap\u0103ra \u00eempotriva dronelor ruse\u0219ti\u00bb, apoi merge \u0219i voteaz\u0103 \u00een Parlament \u00eempotriva acordurilor militare cu Statele Unite ale Americii.<\/p>\n<p>S\u0103 \u0219ti\u021bi c\u0103 aceste lucruri sunt citite la Washington \u0219i \u00een momentul \u00een care ai doi fo\u0219ti ambasadori \u0219i un \u00eenalt oficial american care solicit\u0103 retragerea vizei lui George Simion, \u00eenseamn\u0103 c\u0103 e o problem\u0103\u201d, a spus Remus Pricopie.<\/p>\n<p>Ulterior, acesta a afirmat c\u0103,\u00a0\u00een urm\u0103 cu trei luni, a trimis Departamentului de Stat al SUA o scrisoare \u00een care a cerut o analiz\u0103 a pozi\u021biilor lui George Simion, pe care le consider\u0103 antiamericane.<\/p>\n<p>\u201eE prima dat\u0103 c\u00e2nd fac public acest lucru. Am cerut o analiz\u0103 serioas\u0103 din partea Departamentului de Stat a pozi\u021biilor antiamericane ale lui George Simion.<\/p>\n<p>Am f\u0103cut publice faptele mele. Nu sunt \u00een m\u0103sur\u0103 s\u0103 fac publice faptele sau ac\u021biunile Departamentului de Stat. Cred c\u0103 scrisoarea respectiv\u0103 a fost trimis\u0103 dup\u0103 ce AUR a votat \u00een Parlament \u00eempotriva bazelor\u201d, a mai spus acesta.<\/p>\n<p>Remus Pricopie afirm\u0103 c\u0103, de\u0219i nu are leg\u0103tur\u0103 cu scrisoarea celor trei fo\u0219ti ambasadori, a observat c\u0103 argumentele lor sunt similare.<\/p>\n<p>\u00cen august,\u00a0<a href=\"https:\/\/adevarul.ro\/politica\/diplomati-americani-de-top-cer-ca-sua-sa-i-retraga-2550262.html\" rel=\"nofollow noopener\" target=\"_blank\">doi fo\u0219ti ambasadori ai SUA \u00een Rom\u00e2nia, Adrian Zuckerman \u0219i Mark Gitenstein,<\/a>\u00a0fostul guvernator al statului Virginia, James S. Gilmore III, \u0219i Ronald Gidwitz, fostul ambasador interimar al SUA la Uniunea European\u0103 au cerut Washingtonului, \u00eentr-un editorial publicat \u00een Jerusalem Post \u0219i semnat \u00eempreun\u0103 cu jurnalistul rom\u00e2n Sabin Gherman, s\u0103 reanalizeze cu aten\u021bie dosarul de viz\u0103 al liderului AUR, George Simion.<\/p>\n<p>publicitate&#8221;); background-position: center center; background-repeat: no-repeat;&#8221;&gt;<\/p>\n<p>\u201eDe ce mai are George Simion, liderul unui partid antisemit \u0219i el \u00eensu\u0219i cu bube legionare pe cap, viz\u0103 de SUA? Am semnalat ciud\u0103\u021benia, al\u0103turi de fo\u0219tii ambasadori ai SUA Adrian Zuckerman, Ronald Gidwitz, Mark Gitenstein, James S. Gilmore III, \u00een edi\u021bia de azi a Jerusalem Post\u00a0\u201d, a scris\u00a0Sabin Gherman pe Facebook\u00a0\u00a0<\/p>\n<p>Ulterior, senatorul AUR Petri\u0219or Peiu a spus c\u0103 scrisoarea semnat\u0103 de fo\u0219tii ambasadori \u00een Rom\u00e2nia reprezint\u0103\u00a0\u201eun act politic\u201d menit s\u0103 sprijine adversarii politici ai celor de la AUR.\u00a0 \u00a0<\/p>\n<p>AUR respinge acuza\u021biile \u00eempotriva lui George Simion \u0219i \u00eel acuz\u0103, la r\u00e2ndul s\u0103u, pe Adrian Zuckerman, c\u0103 s-a transformat \u00een \u201eprocuror politic\u201d.<\/p>\n<p> \\n  const _iprc = performance.now();\\n\\u003C\/script>\\n\\n\\u003Cscript class=\\&#8221;optanon-category-C0004\\&#8221; type=\\&#8221;text\/plain\\&#8221;>\\nconsole.log(\\&#8221;*** cookieconsent done:\\&#8221;, Math.round(performance.now() &#8211; _iprc) \/ 1000);\\n  gtag(&#8216;event&#8217;, &#8216;cookieconsent&#8217;, {\\n    name: &#8216;load&#8217;,\\n    value: Math.round(performance.now() &#8211; _iprc) \/ 1000\\n  });\\n\\u003C\/script>\\n\\u003C!&#8211; END PERFORMANCE COOKIE PRO &#8211;>\\n\\n{{#unless context.ads_disabled}}\\n\\n\\u003Cscript class=\\&#8221;optanon-category-C0004\\&#8221; type=\\&#8221;text\/plain\\&#8221; src=\\&#8221;\/\/a.teads.tv\/page\/99553\/tag\\&#8221; async=\\&#8221;true\\&#8221;>\\u003C\/script>\\n{{\/unless}}\\n\\n\\u003Cdiv data-ad=\\&#8221;adevarul.ro_728x90_sticky_display_bottom_adevarul_bottom_center_leaderboard\\&#8221; data-devices=\\&#8221;m:0,t:1,d:1\\&#8221;   class=\\&#8221;demand-supply\\&#8221;>\\u003C\/div>\\n\\n{{#if context.content}}\\n\\n{{#unless context.ads_disabled}}\\n\\u003Cscript class=\\&#8221;optanon-category-C0004\\&#8221; type=\\&#8221;text\/plain\\&#8221; src=\\&#8221;https:\/\/cnt.trvdp.com\/js\/1544\/6545.js\\&#8221;>\\u003C\/script>\\n{{\/unless}}\\n\\n\\n{{\/if}}\\n\\n\\n&#8221;,&#8221;html_mobile&#8221;:&#8221;\\n\\n\\n\\u003C!&#8211; CHECK PERFORMANCE COOKIE PRO &#8211;>\\n\\u003Cscript>\\n  const _iprc = performance.now();\\n\\u003C\/script>\\n\\n\\u003Cscript class=\\&#8221;optanon-category-C0004\\&#8221; type=\\&#8221;text\/plain\\&#8221;>\\nconsole.log(\\&#8221;*** cookieconsent done:\\&#8221;, Math.round(performance.now() &#8211; _iprc) \/ 1000);\\n  gtag(&#8216;event&#8217;, &#8216;cookieconsent&#8217;, {\\n    name: &#8216;load&#8217;,\\n    value: Math.round(performance.now() &#8211; _iprc) \/ 1000\\n  });\\n\\u003C\/script>\\n\\u003C!&#8211; END PERFORMANCE COOKIE PRO &#8211;>\\n\\n{{#unless context.ads_disabled}}\\n\\n\\n\\u003Cscript\\n  class=\\&#8221;optanon-category-C0004\\&#8221;\\n  type=\\&#8221;text\/plain\\&#8221;\\n  src=\\&#8221;\/\/a.teads.tv\/page\/99553\/tag\\&#8221;\\n  async=\\&#8221;true\\&#8221;\\n>\\u003C\/script>\\n\\n{{\/unless}} \\n\\n\\u003Cdiv\\n  data-ad=\\&#8221;adevarul.ro_sticky_mobile_bottom\\&#8221;\\n  data-devices=\\&#8221;m:1,t:0,d:0\\&#8221;\\n  class=\\&#8221;demand-supply\\&#8221;\\n>\\u003C\/div>\\n\\n{{#if context.content}} \\n\\n\\n{{#unless context.ads_disabled}}\\n\\u003Cscript class=\\&#8221;optanon-category-C0004\\&#8221; type=\\&#8221;text\/plain\\&#8221; src=\\&#8221;https:\/\/cnt.trvdp.com\/js\/1544\/6545.js\\&#8221;>\\u003C\/script>\\n{{\/unless}}\\n\\n{{\/if}}\\n\\n&#8221;},&#8221;updated_at&#8221;:&#8221;2025-11-01T11:31:21.462Z&#8221;},&#8221;AdPosition_head&#8221;:{&#8222;data&#8221;:{&#8222;custom_fields&#8221;:{},&#8221;for_desktop&#8221;:true,&#8221;for_mobile&#8221;:true,&#8221;html_desktop&#8221;:&#8221;\\u003Cmeta name=\\&#8221;profitshareid\\&#8221; content=\\&#8221;934cd37887433d585a2a227ef0576fcc\\&#8221; \/>\\n\\n\\n\\n{{#unless context.ads_disabled}}\\n\\n\\n{{#if context.content}}\\n\\u003Cscript type=\\&#8221;text\/plain\\&#8221; class=\\&#8221;optanon-category-C0004\\&#8221; src=\\&#8221;https:\/\/jsc.mgid.com\/site\/960965.js\\&#8221; async>\\u003C\/script>\\n\\n\\n\\u003Cscript type=\\&#8221;text\/plain\\&#8221; class=\\&#8221;optanon-category-C0004\\&#8221;>\\n  (function () {\\n    if (document.location.pathname.indexOf(&#8222;https:\/\/adevarul.ro\/ghid-de-cumparaturi&#8221;) === 0) {\\n      return;\\n    }\\n\\n    const s = document.createElement(\\&#8221;script\\&#8221;);\\n    s.src = \\&#8221;https:\/\/srv.divee.ai\/storage\/v1\/object\/public\/sdk\/divee.sdk.latest.js\\&#8221;;\\n    s.setAttribute(\\&#8221;data-project-id\\&#8221;, \\&#8221;4428864e-2da6-4fef-a83c-c16c2dfe86d9\\&#8221;);\\n    s.async = true;\\n    document.head.appendChild(s);\\n  })();\\n\\u003C\/script>\\n\\n\\n\\n\\n\\n{{\/if}}\\n\\n\\u003Cscript>\\n  window.teads_analytics = window.teads_analytics || {};\\n  window.teads_analytics.analytics_tag_id = \\&#8221;PUB_26459\\&#8221;;\\n  window.teads_analytics.share = window.teads_analytics.share || function() {\\n    ;(window.teads_analytics.shared_data = window.teads_analytics.shared_data || []).push(arguments)\\n  };\\n\\u003C\/script>\\n\\u003Cscript type=\\&#8221;text\/plain\\&#8221; class=\\&#8221;optanon-category-C0004\\&#8221; src=\\&#8221;https:\/\/a.teads.tv\/analytics\/tag.js\\&#8221;>\\u003C\/script>\\n\\n\\n{{#unless context.features.nolivesupply}}\\n\\u003Cscript async data-cfasync=\\&#8221;false\\&#8221; type=\\&#8221;text\/plain\\&#8221; class=\\&#8221;optanon-category-C0004\\&#8221; src=\\&#8221;https:\/\/live.demand.supply\/up.js\\&#8221;>\\u003C\/script>\\n{{\/unless}}\\n\\n\\u003Cscript type=\\&#8221;text\/plain\\&#8221; class=\\&#8221;optanon-category-C0004\\&#8221; src=\\&#8221;https:\/\/pagead2.googlesyndication.com\/pagead\/js\/adsbygoogle.js?client=ca-pub-3345426167175409\\&#8221; crossorigin=\\&#8221;anonymous\\&#8221;>\\u003C\/script>\\n\\n \\u003Cscript type=\\&#8221;text\/plain\\&#8221; class=\\&#8221;optanon-category-C0004\\&#8221; src=\\&#8221;https:\/\/terrific.live\/terrific-sdk.js\\&#8221; storeid=\\&#8221;iN6X0VPTDIicsVPKX6p0\\&#8221;>\\u003C\/script>\\n\\n{{\/unless}}\\n\\n\\u003Cstyle>\\n.google-adposition > div {\\n  flex-grow: 1;\\n}\\n\\n.google-adposition:has(iframe) {\\n    background-image: none !important;\\n}\\n\\n.menu-fixed .menu .headContainer .google-auto-placed {\\n    display: none;\\n}\\n\\narticle header .title .google-auto-placed {\\n    display: none;\\n}\\n\\n#onetrust-banner-sdk #onetrust-accept-btn-handler {\\n        margin-bottom: 10px;\\n    }\\n\\n    #onetrust-banner-sdk #onetrust-reject-all-handler {\\n        visibility: hidden;\\n    }\\n\\n\\u003C\/style>\\n\\n \\u003C!&#8211; Facebook Pixel Code &#8211;>\\u003Cscript type=\\&#8221;text\/plain\\&#8221; class=\\&#8221;optanon-category-C0002\\&#8221;>!function(f,b,e,v,n,t,s){if(f.fbq)return;n=f.fbq=function(){n.callMethod?n.callMethod.apply(n,arguments):n.queue.push(arguments)};if(!f._fbq)f._fbq=n;n.push=n;n.loaded=!0;n.version=&#8217;2.0&#8242;;n.queue=[];t=b.createElement(e);t.async=!0;t.src=v;s=b.getElementsByTagName(e)[0];s.parentNode.insertBefore(t,s)}(window,document,&#8217;script&#8217;,&#8217;https:\/\/connect.facebook.net\/en_US\/fbevents.js&#8217;); fbq(&#8216;init&#8217;, &#8216;1346397800155390&#8217;); fbq(&#8216;track&#8217;, &#8216;PageView&#8217;);\\u003C\/script>\\u003Cnoscript> \\u003Cimg height=\\&#8221;1\\&#8221; width=\\&#8221;1\\&#8221; src=\\&#8221;https:\/\/www.facebook.com\/tr?id=1346397800155390&#038;ev=PageView&#038;noscript=1\\&#8221;\/>\\u003C\/noscript>\\u003C!&#8211; End Facebook Pixel Code &#8211;>\\n\\n\\u003C!&#8211; alternativeAds &#8211;>\\n&#8221;,&#8221;html_mobile&#8221;:&#8221;\\u003Cmeta name=\\&#8221;profitshareid\\&#8221; content=\\&#8221;934cd37887433d585a2a227ef0576fcc\\&#8221; \/>\\n\\n\\n{{#unless context.ads_disabled}}\\n\\n{{#if context.content}}\\n\\u003Cscript type=\\&#8221;text\/plain\\&#8221; class=\\&#8221;optanon-category-C0004\\&#8221; src=\\&#8221;https:\/\/jsc.mgid.com\/site\/960965.js\\&#8221; async>\\u003C\/script>\\n\\n\\u003Cscript type=\\&#8221;text\/plain\\&#8221; class=\\&#8221;optanon-category-C0004\\&#8221;>\\n  (function () {\\n    if (document.location.pathname.indexOf(&#8222;https:\/\/adevarul.ro\/ghid-de-cumparaturi&#8221;) === 0) {\\n      return;\\n    }\\n\\n    const s = document.createElement(\\&#8221;script\\&#8221;);\\n    s.src = \\&#8221;https:\/\/srv.divee.ai\/storage\/v1\/object\/public\/sdk\/divee.sdk.latest.js\\&#8221;;\\n    s.setAttribute(\\&#8221;data-project-id\\&#8221;, \\&#8221;4428864e-2da6-4fef-a83c-c16c2dfe86d9\\&#8221;);\\n    s.async = true;\\n    document.head.appendChild(s);\\n  })();\\n\\u003C\/script>\\n\\n{{\/if}}\\n\\n\\u003Cscript>\\n  window.teads_analytics = window.teads_analytics || {};\\n  window.teads_analytics.analytics_tag_id = \\&#8221;PUB_26459\\&#8221;;\\n  window.teads_analytics.share = window.teads_analytics.share || function() {\\n    ;(window.teads_analytics.shared_data = window.teads_analytics.shared_data || []).push(arguments)\\n  };\\n\\u003C\/script>\\n\\u003Cscript type=\\&#8221;text\/plain\\&#8221; class=\\&#8221;optanon-category-C0004\\&#8221; src=\\&#8221;https:\/\/a.teads.tv\/analytics\/tag.js\\&#8221;>\\u003C\/script>\\n\\n{{#unless context.features.nolivesupply}}\\n\\u003Cscript async data-cfasync=\\&#8221;false\\&#8221; type=\\&#8221;text\/plain\\&#8221; class=\\&#8221;optanon-category-C0004\\&#8221; src=\\&#8221;https:\/\/live.demand.supply\/up.js\\&#8221;>\\u003C\/script>\\n{{\/unless}}\\n\\n\\u003Cscript type=\\&#8221;text\/plain\\&#8221; class=\\&#8221;optanon-category-C0004\\&#8221; src=\\&#8221;https:\/\/terrific.live\/terrific-sdk.js\\&#8221; storeid=\\&#8221;iN6X0VPTDIicsVPKX6p0\\&#8221;>\\u003C\/script>\\n\\n{{\/unless}}\\n\\u003Cstyle>\\n\\n.google-adposition:has(iframe) {\\n    background-image: none !important;\\n}\\n\\n.menu-fixed .menu .headContainer .google-auto-placed {\\n    display: none;\\n}\\n\\narticle header .title .google-auto-placed {\\n    display: none;\\n}\\n\\n#onetrust-banner-sdk #onetrust-accept-btn-handler {\\n        margin-bottom: 10px;\\n    }\\n\\n    #onetrust-banner-sdk #onetrust-reject-all-handler {\\n        visibility: hidden;\\n    }\\n\\u003C\/style>\\n&#8221;},&#8221;updated_at&#8221;:&#8221;2026-07-22T15:44:05.196Z&#8221;}},&#8221;last_changed&#8221;:&#8221;2026-09-02T06:43:09.011Z&#8221;,&#8221;page&#8221;:{&#8222;created_at&#8221;:&#8221;2026-09-01T11:41:23.049Z&#8221;,&#8221;created_by&#8221;:1,&#8221;custom_fields&#8221;:{},&#8221;domain&#8221;:&#8221;adevarul.ro&#8221;,&#8221;id&#8221;:99,&#8221;last_published_at&#8221;:&#8221;2026-09-01T11:41:24.572Z&#8221;,&#8221;name&#8221;:&#8221;Content layout (article)&#8221;,&#8221;published&#8221;:1,&#8221;s3_hash&#8221;:&#8221;a5e0764cf3bce051367545eab1538b4619e8ecb9&#8243;,&#8221;slug&#8221;:null,&#8221;title&#8221;:&#8221;Content layout&#8221;,&#8221;type&#8221;:&#8221;layout&#8221;,&#8221;updated_at&#8221;:&#8221;2022-07-21T08:27:20.732Z&#8221;,&#8221;version_id&#8221;:272},&#8221;path&#8221;:&#8221;\/politica\/remus-pricopie-spune-ca-a-cerut-departamentului-de-2553405.html&#8221;,&#8221;pathArray&#8221;:[&#8222;&#8221;,&#8221;politica&#8221;,&#8221;remus-pricopie-spune-ca-a-cerut-departamentului-de-2553405.html&#8221;],&#8221;type&#8221;:&#8221;content&#8221;,&#8221;url&#8221;:&#8221;https:\/\/adevarul.ro\/politica\/remus-pricopie-spune-ca-a-cerut-departamentului-de-2553405.html&#8221;,&#8221;features&#8221;:{},&#8221;query&#8221;:{},&#8221;domain_config&#8221;:{&#8222;MISC&#8221;:{&#8222;logo&#8221;:{&#8222;width&#8221;:320,&#8221;height&#8221;:50}},&#8221;SYSTEM_TAGS&#8221;:[&#8222;noads&#8221;,&#8221;nocomments&#8221;,&#8221;sex&#8221;,&#8221;advert&#8221;,&#8221;advertorial&#8221;,&#8221;video&#8221;,&#8221;galerie&#8221;,&#8221;live&#8221;,&#8221;foto&#8221;,&#8221;exclusiv&#8221;,&#8221;analiza&#8221;,&#8221;interviu&#8221;,&#8221;reportaj&#8221;,&#8221;breaking news&#8221;],&#8221;default&#8221;:{&#8222;lang&#8221;:&#8221;ro&#8221;,&#8221;domain&#8221;:&#8221;adevarul.ro&#8221;,&#8221;alternateDomain&#8221;:&#8221;adevarul-ro.adh.reperio.news&#8221;,&#8221;friendlyName&#8221;:&#8221;Adev\u0103rul&#8221;,&#8221;logoURL&#8221;:&#8221;https:\/\/adevarul.ro\/favicon-144-precomposed.png&#8221;}},&#8221;client&#8221;:{&#8222;is_mobile&#8221;:false}}<\/p>\n","protected":false},"excerpt":{"rendered":"Remus Pricopie, rectorul \u0218colii Na\u021bionale de Studii Politice \u0219i Administrative (SNSPA), a anun\u021bat mar\u021bi, 1 septembrie, c\u0103 \u00een&hellip;\n","protected":false},"author":2,"featured_media":284315,"comment_status":"","ping_status":"","sticky":false,"template":"","format":"standard","meta":{"footnotes":"","_share_on_mastodon":"0"},"categories":[5],"tags":[32,33,31,36,37,356,27,34,35,25,17742,41,40,38,39,26,77,28,29,30],"class_list":["post-284314","post","type-post","status-publish","format-standard","has-post-thumbnail","category-titluri","tag-breaking-news","tag-breakingnews","tag-cele-mai-populare-subiecte","tag-featured-news","tag-featurednews","tag-george-simion","tag-headlines","tag-latest-news","tag-latestnews","tag-news","tag-remus-pricopie","tag-ro","tag-romana","tag-romania","tag-romanian","tag-stiri","tag-sua","tag-titluri","tag-top-stories","tag-topstories"],"share_on_mastodon":{"url":"https:\/\/pubeurope.com\/@ro\/117200227960846094","error":""},"_links":{"self":[{"href":"https:\/\/www.europesays.com\/ro\/wp-json\/wp\/v2\/posts\/284314","targetHints":{"allow":["GET"]}}],"collection":[{"href":"https:\/\/www.europesays.com\/ro\/wp-json\/wp\/v2\/posts"}],"about":[{"href":"https:\/\/www.europesays.com\/ro\/wp-json\/wp\/v2\/types\/post"}],"author":[{"embeddable":true,"href":"https:\/\/www.europesays.com\/ro\/wp-json\/wp\/v2\/users\/2"}],"replies":[{"embeddable":true,"href":"https:\/\/www.europesays.com\/ro\/wp-json\/wp\/v2\/comments?post=284314"}],"version-history":[{"count":0,"href":"https:\/\/www.europesays.com\/ro\/wp-json\/wp\/v2\/posts\/284314\/revisions"}],"wp:featuredmedia":[{"embeddable":true,"href":"https:\/\/www.europesays.com\/ro\/wp-json\/wp\/v2\/media\/284315"}],"wp:attachment":[{"href":"https:\/\/www.europesays.com\/ro\/wp-json\/wp\/v2\/media?parent=284314"}],"wp:term":[{"taxonomy":"category","embeddable":true,"href":"https:\/\/www.europesays.com\/ro\/wp-json\/wp\/v2\/categories?post=284314"},{"taxonomy":"post_tag","embeddable":true,"href":"https:\/\/www.europesays.com\/ro\/wp-json\/wp\/v2\/tags?post=284314"}],"curies":[{"name":"wp","href":"https:\/\/api.w.org\/{rel}","templated":true}]}}