{"id":284372,"date":"2026-09-02T08:05:24","date_gmt":"2026-09-02T08:05:24","guid":{"rendered":"https:\/\/www.europesays.com\/ro\/284372\/"},"modified":"2026-09-02T08:05:24","modified_gmt":"2026-09-02T08:05:24","slug":"cand-s-a-inventat-programul-de-lucru-de-8-ore-pe-zi-weekendul-liber-nu-exista-in-perioada-regimului-ceausescu-newsweek-romania","status":"publish","type":"post","link":"https:\/\/www.europesays.com\/ro\/284372\/","title":{"rendered":"C\u00e2nd s-a inventat programul de lucru de 8 ore pe zi? Weekendul liber nu exista \u00een perioada regimului Ceau\u0219escu \u2022 Newsweek Rom\u00e2nia"},"content":{"rendered":"<p>\n                    Programul de lucru de 8 ore pe zi, precum \u0219i s\u0103pt\u0103m\u00e2na de munc\u0103 de 40 de ore au fost mult\u0103 vreme doar un vis frumos pentru clasa muncitoare. Abia primele decenii ale sexolului XIX au adus modific\u0103ri \u00een legisla\u021bia muncii. \u00cen Rom\u00e2nia, \u00een comunism, n-a existat weekend liber.\n                <\/p>\n<p>\u00cenainte de apari\u021bia industrializ\u0103rii, munca era adesea dictat\u0103 de ritmurile naturale ale luminii zilei \u0219i de cerin\u021bele vie\u021bii agricole.<\/p>\n<p>\u00cen societ\u0103\u021bile rurale, oamenii lucrau pe c\u00e2mp de la r\u0103s\u0103rit p\u00e2n\u0103 la apus, ceea ce reflecta o \u00een\u021belegere mai flexibil\u0103 \u0219i sezonier\u0103 a muncii.<\/p>\n<p>Acest lucru s-a schimbat odat\u0103 cu \u00eenceputul Revolu\u021biei Industriale \u00een secolul al XVIII-lea, care a determinat trecerea de la economii agrare la centre industriale urbane.<\/p>\n<p>Tranzi\u021bia de la economiile agrare la cele industrializate a provocat o schimbare semnificativ\u0103 a modului \u00een care era organizat\u0103 munca.<\/p>\n<p>Proprietarii fabricilor \u0219i angajatorii urm\u0103reau s\u0103 optimizeze productivitatea \u0219i eficien\u021ba, ceea ce a dus la stabilirea unor ore de lucru standardizate.<\/p>\n<p>Programul de lucru de opt ore pe zi, introdus \u00een 1926, \u00een SUA<\/p>\n<p>Programul clasic \u201e9\u201317\u201d, adic\u0103 de la ora 9:00 diminea\u021ba p\u00e2n\u0103 la ora 17:00, a ap\u0103rut ca o solu\u021bie practic\u0103 pentru sincronizarea muncii \u00een diferite sectoare, maximiz\u00e2nd folosirea luminii naturale \u0219i facilit\u00e2nd gestionarea angaja\u021bilor.<\/p>\n<p>Pe de alt\u0103 parte, conceptul s\u0103pt\u0103m\u00e2nii de lucru de 5 zile a c\u0103p\u0103tat amploare abia la \u00eenceputul secolului al XX-lea.\u00a0<\/p>\n<p>\u00cenainte de acest moment, s\u0103pt\u0103m\u00e2na de lucru de 6 zile era obi\u0219nuit\u0103 \u00een multe industrii.\u00a0Ideea unei zile regulate de repaus este mult mai veche dec\u00e2t weekendul.<\/p>\n<p>\u00cen tradi\u021bia iudaic\u0103, Sabatul \u00eencepe vineri seara \u0219i se \u00eencheie s\u00e2mb\u0103t\u0103 seara. Cre\u0219tinismul a acordat o importan\u021b\u0103 deosebit\u0103 duminicii, zi asociat\u0103 \u00een tradi\u021bia cre\u0219tin\u0103 cu \u00cenvierea lui Iisus.<\/p>\n<p>\u00cen societ\u0103\u021bile europene, duminica a devenit astfel principala zi \u00een care munca era redus\u0103 sau interzis\u0103 \u00een anumite contexte.<\/p>\n<p>Dar, \u00een restul s\u0103pt\u0103m\u00e2nii, muncitorii lucrau \u0219i c\u00eete 16 ore pe zi, \u00een condi\u021bii adesea, extrem de grele.<\/p>\n<p>Cite\u0219te \u0219i: <a href=\"https:\/\/newsweek.ro\/istorie\/nicolae-si-elena-ceausescu-la-mitingul-din-1-mai-1939-cel-mai-mare-trucaj-din-istoria-comunismului\" target=\"_blank\" rel=\"noopener nofollow\">Nicolae \u0219i Elena Ceau\u0219escu, la mitingul din 1 mai 1939. Cel mai mare trucaj din istoria comunismului<\/a><\/p>\n<p>Sindicatele \u0219i mi\u0219c\u0103rile muncitore\u0219ti au militat pentru reducerea timpului de lucru, \u00eembun\u0103t\u0103\u021birea condi\u021biilor de munc\u0103 \u0219i cre\u0219terea timpului liber.<\/p>\n<p>Primul care a dus \u00een discu\u021bie programul de 8 ore de munc\u0103, a fost britanicul Robert Owen, unul dintre fondatorii socialismului, potrivit <a href=\"https:\/\/portaresolutions.com\/the-evolution-of-the-9-to-5-working-day-and-5-day-working-week-historical-insights-from-the-uk\/\" target=\"_blank\" rel=\"noopener nofollow\">portaresolutions.com<\/a>.<\/p>\n<p>\u00cen 1817, sub deviza 8 ore de munc\u0103, 8 ore de recreere, 8 ore de odihn\u0103 \u201e(8-8-8\u201d), Owen a \u00eencercat s\u0103 modifice legisla\u021bia muncii din Marea Britanie. Din p\u0103cate acest\u0103 ini\u021biativ\u0103 nu a avut succes.<\/p>\n<p><img decoding=\"async\" class=\"w-full h-full object-cover\" src=\"https:\/\/www.europesays.com\/ro\/wp-content\/uploads\/2026\/09\/aHR0cHM6Ly9uZXdzd2Vlay5yby9zdG9yYWdlL211bHRpbWVkaWEvMjAyNi8wOS9SckFHREZZaVZ2c2w2bmVHYXlTUmxmSGtyejM3.webp\" alt=\"Henry Ford\"\/>&#13;<br \/>\nHenry Ford, primul industria\u0219 care a introdus ziua de lucru de 8 ore \u00een fabricile sale &#8211; Foto: arhiva&#13;<\/p>\n<p>Trei decenii mai t\u00e2rziu, autorit\u0103\u021bile din Regat au emis \u201eThe Factories Act of 1847\u201d.\u00a0<\/p>\n<p>Prin acesta a fost limitat programul de munc\u0103 al femeilor \u0219i al copiilor la maximum 10 ore pe zi. \u00cen schimb, b\u0103rba\u021bii au fost obliga\u021bi s\u0103 lucreze peste 60 de ore pe s\u0103pt\u0103m\u00e2n\u0103.<\/p>\n<p>Secolul al XX-lea a adus noi schimb\u0103ri \u00een organizarea programului de lucru, schimb\u0103ri care au venit, de data aceasta, din Statele Unite.<\/p>\n<p>Henry Ford prin Ford Motor Company este adesea creditat pentru popularizarea zilei de lucru de 8 ore \u0219i a s\u0103pt\u0103m\u00e2nii de lucru de 5 zile la \u00eenceputul secolului al XX-lea.<\/p>\n<p>Cite\u0219te \u0219i: <a href=\"https:\/\/newsweek.ro\/actualitate\/video-cum-era-sarbatorit-1-mai-muncitoresc-in-epoca-de-aur-defilari-si-cantece-patriotice\" target=\"_blank\" rel=\"noopener nofollow\">VIDEO Cum era s\u0103rb\u0103torit 1 Mai Muncitoresc \u00een \u201eEpoca de Aur\u201d: Defil\u0103ri \u0219i c\u00e2ntece patriotice<\/a><\/p>\n<p>\u00cen 1926, fabricile Ford din Michigan au trecut la o s\u0103pt\u0103m\u00e2n\u0103 de lucru de 5 zile \u0219i 40 de ore, o m\u0103sur\u0103 considerat\u0103 inovatoare \u0219i progresist\u0103 la acea vreme.<\/p>\n<p>Aceast\u0103 decizie a fost influen\u021bat\u0103, \u00een parte, de dorin\u021ba de a atrage \u0219i p\u0103stra o for\u021b\u0103 de munc\u0103 calificat\u0103, precum \u0219i de stimularea cererii consumatorilor pentru propriile produse Ford.<\/p>\n<p>Henry Ford, primul industria\u0219 care a introdus weekendul liber \u00een fabricile sale<\/p>\n<p>Succesul modelului Ford a contribuit la r\u0103sp\u00e2ndirea lui \u00een alte companii. \u00cen anii 1930, s\u0103pt\u0103m\u00e2na de cinci zile \u0219i ziua de lucru de opt ore deveniser\u0103 \u00a0deja mult mai r\u0103sp\u00e2ndite \u00een Statele Unite\u00a0<\/p>\n<p>\u00cen 1938, SUA au adoptat Fair Labor Standards Act, care a stabilit treptat cadrul federal pentru s\u0103pt\u0103m\u00e2na de lucru de 40 de ore, pentru ca \u00een 1940 s\u0103 intre \u00een vigoare limita de 40 de ore pentru s\u0103pt\u0103m\u00e2na standard.<\/p>\n<p>A doua jum\u0103tate a secolului al XX-lea a dus la consolidarea programului 9\u201317 ca model standard de lucru \u00een numeroase industrii.<\/p>\n<p>Cite\u0219te \u0219i: <a href=\"https:\/\/newsweek.ro\/social\/ziua-de-munca-de-8-ore-va-fi-de-domeniul-trecutului-care-romani-vor-fi-vizati-de-aceasta-modificare\" target=\"_blank\" rel=\"noopener nofollow\">Ziua de munc\u0103 de 8 ore va fi de domeniul trecutului. Care rom\u00e2ni vor fi viza\u021bi de aceast\u0103 modificare?<\/a><\/p>\n<p>Progresele tehnologice, precum computerele \u0219i sistemele de telecomunica\u021bii, au facilitat \u0219i mai mult acest model.<\/p>\n<p>Cu toate acestea, pe m\u0103sur\u0103 ce societatea a evoluat, s-au schimbat \u0219i atitudinile fa\u021b\u0103 de echilibrul dintre via\u021ba profesional\u0103 \u0219i cea personal\u0103, precum \u0219i fa\u021b\u0103 de rigiditatea programului tradi\u021bional 9\u201317.<\/p>\n<p><img decoding=\"async\" class=\"w-full h-full object-cover\" src=\"https:\/\/www.europesays.com\/ro\/wp-content\/uploads\/2026\/09\/aHR0cHM6Ly9uZXdzd2Vlay5yby9zdG9yYWdlL211bHRpbWVkaWEvMjAyNi8wOS90cFI5OUJCM3FpTGJwMGM0bHJnak9jZUtBUVMx.webp\" alt=\"Muncitori uzina Romania\"\/>&#13;<br \/>\n\u00cen Rom\u00e2nia comunist\u0103, muncitorii lucrau 6 zile pe s\u0103pt\u0103m\u00e2n\u0103, doar duminica fiind liber\u0103 &#8211; Foto: arhiva&#13;<\/p>\n<p>\u00cen comunism, de\u0219i ziua dedicat\u0103 \u201ecelor ce muncesc\u201d, cea de 1 mai, era s\u0103rb\u0103torit\u0103 cu mare fast, iar puterea \u00een stat era, teoretic, \u00een m\u00e2na \u201eclasei muncitoare\u201d, situa\u021bia n-a progresat ca \u00een restul lumii libere.<\/p>\n<p>E drept, a fost legiferat programul de lucru de 8 ore pe zi, dar nu exista weekend liber.<\/p>\n<p>\u00cen regimul Nicolae Ceau\u0219escu, ca \u00een toat\u0103 perioada comunist\u0103, angaja\u021bii lucrau \u0219i s\u00e2mb\u0103ta, c\u00e2te 6 zile pe s\u0103pt\u0103m\u00e2n\u0103, 8 ore pe zi. Singura zi liber\u0103 era cea de duminic\u0103.\u00a0<\/p>\n<p>Chiar dac\u0103, de la un punct, \u00een anii &#8217;80, s\u00e2mb\u0103ta era \u201eprogram scurt\u201d, de doar 6 ore, trei s\u00e2mbete din patru trebuiau lucrate \u00een program normal. Acela\u0219i regim orar exista \u0219i \u00een \u0219coli, de luni p\u00e2n\u0103 s\u00e2mb\u0103t\u0103, cu o singur\u0103 zi liber\u0103.<\/p>\n<p>Dup\u0103 1990, programul de lucru al angaja\u021bilor s-a adaptat treptat normelor europene \u0219i interna\u021bionale, de 40 de ore pe s\u0103pt\u0103m\u00e2na \u0219i weekend liber.<\/p>\n<p>Cite\u0219te \u0219i: <a href=\"https:\/\/newsweek.ro\/actualitate\/se-propune-o-noua-zi-libera-pentru-romani-in-ce-data-va-cadea-de-ce-se-opun-unii-dintre-parlamentari\" target=\"_blank\" rel=\"noopener nofollow\">Se propune o nou\u0103 zi liber\u0103 pentru rom\u00e2ni. \u00cen ce dat\u0103 va c\u0103dea? De ce se opun unii dintre parlamentari?<\/a><\/p>\n<p>Fire\u0219te, programul mai difer\u0103 \u00een func\u021bie de natura meseriei practicate, a obliga\u021biilor profesionale sau a cerin\u021belor companiei ori institu\u021biei respective.\u00a0<\/p>\n<p>\u00cen ultimii ani, tradi\u021bionala s\u0103pt\u0103m\u00e2n\u0103 de lucru de 5 zile, cu program 9\u201317, a fost criticat\u0103 pentru posibilele sale efecte negative asupra st\u0103rii de bine a angaja\u021bilor, echilibrului dintre via\u021ba profesional\u0103 \u0219i cea personal\u0103 \u0219i productivit\u0103\u021bii generale.<\/p>\n<p>Conceptul s\u0103pt\u0103m\u00e2nii de lucru de 4 zile a atras aten\u021bia ca posibil\u0103 solu\u021bie pentru combaterea epuiz\u0103rii profesionale, \u00eembun\u0103t\u0103\u021birea s\u0103n\u0103t\u0103\u021bii mintale \u0219i oferirea unui timp mai mare pentru activit\u0103\u021bile personale.<\/p>\n<p>Organiza\u021bii care au experimentat s\u0103pt\u0103m\u00e2na de lucru de 4 zile, precum Perpetual Guardian din Noua Zeeland\u0103 \u0219i Microsoft Japan, au raportat rezultate pozitive, inclusiv o satisfac\u021bie mai mare a angaja\u021bilor \u0219i men\u021binerea sau chiar \u00eembun\u0103t\u0103\u021birea nivelului de productivitate.<\/p>\n","protected":false},"excerpt":{"rendered":"Programul de lucru de 8 ore pe zi, precum \u0219i s\u0103pt\u0103m\u00e2na de munc\u0103 de 40 de ore au&hellip;\n","protected":false},"author":2,"featured_media":284373,"comment_status":"","ping_status":"","sticky":false,"template":"","format":"standard","meta":{"footnotes":"","_share_on_mastodon":"0"},"categories":[10],"tags":[32,33,16647,31,78279,23469,36,37,27,78280,34,35,25,78281,41,40,38,39,26,28,29,30,33196],"class_list":["post-284372","post","type-post","status-publish","format-standard","has-post-thumbnail","category-romania","tag-breaking-news","tag-breakingnews","tag-ceausescu","tag-cele-mai-populare-subiecte","tag-durata-zi-munca","tag-eveniment","tag-featured-news","tag-featurednews","tag-headlines","tag-henry-ford","tag-latest-news","tag-latestnews","tag-news","tag-program-de-lucru","tag-ro","tag-romana","tag-romania","tag-romanian","tag-stiri","tag-titluri","tag-top-stories","tag-topstories","tag-weekend"],"share_on_mastodon":{"url":"https:\/\/pubeurope.com\/@ro\/117200416300580929","error":""},"_links":{"self":[{"href":"https:\/\/www.europesays.com\/ro\/wp-json\/wp\/v2\/posts\/284372","targetHints":{"allow":["GET"]}}],"collection":[{"href":"https:\/\/www.europesays.com\/ro\/wp-json\/wp\/v2\/posts"}],"about":[{"href":"https:\/\/www.europesays.com\/ro\/wp-json\/wp\/v2\/types\/post"}],"author":[{"embeddable":true,"href":"https:\/\/www.europesays.com\/ro\/wp-json\/wp\/v2\/users\/2"}],"replies":[{"embeddable":true,"href":"https:\/\/www.europesays.com\/ro\/wp-json\/wp\/v2\/comments?post=284372"}],"version-history":[{"count":0,"href":"https:\/\/www.europesays.com\/ro\/wp-json\/wp\/v2\/posts\/284372\/revisions"}],"wp:featuredmedia":[{"embeddable":true,"href":"https:\/\/www.europesays.com\/ro\/wp-json\/wp\/v2\/media\/284373"}],"wp:attachment":[{"href":"https:\/\/www.europesays.com\/ro\/wp-json\/wp\/v2\/media?parent=284372"}],"wp:term":[{"taxonomy":"category","embeddable":true,"href":"https:\/\/www.europesays.com\/ro\/wp-json\/wp\/v2\/categories?post=284372"},{"taxonomy":"post_tag","embeddable":true,"href":"https:\/\/www.europesays.com\/ro\/wp-json\/wp\/v2\/tags?post=284372"}],"curies":[{"name":"wp","href":"https:\/\/api.w.org\/{rel}","templated":true}]}}