{"id":284490,"date":"2026-09-02T09:45:10","date_gmt":"2026-09-02T09:45:10","guid":{"rendered":"https:\/\/www.europesays.com\/ro\/284490\/"},"modified":"2026-09-02T09:45:10","modified_gmt":"2026-09-02T09:45:10","slug":"ioan-varga-a-reactionat-prompt-dupa-ce-gigi-becali-a-pus-pe-masa-500-000-de-euro-pentru-meriton-korenica","status":"publish","type":"post","link":"https:\/\/www.europesays.com\/ro\/284490\/","title":{"rendered":"Ioan Varga a reac\u021bionat prompt, dup\u0103 ce Gigi Becali a pus \u201cpe mas\u0103\u201d 500.000 de euro pentru Meriton Korenica"},"content":{"rendered":"\n<ul class=\"bullets\">\n<li>\n<p>Cupa Rom\u00e2niei: FC Arge\u0219 &#8211; FCSB, miercuri, 21:30, DGS 1<\/p>\n<\/li>\n<li>\n<p>Cupa Rom\u00e2niei: Sporting Lie\u0219ti &#8211; Dinamo, miercuri, 19:00, DGS 1<\/p>\n<\/li>\n<\/ul>\n<p>Pierderea mai multor juc\u0103tori importan\u021bi, schimbarea antrenorului \u0219i\u00a0<a href=\"https:\/\/www.digisport.ro\/fotbal\/liga-1\/cine-va-fi-administrator-special-la-cfr-cluj-ioan-varga-a-decis-4452081\" data-skip-linkfix=\"1\" rel=\"nofollow noopener\" target=\"_blank\">intrarea \u00een insolven\u021b\u0103<\/a>\u00a0au destabilizat clubul din Gruia. Situa\u021bia de la CFR continu\u0103 s\u0103 fie una instabil\u0103, iar Meriton Korenica \u0219i Andrei Cordea pot pleca \u0219i ei de sub comanda lui Marius \u0218umudic\u0103.<\/p>\n<p>Ioan Varga, despre oferta de 500.000 de euro a lui Gigi Becali pentru Meriton Korenica: &#8222;Prostii! Numai pove\u0219ti&#8221;<\/p>\n<p>Meriton Korenica este unul dintre juc\u0103torii \u00een schimbul c\u0103rora Ioan Varga a\u0219teapt\u0103 sume importante de bani. Finan\u021batorul CFR-ului solicit\u0103 1,5 milioane de euro \u00een schimbul kosovarului dorit de FCSB \u0219i Universitatea Craiova \u00een momentul actual.<\/p>\n<p>Miercuri diminea\u021ba, Gigi Becali a anun\u021bat c\u0103 este dispus s\u0103 dea 500.000 de euro pentru Meriton Korenica. \u00cen replic\u0103, Ioan Varga a oferit un r\u0103spuns scurt \u0219i a dat de \u00een\u021beles c\u0103 nu este tentat de o asemenea propunere.\u00a0<\/p>\n<p>&#8222;Eu sunt \u00een concediu acum. (n.r. despre oferta de 500.000 de euro de la FCSB pentru Korenica) Prostii! Numai pove\u0219ti. Nu mai vreau s\u0103 comentez, deja este prea mult&#8221;, a spus Ioan Varga, pentru digisport.ro.<\/p>\n<p>Gigi Becali a dezv\u0103luit c\u0103 ultima sa ofert\u0103 pentru Meriton Korenica este de 500.000 de euro.<\/p>\n<p>&#8222;Eu am f\u0103cut o ofert\u0103 de 500.000 de euro \u0219i at\u00e2t. Eu nici nu \u0219tiam c\u0103-l vrea Rotaru. S\u0103-l ia el, atunci. Eu nu fac licita\u021bii. Dac\u0103 vreau, iau. Ce, sunt idiot? Unii \u00eencearc\u0103 s\u0103 fac\u0103 licita\u021bie \u00eentre mine \u0219i Rotaru. Eu nu fac! Nu dau peste Rotaru. S\u0103-l ia Rotaru.<\/p>\n<p>Varga a zis c\u0103 are din America vreo 800.000 de euro. Eu nu dau 800.000 de euro. \u0218i c\u0103 are ofer\u0103 de 700.000 de euro de la Craiova. S\u0103-l dea la Craiova atunci! Eu am dat mai pu\u021bin dec\u00e2t Rotaru. Nu fac licita\u021bie. Un milion nu dau! Doamne fere\u0219te! Ce, am b\u0103ut gaz? Cum s\u0103 dau un milion de euro pe Korenica? Pe mine nu m\u0103 p\u0103c\u0103lesc. Eu am bani, dar la mine nu exist\u0103 licita\u021bie&#8221;, a declarat Gigi Becali, potrivit <a style=\"color: #000000;\" href=\"https:\/\/www.gsp.ro\/fotbal\/liga-1\/gigi-becali-fcsb-negocieri-cfr-cluj-ioan-varga-meriton-korenica-975634.html\" data-skip-linkfix=\"1\" target=\"_blank\" rel=\"nofollow noopener\">gsp.<\/a><\/p>\n<p>Meriton Korenica este evaluat la 3 milioane de euro, potrivit Transfermarkt.com. La CFR, kosovarul a adunat 110 de meciuri, timp \u00een care a marcat 27 de goluri \u0219i a oferit 16 assist-uri.<\/p>\n<p>Kosovarul a fost folosit at\u00e2t \u00een atac, ca extrem\u0103, c\u00e2t \u0219i la mijlocul terenului pe pozi\u021bia de inter, de la momentul sosirii \u00een Rom\u00e2nia.<\/p>\n<p>\u00cen afar\u0103 de CFR, Meriton Korenica a mai evoluat pentru FC Ballkani, FC Prishtina, FC Liria, Manisa FK, Metalurg Skopje \u0219i Shkendija.<\/p>\n<p>Iuliu Mure\u0219an a spus ce \u00eenseamn\u0103 insolven\u021ba pentru CFR<\/p>\n<p>Chiar dac\u0103<a href=\"https:\/\/www.digisport.ro\/fotbal\/liga-1\/ioan-varga-l-a-sunat-pe-iuliu-muresan-4448147\" data-skip-linkfix=\"1\" rel=\"nofollow noopener\" target=\"_blank\">\u00a0Ioan Varga a sperat\u00a0<\/a>c\u0103 nu se va ajunge la insolven\u021b\u0103, CFR a intrat pentru a doua oar\u0103 \u00een acest proces. La primul a fost prezent \u0219i Iuliu Mure\u0219an, care a plecat de cur\u00e2nd din Gruia.<\/p>\n<p>\u00centrebat despre aceast\u0103 situa\u021bie, Iuliu Mure\u0219an a declarat c\u0103, \u00een opinia sa, insolven\u021ba a fost cea mai bun\u0103 decizie luat\u0103 la nivelul clubului.<\/p>\n<p>&#8222;Este o rezolvare pentru c\u0103 scade presiunea unor pl\u0103\u021bi. De exemplu, dac\u0103 ai poprire pe conturi de c\u0103tre ANAF, ele se ridic\u0103 automat \u00een insolven\u021b\u0103. \u0218i sumele datorate se adaug\u0103 \u00een plan \u0219i trebuie pl\u0103tite conform planului. Atunci, acesta este un mare avantaj pentru c\u0103 nu mai trebuie pl\u0103tite m\u00e2ine. Nu mai stai cu sabia deasupra capului.<\/p>\n<p>Sunt multe avantaje. Anumite datorii se vor pl\u0103ti \u00eentr-un procent mai mic fa\u021b\u0103 de sumele care sunt scrise \u00een tabelul creditorilor. \u00cen insolven\u021b\u0103 sunt asigura\u021bi angaja\u021bii \u0219i ANAF-ul. Dar ANAF-ul dup\u0103 planul de organizare. Era singura solu\u021bie care putea fi luat\u0103. \u0218i eu m-am g\u00e2ndit la insolven\u021b\u0103 \u0219i chiar am militat pentru acest lucru. Nu se putea altfel.<\/p>\n<p>Eu am mai fost adminstrator special la dou\u0103 insolven\u021be, la prima a CFR-ului \u0219i la Dinamo. \u0218tiu exact mecanismul \u0219i toate plusurile \u0219i minusurile. La acest moment, insolven\u021ba vine pentru CFR numai cu plusuri. Minusuri sunt pu\u021bine sau deloc&#8221;,\u00a0a spus Iuliu Mure\u0219an, pentru digisport.ro.<\/p>\n<p>  Etichete:  <a href=\"https:\/\/www.digisport.ro\/eticheta\/transfer\" rel=\"nofollow noopener\" target=\"_blank\">transfer<\/a> , <a href=\"https:\/\/www.digisport.ro\/eticheta\/cfr\" rel=\"nofollow noopener\" target=\"_blank\">cfr<\/a> , <a href=\"https:\/\/www.digisport.ro\/eticheta\/gigi-becali\" rel=\"nofollow noopener\" target=\"_blank\">gigi becali<\/a> , <a href=\"https:\/\/www.digisport.ro\/eticheta\/fcsb\" rel=\"nofollow noopener\" target=\"_blank\">fcsb<\/a> , <a href=\"https:\/\/www.digisport.ro\/eticheta\/ioan-varga\" rel=\"nofollow noopener\" target=\"_blank\">ioan varga<\/a> , <a href=\"https:\/\/www.digisport.ro\/eticheta\/meriton-korenica\" rel=\"nofollow noopener\" target=\"_blank\">meriton korenica<\/a>   <\/p>\n<p>Urm\u0103re\u0219te \u0219tirile digisport.ro \u0219i pe <a href=\"https:\/\/news.google.com\/publications\/CAAiENr1L9HFNMG5hpp5zTfVtpsqFAgKIhDa9S_RxTTBuYaaec031bab?ceid=RO:ro&amp;oc=3\" target=\"_blank\" rel=\"external nofollow noopener\">Google News<\/a><\/p>\n<p>   Noua Aplica\u0163ie Digi Sport poate fi desc\u0103rcat\u0103 din   <\/p>\n","protected":false},"excerpt":{"rendered":"Cupa Rom\u00e2niei: FC Arge\u0219 &#8211; FCSB, miercuri, 21:30, DGS 1 Cupa Rom\u00e2niei: Sporting Lie\u0219ti &#8211; Dinamo, miercuri, 19:00,&hellip;\n","protected":false},"author":2,"featured_media":284491,"comment_status":"","ping_status":"","sticky":false,"template":"","format":"standard","meta":{"footnotes":"","_share_on_mastodon":"0"},"categories":[20],"tags":[6084,269,196,870,25897,41,40,38,39,185,184,379],"class_list":["post-284490","post","type-post","status-publish","format-standard","has-post-thumbnail","category-sport","tag-cfr","tag-fcsb","tag-gigi-becali","tag-ioan-varga","tag-meriton-korenica","tag-ro","tag-romana","tag-romania","tag-romanian","tag-sport","tag-sports","tag-transfer"],"share_on_mastodon":{"url":"https:\/\/pubeurope.com\/@ro\/117200809634185960","error":""},"_links":{"self":[{"href":"https:\/\/www.europesays.com\/ro\/wp-json\/wp\/v2\/posts\/284490","targetHints":{"allow":["GET"]}}],"collection":[{"href":"https:\/\/www.europesays.com\/ro\/wp-json\/wp\/v2\/posts"}],"about":[{"href":"https:\/\/www.europesays.com\/ro\/wp-json\/wp\/v2\/types\/post"}],"author":[{"embeddable":true,"href":"https:\/\/www.europesays.com\/ro\/wp-json\/wp\/v2\/users\/2"}],"replies":[{"embeddable":true,"href":"https:\/\/www.europesays.com\/ro\/wp-json\/wp\/v2\/comments?post=284490"}],"version-history":[{"count":0,"href":"https:\/\/www.europesays.com\/ro\/wp-json\/wp\/v2\/posts\/284490\/revisions"}],"wp:featuredmedia":[{"embeddable":true,"href":"https:\/\/www.europesays.com\/ro\/wp-json\/wp\/v2\/media\/284491"}],"wp:attachment":[{"href":"https:\/\/www.europesays.com\/ro\/wp-json\/wp\/v2\/media?parent=284490"}],"wp:term":[{"taxonomy":"category","embeddable":true,"href":"https:\/\/www.europesays.com\/ro\/wp-json\/wp\/v2\/categories?post=284490"},{"taxonomy":"post_tag","embeddable":true,"href":"https:\/\/www.europesays.com\/ro\/wp-json\/wp\/v2\/tags?post=284490"}],"curies":[{"name":"wp","href":"https:\/\/api.w.org\/{rel}","templated":true}]}}