{"id":284512,"date":"2026-09-02T09:59:12","date_gmt":"2026-09-02T09:59:12","guid":{"rendered":"https:\/\/www.europesays.com\/ro\/284512\/"},"modified":"2026-09-02T09:59:12","modified_gmt":"2026-09-02T09:59:12","slug":"gata-dat-afara-de-real-madrid-cartita-a-semnat-cu-echipa-de-suflet","status":"publish","type":"post","link":"https:\/\/www.europesays.com\/ro\/284512\/","title":{"rendered":"Gata: dat afar\u0103 de Real Madrid, \u201dc\u00e2rti\u021ba\u201d a semnat cu echipa de suflet!"},"content":{"rendered":"\n<ul class=\"bullets\">\n<li>\n<p>Cupa Rom\u00e2niei: FC Arge\u0219 &#8211; FCSB, miercuri, 21:30, DGS 1<\/p>\n<\/li>\n<li>\n<p>Cupa Rom\u00e2niei: Sporting Lie\u0219ti &#8211; Dinamo, miercuri, 19:00, DGS 1<\/p>\n<\/li>\n<\/ul>\n<p>\u00cen sezonul trecut s-au aflat informa\u021bii din vestiarul clubului de pe \u201dBernabeu\u201d, iar multe voci transmiteau c\u0103 Ceballos ar fi fost \u201dc\u00e2rti\u021ba\u201d din vestiar.<\/p>\n<p>Dani Ceballos a semnat cu Betis, dup\u0103 plecarea de la Real Madrid!<\/p>\n<p>Ceballos \u0219i-a c\u0103utat toat\u0103 vara un nou club, iar cel mai aproape a fost de Ajax, cvadrupl\u0103 campioan\u0103 a Europei care a negociat intens timp de s\u0103pt\u0103m\u00e2ni cu juc\u0103torul, dar care <a href=\"https:\/\/www.digisport.ro\/fotbal\/la-liga\/s-au-terminat-negocierile-out-de-la-real-madrid-a-primit-o-mare-lovitura-4401195\" target=\"_blank\" rel=\"noopener nofollow\" data-skip-linkfix=\"1\">s-a retras din cauza indeciziei juc\u0103torului.<\/a><\/p>\n<p>Ceballos nu s-a ar\u0103tat nici pe deplin hot\u0103r\u00e2t s\u0103 semneze \u00een Eredivisie, deoarece a\u0219tepta un transfer \u00een Spania, acolo unde \u0219i-a dorit s\u0103 r\u0103m\u00e2n\u0103. \u00cen ultima zi de mercato din marile campionate ale Europei, mijloca\u0219ul a b\u0103tut palma cu noul club.<\/p>\n<p><a href=\"https:\/\/x.com\/FabrizioRomano\/status\/2094845321926812073\" target=\"_blank\" rel=\"noopener nofollow\" data-skip-linkfix=\"1\">Jurnalistul Fabrizio Romano<\/a> a folosit celebrul \u201dhere we go\u201d pentru a anun\u021ba faptul c\u0103 Dani Ceballos \u00ee\u0219i va continua cariera la Betis, unde va semna un contract valabil timp de trei sezoane, p\u00e2n\u0103 \u00een 2029.<\/p>\n<p>Betis a reprezentat din totdeauna <a href=\"https:\/\/www.digisport.ro\/fotbal\/la-liga\/dani-ceballos-vrea-acasa-dar-multi-il-acuza-de-tradare-4335995\" target=\"_blank\" rel=\"noopener nofollow\" data-skip-linkfix=\"1\">marea dorin\u021b\u0103 a fotbalistului<\/a>. De altfel, pe parcursul sezonului trecut s-a zvonit c\u0103 ar putea ajunge la gruparea preg\u0103tit\u0103 de Manuel Pellegrini, dar nimic nu se materializase.<\/p>\n<p>Gruparea din Sevilla este calificat\u0103 inclusiv \u00een UEFA Champions League, competi\u021bie transmis\u0103 \u00een direct pe canalele Digi Sport. Probabil c\u0103 Ceballos va mai avea de a\u0219teptat p\u00e2n\u0103 va putea juca, deoarece nu s-a preg\u0103tit cu niciun club \u00een var\u0103.<\/p>\n<p>Este o revenire dup\u0103 nou\u0103 ani a lui Ceballos la Betis, de unde pleca la Real Madrid pentru 16,5 milioane de euro. Mijloca\u0219ul a totalizat 215 de meciuri \u00een tricoul alb, cu \u0219apte goluri \u0219i 16 assisturi. Are \u00een palmares dou\u0103 trofee La Liga \u0219i trei UEFA Champions League, printre altele.<\/p>\n<p>Dani Ceballos se afl\u0103 \u00eentr-o rela\u021bie cu Luna SerratGalerie Foto   <\/p>\n<p>  Etichete:  <a href=\"https:\/\/www.digisport.ro\/eticheta\/real-madrid\" rel=\"nofollow noopener\" target=\"_blank\">real madrid<\/a> , <a href=\"https:\/\/www.digisport.ro\/eticheta\/transfer\" rel=\"nofollow noopener\" target=\"_blank\">transfer<\/a> , <a href=\"https:\/\/www.digisport.ro\/eticheta\/betis\" rel=\"nofollow noopener\" target=\"_blank\">betis<\/a> , <a href=\"https:\/\/www.digisport.ro\/eticheta\/mercato\" rel=\"nofollow noopener\" target=\"_blank\">mercato<\/a> , <a href=\"https:\/\/www.digisport.ro\/eticheta\/dani-ceballos\" rel=\"nofollow noopener\" target=\"_blank\">dani ceballos<\/a>   <\/p>\n<p>Urm\u0103re\u0219te \u0219tirile digisport.ro \u0219i pe <a href=\"https:\/\/news.google.com\/publications\/CAAiENr1L9HFNMG5hpp5zTfVtpsqFAgKIhDa9S_RxTTBuYaaec031bab?ceid=RO:ro&amp;oc=3\" target=\"_blank\" rel=\"external nofollow noopener\">Google News<\/a><\/p>\n<p>   Noua Aplica\u0163ie Digi Sport poate fi desc\u0103rcat\u0103 din   <\/p>\n","protected":false},"excerpt":{"rendered":"Cupa Rom\u00e2niei: FC Arge\u0219 &#8211; FCSB, miercuri, 21:30, DGS 1 Cupa Rom\u00e2niei: Sporting Lie\u0219ti &#8211; Dinamo, miercuri, 19:00,&hellip;\n","protected":false},"author":2,"featured_media":284513,"comment_status":"","ping_status":"","sticky":false,"template":"","format":"standard","meta":{"footnotes":"","_share_on_mastodon":"0"},"categories":[20],"tags":[22652,36782,7119,1083,41,40,38,39,185,184,379],"class_list":["post-284512","post","type-post","status-publish","format-standard","has-post-thumbnail","category-sport","tag-betis","tag-dani-ceballos","tag-mercato","tag-real-madrid","tag-ro","tag-romana","tag-romania","tag-romanian","tag-sport","tag-sports","tag-transfer"],"share_on_mastodon":{"url":"https:\/\/pubeurope.com\/@ro\/117200864335665070","error":""},"_links":{"self":[{"href":"https:\/\/www.europesays.com\/ro\/wp-json\/wp\/v2\/posts\/284512","targetHints":{"allow":["GET"]}}],"collection":[{"href":"https:\/\/www.europesays.com\/ro\/wp-json\/wp\/v2\/posts"}],"about":[{"href":"https:\/\/www.europesays.com\/ro\/wp-json\/wp\/v2\/types\/post"}],"author":[{"embeddable":true,"href":"https:\/\/www.europesays.com\/ro\/wp-json\/wp\/v2\/users\/2"}],"replies":[{"embeddable":true,"href":"https:\/\/www.europesays.com\/ro\/wp-json\/wp\/v2\/comments?post=284512"}],"version-history":[{"count":0,"href":"https:\/\/www.europesays.com\/ro\/wp-json\/wp\/v2\/posts\/284512\/revisions"}],"wp:featuredmedia":[{"embeddable":true,"href":"https:\/\/www.europesays.com\/ro\/wp-json\/wp\/v2\/media\/284513"}],"wp:attachment":[{"href":"https:\/\/www.europesays.com\/ro\/wp-json\/wp\/v2\/media?parent=284512"}],"wp:term":[{"taxonomy":"category","embeddable":true,"href":"https:\/\/www.europesays.com\/ro\/wp-json\/wp\/v2\/categories?post=284512"},{"taxonomy":"post_tag","embeddable":true,"href":"https:\/\/www.europesays.com\/ro\/wp-json\/wp\/v2\/tags?post=284512"}],"curies":[{"name":"wp","href":"https:\/\/api.w.org\/{rel}","templated":true}]}}