{"id":284582,"date":"2026-09-02T10:50:12","date_gmt":"2026-09-02T10:50:12","guid":{"rendered":"https:\/\/www.europesays.com\/ro\/284582\/"},"modified":"2026-09-02T10:50:12","modified_gmt":"2026-09-02T10:50:12","slug":"ifa-2026-acer-c350e-pune-google-gemini-pe-telecomanda-si-proiecteaza-full-hd-de-la-199-de-euro","status":"publish","type":"post","link":"https:\/\/www.europesays.com\/ro\/284582\/","title":{"rendered":"IFA 2026: Acer C350e pune Google Gemini pe telecomand\u0103 \u0219i proiecteaz\u0103 Full HD, de la 199 de euro"},"content":{"rendered":"<p>Acer C350e este unul dintre proiectoarele compacte aduse de Acer la IFA 2026, cu Full HD, suport rotativ \u0219i un mic modul AI cu Google Gemini. Produsul apare \u00een valul de nout\u0103\u021bi prezentat de companie la <a href=\"https:\/\/www.acer.com\/us-en\/events\/nextatacer\" rel=\"nofollow noopener noreferrer\" target=\"_blank\">evenimentul next@acer de la Berlin<\/a>, unde Acer expune pe 2 \u0219i 3 septembrie, \u00eenainte de deschiderea IFA pentru public.<\/p>\n<p>Designul este greu de confundat cu un proiector business: corp galben, suport portocaliu, rota\u021bie la 360 de grade \u0219i \u00eenclinare de p\u00e2n\u0103 la 120 de grade. Dincolo de culoare, C350e este un model Full HD de 1920 \u00d7 1080 pixeli, cu imagine de p\u00e2n\u0103 la 100 inch \u0219i raport de proiec\u021bie 1,3:1. Acer indic\u0103 o surs\u0103 LED cotat\u0103 la 30.000 de ore \u0219i 8.000 de \u201eLED lumens\u201d, dar cifra mai util\u0103 pentru compara\u021bii este 350 ANSI lumeni. Cu alte cuvinte, \u00eentunericul din camer\u0103 va conta mai mult dec\u00e2t culoarea vesel\u0103 a carcasei.<\/p>\n<p class=\"photoGallery\"><a class=\"ui-action-gallery-overlay\" data-photo-gallery-id=\"15792\"><img class=\"articleGalleryPreviewImage\" src=\"https:\/\/www.europesays.com\/ro\/wp-content\/uploads\/2026\/09\/6a97f990527f6.jpg\" alt=\"Acer C350e (galerie)\" width=\"1920\" height=\"1579\" loading=\"lazy\" decoding=\"async\"\/>Acer C350e (galerie)<\/a><\/p>\n<p>Pentru instalare exist\u0103 corec\u021bie automat\u0103 vertical\u0103 a trapezului \u0219i ajustare \u00een patru col\u021buri, \u00een timp ce corec\u021bia pe orizontal\u0103 r\u0103m\u00e2ne manual\u0103. Asta \u00eel face mai flexibil dec\u00e2t un proiector fix, f\u0103r\u0103 s\u0103 elimine complet nevoia de a-l a\u0219eza decent \u00een fa\u021ba peretelui. Acer C350e c\u00e2nt\u0103re\u0219te 820 de grame \u0219i m\u0103soar\u0103 137,5 \u00d7 135,7 \u00d7 191,9 mm, deci poate fi mutat u\u0219or \u00eentre camere sau luat \u00eentr-un bagaj.<\/p>\n<p>Gemini ajunge \u0219i pe telecomanda proiectorului<\/p>\n<p>Elementul mai neobi\u0219nuit este AI Badge, un modul deta\u0219abil care poate func\u021biona ca telecomand\u0103 \u0219i ofer\u0103 acces la Google Gemini. Atunci c\u00e2nd proiectorul nu red\u0103 con\u021binut, acesta poate afi\u0219a fotografii personale \u0219i widgeturi. Acer \u00eempinge astfel AI-ul \u00eentr-o categorie unde p\u00e2n\u0103 acum \u201esmart\u201d \u00eensemna mai ales streaming \u0219i corec\u021bie automat\u0103 a imaginii.<\/p>\n<p>Conectica r\u0103m\u00e2ne simpl\u0103: HDMI 1.4, USB-A 2.0 \u0219i jack audio de 3,5 mm, plus Bluetooth 5.4 pentru c\u0103\u0219ti sau alte dispozitive audio. Sunetul integrat este asigurat de dou\u0103 difuzoare de 3 W. Dac\u0103 v\u0103 sun\u0103 familiar formula de proiector Full HD compact \u0219i accesibil, Acer a lansat \u00een prim\u0103var\u0103 \u0219i <a href=\"https:\/\/www.mobilissimo.ro\/stiri-diverse\/computex-2026-acer-hd1500-vine-cu-netflix-si-youtube-integrate-proiector-full-hd-la-un-pret-de-149-euro\" rel=\"nofollow noopener\" target=\"_blank\">HD1500 la 149 de euro<\/a>, model care mergea mai degrab\u0103 pe integrarea Netflix \u0219i YouTube. C350e adaug\u0103 acum designul mult mai juc\u0103u\u0219 \u0219i componenta Gemini.<\/p>\n<p>Acer C350e va ajunge \u00een regiunea EMEA \u00een primul trimestru din 2027, cu un pre\u021b recomandat de la 199 de euro (aproximativ 1.050 de lei). Conversia folose\u0219te cursul EUR\/RON din 2 septembrie 2026. Modelul face parte din seria ampl\u0103 de dispozitive prezentate de Acer la Berlin, iar <a href=\"https:\/\/www.mobilissimo.ro\/articole-diverse\/ifa-2026-incepe-pentru-mobilissimo-inainte-de-deschiderea-messe-berlin-huawei-la-munchen-pe-1-3-septembrie-samsung-la-berlin-pe-2-septembrie\" rel=\"nofollow noopener\" target=\"_blank\">IFA 2026 este deja \u00een plin\u0103 desf\u0103\u0219urare pentru echipa Mobilissimo<\/a>.<\/p>\n","protected":false},"excerpt":{"rendered":"Acer C350e este unul dintre proiectoarele compacte aduse de Acer la IFA 2026, cu Full HD, suport rotativ&hellip;\n","protected":false},"author":2,"featured_media":284583,"comment_status":"","ping_status":"","sticky":false,"template":"","format":"standard","meta":{"footnotes":"","_share_on_mastodon":"0"},"categories":[16],"tags":[6341,78330,78331,5202,68356,179,54910,28763,41,40,38,39,141,124],"class_list":["post-284582","post","type-post","status-publish","format-standard","has-post-thumbnail","category-tehnologie","tag-acer","tag-acer-c350e","tag-ai-badge","tag-google-gemini","tag-ifa-2026","tag-inteligenta-artificiala","tag-proiector-full-hd","tag-proiector-portabil","tag-ro","tag-romana","tag-romania","tag-romanian","tag-technology","tag-tehnologie"],"share_on_mastodon":{"url":"https:\/\/pubeurope.com\/@ro\/117201064938256983","error":""},"_links":{"self":[{"href":"https:\/\/www.europesays.com\/ro\/wp-json\/wp\/v2\/posts\/284582","targetHints":{"allow":["GET"]}}],"collection":[{"href":"https:\/\/www.europesays.com\/ro\/wp-json\/wp\/v2\/posts"}],"about":[{"href":"https:\/\/www.europesays.com\/ro\/wp-json\/wp\/v2\/types\/post"}],"author":[{"embeddable":true,"href":"https:\/\/www.europesays.com\/ro\/wp-json\/wp\/v2\/users\/2"}],"replies":[{"embeddable":true,"href":"https:\/\/www.europesays.com\/ro\/wp-json\/wp\/v2\/comments?post=284582"}],"version-history":[{"count":0,"href":"https:\/\/www.europesays.com\/ro\/wp-json\/wp\/v2\/posts\/284582\/revisions"}],"wp:featuredmedia":[{"embeddable":true,"href":"https:\/\/www.europesays.com\/ro\/wp-json\/wp\/v2\/media\/284583"}],"wp:attachment":[{"href":"https:\/\/www.europesays.com\/ro\/wp-json\/wp\/v2\/media?parent=284582"}],"wp:term":[{"taxonomy":"category","embeddable":true,"href":"https:\/\/www.europesays.com\/ro\/wp-json\/wp\/v2\/categories?post=284582"},{"taxonomy":"post_tag","embeddable":true,"href":"https:\/\/www.europesays.com\/ro\/wp-json\/wp\/v2\/tags?post=284582"}],"curies":[{"name":"wp","href":"https:\/\/api.w.org\/{rel}","templated":true}]}}