{"id":284630,"date":"2026-09-02T11:22:15","date_gmt":"2026-09-02T11:22:15","guid":{"rendered":"https:\/\/www.europesays.com\/ro\/284630\/"},"modified":"2026-09-02T11:22:15","modified_gmt":"2026-09-02T11:22:15","slug":"comuna-cu-3-900-locuitori-da-salarii-de-1-000-000e-are-datorii-la-anaf-de-600-000e-primarul-anchetat-de-dna-newsweek-romania","status":"publish","type":"post","link":"https:\/\/www.europesays.com\/ro\/284630\/","title":{"rendered":"Comuna cu 3.900 locuitori d\u0103 salarii de 1.000.000\u20ac. Are datorii la ANAF de 600.000\u20ac. Primarul, anchetat de DNA \u2022 Newsweek Rom\u00e2nia"},"content":{"rendered":"<p>\n                    Comunele din Rom\u00e2nia nu reu\u0219esc s\u0103 se finan\u021beze singure \u0219i acumuleaz\u0103 datorii foarte mari. De aceea, au nevoie de subven\u021bii de la bugetul de stat. Deda, din jude\u021bul Mure\u0219, este comuna cu 3.900 de locuitori care d\u0103 salarii de 1.000.000\u20ac. Are datorii la ANAF de 600.000\u20ac.\n                <\/p>\n<p>Reforma administrativ\u0103 nu prinde contur \u00een Rom\u00e2nia pentru c\u0103 nu se afl\u0103 pe agenda oamenilor politici.\u00a0<\/p>\n<p>Cite\u015fte \u015fi:\u00a0<a href=\"https:\/\/newsweek.ro\/actualitate\/care-sunt-cele-mai-periculoase-orase-din-romania-bucurestiul-nici-nu-prinde-top-10\" target=\"_blank\" rel=\"noopener nofollow\">Care sunt cele mai periculoase ora\u0219e din Rom\u00e2nia. Bucure\u0219tiul nici nu prinde Top 10<\/a><\/p>\n<p>\u00cen acest moment, 84% dintre comune, adic\u0103 2.404 de comune, nu se pot finan\u021ba singure \u0219i au nevoie an de an de bani de la Guvern.<\/p>\n<p>Cite\u015fte \u015fi:\u00a0<a href=\"https:\/\/newsweek.ro\/actualitate\/care-este-cel-mai-sarac-oras-din-romania-multi-oameni-nu-au-un-loc-de-munca\" target=\"_blank\" rel=\"noopener nofollow\">Care este cel mai s\u0103rac ora\u0219 din Rom\u00e2nia? Mul\u021bi oameni nu au un loc de munc\u0103<\/a><\/p>\n<p>Una din ele este comuna Deda din jude\u021bul Mure\u0219.<\/p>\n<p>Comuna cu 3.900 locuitori d\u0103 salarii de 1.000.000\u20ac. Are datorii la ANAF de 600.000\u20ac. Primarul, anchetat de DNA<\/p>\n<p>Comuna Deda a pierdut 5% din locuitori \u00een ultimii ani. Potrivit bugetului din anul 2025, Prim\u0103ria spune c\u0103 este pe zero. Are venituri \u0219i cheltuieli de aproximativ 39.000.000 de lei.<\/p>\n<p>Cite\u0219te \u0219i:\u00a0<a href=\"https:\/\/newsweek.ro\/investigatii\/comuna-cu-90-locuitori-la-primarie-7-angajati-si-9-consilieri-iau-700000-lei-deficit-500000-lei\" target=\"_blank\" rel=\"noopener nofollow\">Comun\u0103 cu 90 locuitori. La prim\u0103rie, 7 angaja\u021bi \u0219i 9 consilieri iau 700.000 lei. Deficit: 500000 lei<\/a><\/p>\n<p>Diferen\u021ba o face faptul c\u0103 11.000.000 de lei reprezint\u0103 subven\u021bii de la bugetul de stat. Potrivit documentelor cercetate de Newsweek Rom\u00e2nia, comuna Deda a pl\u0103tit suma de 4.800.000 lei, adic\u0103 1.000.000 de euro, doar pe salarii \u00een 2025.<\/p>\n<p>Guvernul a anun\u021bat c\u0103 Deda este \u00een Top 10 al localit\u0103\u021bilor care au datorii la ANAF. Este vorba de o datorie la ANAF de 3.370.000 de lei. O sum\u0103 foarte mare.<\/p>\n<p><img decoding=\"async\" src=\"https:\/\/www.europesays.com\/ro\/wp-content\/uploads\/2026\/09\/aHR0cHM6Ly9uZXdzd2Vlay5yby9zdG9yYWdlL211bHRpbWVkaWEvMjAyNi8wOS9UREVvTWtwRHhjZ2VJTmxUOXBtR1ByVHdodHhh.webp\" alt=\"Deda - Foto: Prim\u0103ria Deda\"\/>&#13;<br \/>\nDeda &#8211; Foto: Prim\u0103ria Deda&#13;<\/p>\n<p>Primarul, anchetat de c\u0103tre DNA. Localnicii \u00eel voteaz\u0103<\/p>\n<p>Primarul Lucre\u021bia Cadar face obiectul unei investiga\u021bii dup\u0103 ce ar fi deturnat fonduri europene de 500.000 de lei.<\/p>\n<p><img decoding=\"async\" src=\"https:\/\/www.europesays.com\/ro\/wp-content\/uploads\/2026\/09\/aHR0cHM6Ly9uZXdzd2Vlay5yby9zdG9yYWdlL211bHRpbWVkaWEvMjAyNi8wOS9aYkMwQU0zRlljQjFKSndaZ0dLbVZ0U2lWeEhw.webp\" alt=\"Buget Deda - Foto: Prim\u0103ria Deda\"\/>&#13;<br \/>\nBuget Deda &#8211; Foto: Prim\u0103ria Deda&#13;<\/p>\n<p>Ea ar fi trebuit s\u0103 foloseasc\u0103 banii pentru a-i instrui pe localnici s\u0103 \u00ee\u0219i deschis\u0103 afaceri.<\/p>\n<p>Doar c\u0103 acest lucru nu s-a \u00eent\u00e2mplat. DNA spune c\u0103 prim\u0103ri\u021ba ar fi convins mai mul\u021bi localnici s\u0103 fie antreprenori doar pe h\u00e2rtie, iar ea, al\u0103turi de doi complici, ar fi urmat s\u0103 se ocupe de administrarea afacerilor. Oamenii s-ar fi trezit \u0219i cu mai multe bunuri achizi\u021bionate pe numele lor.<\/p>\n<p>Cei doi complici \u0219i-au recunoscut vina.<\/p>\n<p>Cite\u0219te \u0219i: <a href=\"https:\/\/newsweek.ro\/investigatii\/greva-la-curtici-oras-cu-7500-locuitori-primaria-are-166-angajati-si-da-12500000-lei-pe-salarii\" target=\"_blank\" rel=\"noopener nofollow\">Grev\u0103 la Curtici, ora\u0219 cu 7.500 locuitori. Prim\u0103ria are 166 angaja\u021bi \u0219i d\u0103 12.500.000 lei pe salarii<\/a><\/p>\n<p>\u201eEi au \u00eencheiat acorduri de recunoa\u015ftere a vinov\u0103\u0163iei, au declarat expres c\u0103 recunosc comiterea faptelor re\u0163inute \u00een sarcina lor, accept\u0103 \u00eencadrarea juridic\u0103 pentru care a fost pus\u0103 \u00een mi\u015fcare ac\u0163iunea penal\u0103 \u015fi sunt de acord cu felul \u015fi cuantumul pedepsei aplicate, precum \u015fi cu form\u0103 de executare a acestora, respectiv c\u00e2te 1 (un) an \u015fi 6 (\u015fase) luni \u00eenchisoare cu suspendarea sub supraveghere a execut\u0103rii acesteia pe un termen de supraveghere de 2 (doi) ani\u201d, a informat Direc\u0163ia Na\u0163ional\u0103 Anticorup\u0163ie (DNA) vineri, \u00eentr-un comunicat de pres\u0103.<\/p>\n<p>Primarul prime\u0219te un salariu de 10.000 de lei net. Are \u0219i o pensie de 4.500 de lei net.<\/p>\n","protected":false},"excerpt":{"rendered":"Comunele din Rom\u00e2nia nu reu\u0219esc s\u0103 se finan\u021beze singure \u0219i acumuleaz\u0103 datorii foarte mari. De aceea, au nevoie&hellip;\n","protected":false},"author":2,"featured_media":284631,"comment_status":"","ping_status":"","sticky":false,"template":"","format":"standard","meta":{"footnotes":"","_share_on_mastodon":"0"},"categories":[5],"tags":[36650,32,33,31,3674,23863,23469,36,37,27,34,35,25,78356,5170,41,40,38,39,2951,26,28,29,30],"class_list":["post-284630","post","type-post","status-publish","format-standard","has-post-thumbnail","category-titluri","tag-adevarul-a","tag-breaking-news","tag-breakingnews","tag-cele-mai-populare-subiecte","tag-dezvaluiri","tag-digi24h","tag-eveniment","tag-featured-news","tag-featurednews","tag-headlines","tag-latest-news","tag-latestnews","tag-news","tag-primaria-deda","tag-primarie","tag-ro","tag-romana","tag-romania","tag-romanian","tag-salarii","tag-stiri","tag-titluri","tag-top-stories","tag-topstories"],"share_on_mastodon":{"url":"https:\/\/pubeurope.com\/@ro\/117201190990277881","error":""},"_links":{"self":[{"href":"https:\/\/www.europesays.com\/ro\/wp-json\/wp\/v2\/posts\/284630","targetHints":{"allow":["GET"]}}],"collection":[{"href":"https:\/\/www.europesays.com\/ro\/wp-json\/wp\/v2\/posts"}],"about":[{"href":"https:\/\/www.europesays.com\/ro\/wp-json\/wp\/v2\/types\/post"}],"author":[{"embeddable":true,"href":"https:\/\/www.europesays.com\/ro\/wp-json\/wp\/v2\/users\/2"}],"replies":[{"embeddable":true,"href":"https:\/\/www.europesays.com\/ro\/wp-json\/wp\/v2\/comments?post=284630"}],"version-history":[{"count":0,"href":"https:\/\/www.europesays.com\/ro\/wp-json\/wp\/v2\/posts\/284630\/revisions"}],"wp:featuredmedia":[{"embeddable":true,"href":"https:\/\/www.europesays.com\/ro\/wp-json\/wp\/v2\/media\/284631"}],"wp:attachment":[{"href":"https:\/\/www.europesays.com\/ro\/wp-json\/wp\/v2\/media?parent=284630"}],"wp:term":[{"taxonomy":"category","embeddable":true,"href":"https:\/\/www.europesays.com\/ro\/wp-json\/wp\/v2\/categories?post=284630"},{"taxonomy":"post_tag","embeddable":true,"href":"https:\/\/www.europesays.com\/ro\/wp-json\/wp\/v2\/tags?post=284630"}],"curies":[{"name":"wp","href":"https:\/\/api.w.org\/{rel}","templated":true}]}}