{"id":284640,"date":"2026-09-02T11:29:15","date_gmt":"2026-09-02T11:29:15","guid":{"rendered":"https:\/\/www.europesays.com\/ro\/284640\/"},"modified":"2026-09-02T11:29:15","modified_gmt":"2026-09-02T11:29:15","slug":"patron-horeca-un-angajat-care-vine-din-nepal-castiga-mai-putin-si-are-pretentii-mai-mici-decat-un-angajat-din-romania","status":"publish","type":"post","link":"https:\/\/www.europesays.com\/ro\/284640\/","title":{"rendered":"Patron HoReCa: \u201eUn angajat care vine din Nepal c\u00e2\u0219tig\u0103 mai pu\u021bin \u0219i are preten\u021bii mai mici dec\u00e2t un angajat din Rom\u00e2nia\u201d"},"content":{"rendered":"<p class=\"wp-block-paragraph\">Pre\u0219edintele executiv al Federa\u021biei Patronatelor din Industria Ospitalit\u0103\u021bii (FPIOR), C\u0103lin Cozma, spune c\u0103 \u201eun angajat care vine din Nepal are preten\u021bii mai mici dec\u00e2t un angajat din Rom\u00e2nia\u201d, dar angajarea lucr\u0103torilor rom\u00e2ni ar putea fi impulsionat\u0103 dac\u0103 statul ar sc\u0103dea taxele pe munc\u0103.<\/p>\n<p class=\"wp-block-paragraph\">\u201eEste nevoie de for\u021ba de munc\u0103 din str\u0103in\u0103tate, pentru c\u0103 nu avem suficient\u0103 for\u021b\u0103 de munc\u0103 \u00een Rom\u00e2nia, pentru c\u0103 oamenii pleac\u0103 \u00een alte \u021b\u0103ri. Dar, \u00een acela\u0219i timp, se caut\u0103 <a href=\"https:\/\/startupcafe.ro\/guvern-bolojan-restrictioneaza-angajare-muncitori-straini-romania-oug-32-2026-monitorul-oficial-amenzi-firme-romanesti-98635\" target=\"_blank\" data-type=\"link\" data-id=\"https:\/\/startupcafe.ro\/guvern-bolojan-restrictioneaza-angajare-muncitori-straini-romania-oug-32-2026-monitorul-oficial-amenzi-firme-romanesti-98635\" rel=\"noreferrer noopener nofollow\">for\u021b\u0103 de munc\u0103 din str\u0103in\u0103tate<\/a> \u0219i pentru c\u0103 ea este mai ieftin\u0103. Trebuie s\u0103 fim foarte sinceri c\u00e2nd spunem c\u0103 un angajat care vine din Nepal c\u00e2\u0219tig\u0103 mai pu\u021bin \u0219i are preten\u021bii mai mici dec\u00e2t un angajat din Rom\u00e2nia\u201d, a spus Cozma, chestionat de StartupCafe, \u00eentr-o conferin\u021b\u0103.<\/p>\n<p class=\"wp-block-paragraph\">Omul de afaceri, care a construit businessuri \u00een HoReCa, evenimente \u0219i agricultur\u0103, sus\u021bine, \u00eens\u0103, c\u0103 mul\u021bi patroni rom\u00e2ni din domeniul ospitalit\u0103\u021bii \u00ee\u0219i doresc s\u0103 angajeze personal din Rom\u00e2nia, dar este nevoie ca statul s\u0103 scad\u0103 taxele pe salariile mici.<\/p>\n<p class=\"wp-block-paragraph\">\u201eDar eu personal \u0219i mul\u021bi colegi din industrie ne-am dori s\u0103 avem angaja\u021bi rom\u00e2ni califica\u021bi, pe care s\u0103-i pl\u0103tim bine. De aceea am venit \u0219i cu propunerea de subven\u021bionare a pl\u0103\u021bii pe salariile mai mici la angaja\u021bi, s\u0103 putem s\u0103 ne \u021binem angaja\u021bii rom\u00e2ni, s\u0103 putem s\u0103 lucr\u0103m cu ei \u0219i s\u0103 ne folosim de for\u021ba de munc\u0103 de aici\u201d, a completat Cozma.<\/p>\n<p class=\"wp-block-paragraph\">Potrivit unui studiu citat de \u0219eful FPIOR, sectorul HoReCa rom\u00e2nesc a pierdut 25.000 de angaja\u021bi \u00een anul 2025 comparativ cu anul 2024. <\/p>\n<p>\u201ePentru a lua ace\u0219ti copii sau oameni, ca s\u0103-i califici, pentru mine sunt ni\u0219te costuri\u201d<\/p>\n<p class=\"wp-block-paragraph\">Pre\u0219edintele executiv al FPIOR solicit\u0103 statului rom\u00e2n s\u0103 suporte \u0219i o parte din costurile pe care le au restaurantele cu angaja\u021bii tineri, care \u201eies probabil nepreg\u0103ti\u021bi din \u0219coli\u201d.<\/p>\n<p class=\"wp-block-paragraph\">\u201eLa nivel na\u021bional, \u00een r\u00e2ndul tinerilor \u00eentre 18 \u0219i 24 de ani este rata cea mai mare de \u0219omaj, aproximativ 30%. Asta \u00eenseamn\u0103 c\u0103 avem o problem\u0103 \u0219i \u00een \u0219coli, pentru c\u0103 ei ies probabil nepreg\u0103ti\u021bi din \u0219colile respective \u0219i de aceea nu pot fi angaja\u021bi \u00een industrie \u0219i avem nevoie de acea educa\u021bie practic\u0103 pe care nu au primit-o \u00een \u0219coli \u0219i pe care pot s\u0103 o fac\u0103 \u00een restaurantele noastre. Pentru a lua ace\u0219ti copii sau oameni ca s\u0103-i califici, pentru mine sunt ni\u0219te costuri, iar aceste costuri vrem s\u0103 le \u00eemp\u0103r\u021bim cu statul rom\u00e2n \u0219i, \u00een momentul acela, se reduce \u0219i \u0219omajul \u00een r\u00e2ndul tinerilor \u0219i, mai departe, putem s\u0103 angaj\u0103m rom\u00e2ni, care, la r\u00e2ndul lor, \u00ee\u0219i dezvolt\u0103 familii \u0219i \u00eei \u021binem aici, \u00een Rom\u00e2nia\u201d, a mai spus C\u0103lin Cozma.<\/p>\n<p class=\"wp-block-paragraph\">La r\u00e2ndul ei, Corina Macri, vicepre\u0219edint\u0103 a FPIOR, s-a referit la \u00eenv\u0103\u021b\u0103m\u00e2ntul dual \u0219i a reclamat faptul c\u0103, \u00een prezent, elevii care fac practic\u0103 \u00een restaurante sunt obliga\u021bi s\u0103 se \u00eentoarc\u0103 \u00een liceu, dup\u0103 ce firmele investesc trei ani \u00een preg\u0103tirea lor practic\u0103.<\/p>\n<p class=\"wp-block-paragraph\">\u201eNoi ne-am implicat foarte mult \u0219i \u00een \u00eenv\u0103\u021b\u0103m\u00e2ntul dual \u0219i ne-am fi dorit ca ace\u0219ti copii s\u0103 vin\u0103 mai departe, dar s-a schimbat reglementarea: dup\u0103 ce copiii fac trei ani de \u00eenv\u0103\u021b\u0103m\u00e2nt dual, \u0219coala \u00eei oblig\u0103 acum s\u0103 se \u00eentoarc\u0103 un an, s\u0103 fac\u0103 liceul. G\u00e2ndi\u021bi-v\u0103, trei ani \u00een care noi am investit \u00een ni\u0219te copii, vrem s\u0103 facem cu ei \u00eenv\u0103\u021b\u0103m\u00e2nt, s\u0103-i preg\u0103tim pentru noi \u0219i ei se \u00eentorc \u00eenapoi \u00een liceu, au pierdut orice contact cu liceul, \u00eei pierdem \u0219i noi, pentru c\u0103 noi am investit trei ani, am fi vrut s\u0103 continu\u0103m ucenicia cu ei \u0219i nu mai putem lucra. Cine ia aceste m\u0103suri, cine a g\u00e2ndit aceast\u0103 form\u0103 de \u00eenv\u0103\u021b\u0103m\u00e2nt tehnologic clar nu a avut nicio leg\u0103tur\u0103 cu ceea ce se \u00eent\u00e2mpl\u0103 \u00een realitate\u201d, a afirmat Corina Macri, care are o serie de afaceri HoReCa \u00een Banat.<\/p>\n","protected":false},"excerpt":{"rendered":"Pre\u0219edintele executiv al Federa\u021biei Patronatelor din Industria Ospitalit\u0103\u021bii (FPIOR), C\u0103lin Cozma, spune c\u0103 \u201eun angajat care vine din&hellip;\n","protected":false},"author":2,"featured_media":284641,"comment_status":"","ping_status":"","sticky":false,"template":"","format":"standard","meta":{"footnotes":"","_share_on_mastodon":"0"},"categories":[5],"tags":[14148,32,33,96,2535,31885,31,527,78358,36,37,6902,24147,27,1185,34,35,2705,25,970,2170,43546,23013,41,40,38,39,26,28,29,30,88],"class_list":["post-284640","post","type-post","status-publish","format-standard","has-post-thumbnail","category-titluri","tag-angajat","tag-breaking-news","tag-breakingnews","tag-business","tag-calificare","tag-calin-cozma","tag-cele-mai-populare-subiecte","tag-copii","tag-corina-macri","tag-featured-news","tag-featurednews","tag-forta-de-munca","tag-fpior","tag-headlines","tag-horeca","tag-latest-news","tag-latestnews","tag-nepal","tag-news","tag-oameni","tag-patron","tag-pretentii","tag-restaurant","tag-ro","tag-romana","tag-romania","tag-romanian","tag-stiri","tag-titluri","tag-top-stories","tag-topstories","tag-uniunea-europeana"],"share_on_mastodon":{"url":"https:\/\/pubeurope.com\/@ro\/117201217978462884","error":""},"_links":{"self":[{"href":"https:\/\/www.europesays.com\/ro\/wp-json\/wp\/v2\/posts\/284640","targetHints":{"allow":["GET"]}}],"collection":[{"href":"https:\/\/www.europesays.com\/ro\/wp-json\/wp\/v2\/posts"}],"about":[{"href":"https:\/\/www.europesays.com\/ro\/wp-json\/wp\/v2\/types\/post"}],"author":[{"embeddable":true,"href":"https:\/\/www.europesays.com\/ro\/wp-json\/wp\/v2\/users\/2"}],"replies":[{"embeddable":true,"href":"https:\/\/www.europesays.com\/ro\/wp-json\/wp\/v2\/comments?post=284640"}],"version-history":[{"count":0,"href":"https:\/\/www.europesays.com\/ro\/wp-json\/wp\/v2\/posts\/284640\/revisions"}],"wp:featuredmedia":[{"embeddable":true,"href":"https:\/\/www.europesays.com\/ro\/wp-json\/wp\/v2\/media\/284641"}],"wp:attachment":[{"href":"https:\/\/www.europesays.com\/ro\/wp-json\/wp\/v2\/media?parent=284640"}],"wp:term":[{"taxonomy":"category","embeddable":true,"href":"https:\/\/www.europesays.com\/ro\/wp-json\/wp\/v2\/categories?post=284640"},{"taxonomy":"post_tag","embeddable":true,"href":"https:\/\/www.europesays.com\/ro\/wp-json\/wp\/v2\/tags?post=284640"}],"curies":[{"name":"wp","href":"https:\/\/api.w.org\/{rel}","templated":true}]}}