{"id":284684,"date":"2026-09-02T12:03:13","date_gmt":"2026-09-02T12:03:13","guid":{"rendered":"https:\/\/www.europesays.com\/ro\/284684\/"},"modified":"2026-09-02T12:03:13","modified_gmt":"2026-09-02T12:03:13","slug":"sunt-bani-pentru-cresterea-pensiilor-la-1-ianuarie-2027-anuntul-ministrului-muncii-pentru-pensionari-newsweek-romania","status":"publish","type":"post","link":"https:\/\/www.europesays.com\/ro\/284684\/","title":{"rendered":"Sunt bani pentru cre\u0219terea pensiilor la 1 ianuarie 2027. Anun\u021bul ministrului muncii pentru pensionari \u2022 Newsweek Rom\u00e2nia"},"content":{"rendered":"<p>\n                    Newsweek a g\u0103sit o posibil\u0103 surs\u0103 de finan\u021bare pentru indexarea pensiilor la 1 ianuarie 2027. Ministrul muncii interimar Drago\u0219 P\u00eeslaru a vorbit despre acest subiect.\n                <\/p>\n<p>Cea mai mare necunoscut\u0103 pentru pensionari r\u0103m\u00e2ne indexarea pensiilor la 1 ianuarie 2027. Toate sursele indic\u0103 faptul c\u0103 va exista o cre\u0219tere de pensii la 1 ianuarie 2027.\u00a0<\/p>\n<p>Cite\u0219te \u0219i:\u00a0<a href=\"https:\/\/newsweek.ro\/justitie\/exclusiv-casa-de-pensie-are-17865-procese-cu-pensionarii-pentru-ce-se-judeca\" target=\"_blank\" rel=\"noopener nofollow\">EXCLUSIV 2.050 de dosare de pensii pe masa CCR. Niciunul nu a fost analizat. Care pensionari pierd mii de lei?<\/a><\/p>\n<p>Este imposibil ca pentru al treilea an consecutiv pensiile s\u0103 nu fie indexate.\u00a0<\/p>\n<p>Cite\u0219te \u0219i:\u00a0<a href=\"https:\/\/newsweek.ro\/justitie\/exclusiv-casa-de-pensie-are-17865-procese-cu-pensionarii-pentru-ce-se-judeca\" target=\"_blank\" rel=\"noopener nofollow\">EXCLUSIV Casa de Pensii recunoa\u0219te c\u0103 are 17.865 de procese cu pensionarii. Pentru ce se judec\u0103?<\/a><\/p>\n<p>Sunt bani pentru cre\u0219terea pensie la 1 ianuarie 2027. Anun\u021bul ministrului muncii pentru pensionari<\/p>\n<p>\u00centrebarea care se pune este c\u00e2t de mare va fi aceast\u0103 indexare. Legea spune c\u0103 indexarea trebuie s\u0103 se fac\u0103 cu infla\u021bia plus jum\u0103tate din procentul de cre\u0219tere a salariului mediu brut.<\/p>\n<p>La 1 ianuarie 2027 pensioanrii ar trebui s\u0103 primeasc\u0103 &#8211; conform legii \u0219i formuleid e mai sus &#8211; o indexarea de 12%.<\/p>\n<p>Un calcul al Newsweek Rom\u00e2nia arat\u0103 pentru anul 2027 ar fi nevoie de un surplus de 10-12 miliarde de lei doar pentru indexarea cu 12% a pensiilor.<\/p>\n<p>Newsweek a descoperit un detaliu extaordinar care d\u0103 speran\u021be pensionarilor. Bugetul Casei de Pensii va cre\u0219te anul viitor fa\u021b\u0103 de acest an.<\/p>\n<p>Potrivit proiec\u021biei bugetare f\u0103cute \u00een ianuarie 2025 avem urm\u0103toarele bugete la Casa de Pensii:<\/p>\n<p>Anul 2026 bugetul pentru pensii va fi 156 miliarde<\/p>\n<p>Anul 2027 bugetul pebntru pensii va fi 170 miliarde<\/p>\n<p>Anul 2028 bugetul pentru pensii va fi 180 miliarde<\/p>\n<p>Anul 2020 bugetul pentru pensii va fi 190 miliarde.\u00a0<\/p>\n<p>Anul viitorul bugetul pentru pensii cre\u0219te cu 14 miliarde care ar acoperi chiar indexarea de 12%.<\/p>\n<p><img decoding=\"async\" src=\"https:\/\/www.europesays.com\/ro\/wp-content\/uploads\/2026\/09\/aHR0cHM6Ly9uZXdzd2Vlay5yby9zdG9yYWdlL211bHRpbWVkaWEvMjAyNi8wOS9rb3l4N3Ruck5ZNkcxbnh2Ykw0V0VzZGlwWE1U.webp\" alt=\"Pensionar\u0103 la pensie - Foto: Magnific\"\/>&#13;<br \/>\nPensionar\u0103 la pensie &#8211; Foto: Magnific&#13;<\/p>\n<p>Ce a spus ministrul interimar al Muncii despre pensii?<\/p>\n<p>\u201eAm mai spus asta de fiecare dat\u0103 c\u00e2nd avem astfel de discu\u021bii. \u00cen mod evident, Rom\u00e2nia, dac\u0103 va face ceea ce \u0219i-a asumat c\u0103 va face, \u0219i anume la pensii s\u0103 indexeze \u0219i lucrurile s\u0103 fie destul de clare, va trebui s\u0103 arate cum \u00ee\u0219i construie\u0219te bugetul \u00een mod responsabil\u201d,\u00a0 spus Drago\u0219 P\u00eeslaru, ministrul muncii.<\/p>\n<p>P\u00eeslaru spune c\u0103 procentul de indexare al pensiilor va fi anun\u021bat dup\u0103 ce va fi analizat bugetul pe anul 2027.\u00a0<\/p>\n<p>Cite\u0219te \u0219i:\u00a0<a href=\"https:\/\/newsweek.ro\/social\/ministrul-muncii-anunt-surpriza-de-paste-cresc-pensie-cu-300-lei-pentru-4000000-pensionari-de-cand\" target=\"_blank\" rel=\"noopener nofollow\">Ministrul Muncii, anun\u021b surpriz\u0103 de Pa\u0219te: Pensiile cresc cu 300 lei pentru 4.000.000 pensionari. De c\u00e2nd?<\/a><\/p>\n<p>\u201eProblema e nu dac\u0103 putem indexa pensiile sau salariile ci problema e cum construie\u0219ti un buget care s\u0103 permit\u0103 aceste lucruri. Uit\u00e2ndu-m\u0103 la ni\u0219te programe politice lansate recent e foate amuzant s\u0103 consta\u021bi c\u0103 iar ni se promit cai verzi pe pere\u021bi f\u0103r\u0103 s\u0103 se indice sursa de bugetare \u0219i cum intri \u00een buget cu acele lucruri\u201d, a declarat ministrul interimar al Muncii.\u00a0<\/p>\n<p>CONCLUZIE De\u0219i pare c\u0103 exist\u0103 bani pentru o indexare de 12% a pensiilor, ministrul muncii spune c\u0103 nu este sigur c\u0103 pensiile vor cre\u0219te cu acest procent.<\/p>\n","protected":false},"excerpt":{"rendered":"Newsweek a g\u0103sit o posibil\u0103 surs\u0103 de finan\u021bare pentru indexarea pensiilor la 1 ianuarie 2027. Ministrul muncii interimar&hellip;\n","protected":false},"author":2,"featured_media":284685,"comment_status":"","ping_status":"","sticky":false,"template":"","format":"standard","meta":{"footnotes":"","_share_on_mastodon":"0"},"categories":[10],"tags":[36650,32,33,23468,31,29906,23470,7532,23469,36,37,27,18196,29907,34,35,25,904,1378,16520,2732,41,40,38,39,26,28,29,30],"class_list":["post-284684","post","type-post","status-publish","format-standard","has-post-thumbnail","category-romania","tag-adevarul-a","tag-breaking-news","tag-breakingnews","tag-casa-de-pensii","tag-cele-mai-populare-subiecte","tag-crestere-pensii","tag-digi24a","tag-dragos-pislaru","tag-eveniment","tag-featured-news","tag-featurednews","tag-headlines","tag-indexare","tag-indexare-pensii","tag-latest-news","tag-latestnews","tag-news","tag-pensie","tag-pensii","tag-pensionar","tag-pensionari","tag-ro","tag-romana","tag-romania","tag-romanian","tag-stiri","tag-titluri","tag-top-stories","tag-topstories"],"share_on_mastodon":{"url":"https:\/\/pubeurope.com\/@ro\/117201352715360357","error":""},"_links":{"self":[{"href":"https:\/\/www.europesays.com\/ro\/wp-json\/wp\/v2\/posts\/284684","targetHints":{"allow":["GET"]}}],"collection":[{"href":"https:\/\/www.europesays.com\/ro\/wp-json\/wp\/v2\/posts"}],"about":[{"href":"https:\/\/www.europesays.com\/ro\/wp-json\/wp\/v2\/types\/post"}],"author":[{"embeddable":true,"href":"https:\/\/www.europesays.com\/ro\/wp-json\/wp\/v2\/users\/2"}],"replies":[{"embeddable":true,"href":"https:\/\/www.europesays.com\/ro\/wp-json\/wp\/v2\/comments?post=284684"}],"version-history":[{"count":0,"href":"https:\/\/www.europesays.com\/ro\/wp-json\/wp\/v2\/posts\/284684\/revisions"}],"wp:featuredmedia":[{"embeddable":true,"href":"https:\/\/www.europesays.com\/ro\/wp-json\/wp\/v2\/media\/284685"}],"wp:attachment":[{"href":"https:\/\/www.europesays.com\/ro\/wp-json\/wp\/v2\/media?parent=284684"}],"wp:term":[{"taxonomy":"category","embeddable":true,"href":"https:\/\/www.europesays.com\/ro\/wp-json\/wp\/v2\/categories?post=284684"},{"taxonomy":"post_tag","embeddable":true,"href":"https:\/\/www.europesays.com\/ro\/wp-json\/wp\/v2\/tags?post=284684"}],"curies":[{"name":"wp","href":"https:\/\/api.w.org\/{rel}","templated":true}]}}