{"id":284712,"date":"2026-09-02T12:24:10","date_gmt":"2026-09-02T12:24:10","guid":{"rendered":"https:\/\/www.europesays.com\/ro\/284712\/"},"modified":"2026-09-02T12:24:10","modified_gmt":"2026-09-02T12:24:10","slug":"george-simion-nu-va-fi-instalat-niciun-guvern-cu-voturile-aur-fara-ca-aur-sa-participe-la-aceasta-guvernare","status":"publish","type":"post","link":"https:\/\/www.europesays.com\/ro\/284712\/","title":{"rendered":"George Simion: Nu va fi instalat niciun guvern cu voturile AUR, f\u0103r\u0103 ca AUR s\u0103 participe la aceast\u0103 guvernare"},"content":{"rendered":"<p>                        <img loading=\"lazy\" decoding=\"async\" width=\"30\" height=\"30\" src=\"https:\/\/www.europesays.com\/ro\/wp-content\/uploads\/2026\/09\/1788351850_825_google-g.png\" alt=\"Google Split\"\/>    <\/p>\n<p id=\"p-0\">George Simion, \u0219eful partidului extremist AUR, a declarat \u00eentr-o conferin\u021b\u0103 de pres\u0103 de miercuri, al\u0103turi de Petri\u0219or Peiu \u0219i Dan Dungaciu, c\u0103 \u201dnu va fi instalat niciun guvern cu voturile AUR, f\u0103r\u0103 ca AUR s\u0103 participe la aceast\u0103 guvernare\u201d:<\/p>\n<ul>\n<li>\u201d\u00cel avertiz\u0103m pe Nicu\u0219or Dan c\u0103 AUR nu e PNL \u0219i dep\u0103\u0219e\u0219te cu mult cadrul constitu\u021bional \u00eencerc\u00e2nd s\u0103 intervin\u0103 \u00een via\u021ba partidelor\u201d, a ad\u0103ugat acesta.<\/li>\n<\/ul>\n<p>&#8211; articolul continu\u0103 mai jos &#8211;<\/p>\n<p id=\"p-1\">Simion a reiterat ideea alegerilor anticipate \u0219i a transmis c\u0103 este \u201dnevoie de o majoritate stabil\u0103 \u0219i de un guvern pe urm\u0103torii patru ani\u201d.<\/p>\n<ul>\n<li>\u201dOrice guvern instalat nu va face via\u021ba mai bun\u0103 rom\u00e2nilor\u201d, a ad\u0103ugat \u0219eful AUR.<\/li>\n<\/ul>\n<p id=\"p-2\">George Simion a mai declarat c\u0103 \u201dnu e nicio diferen\u021b\u0103 \u00eentre guvernul demis de noi, guvernul Bolojan, \u0219i un guvern surogat\u201d \u0219i l-a criticat pe Nicu\u0219or Dan pentru c\u0103 \u201d\u00een continuare exclude AUR \u0219i jigne\u0219te un num\u0103r important din cet\u0103\u021benii Rom\u00e2niei\u201d:<\/p>\n<ul>\n<li>\u201dLa consult\u0103rile informale de p\u00e2n\u0103 acum numele vehiculate pentru pozi\u021bia de premier nu au fost pronun\u021bate de participan\u021bii la consult\u0103ri. Niciun partid nu s-a dus acolo pronun\u021b\u00e2nd numele Eugen Tomac, Adrian Ve\u0219tea, Alexandru Nazare. De\u0219i am obosit, trebuie s\u0103 ne \u00eentoarcem la urne\u201d, a mai spus Simion.<\/li>\n<\/ul>\n<p>\ufeff<\/p>\n","protected":false},"excerpt":{"rendered":"George Simion, \u0219eful partidului extremist AUR, a declarat \u00eentr-o conferin\u021b\u0103 de pres\u0103 de miercuri, al\u0103turi de Petri\u0219or Peiu&hellip;\n","protected":false},"author":2,"featured_media":284713,"comment_status":"","ping_status":"","sticky":false,"template":"","format":"standard","meta":{"footnotes":"","_share_on_mastodon":"0"},"categories":[10],"tags":[32,33,31,21295,36,37,356,27,34,35,25,6274,41,40,38,39,78384,26,28,29,30],"class_list":["post-284712","post","type-post","status-publish","format-standard","has-post-thumbnail","category-romania","tag-breaking-news","tag-breakingnews","tag-cele-mai-populare-subiecte","tag-dan-dungaciu","tag-featured-news","tag-featurednews","tag-george-simion","tag-headlines","tag-latest-news","tag-latestnews","tag-news","tag-petrisor-peiu","tag-ro","tag-romana","tag-romania","tag-romanian","tag-simion-aur","tag-stiri","tag-titluri","tag-top-stories","tag-topstories"],"share_on_mastodon":{"url":"https:\/\/pubeurope.com\/@ro\/117201434799625612","error":""},"_links":{"self":[{"href":"https:\/\/www.europesays.com\/ro\/wp-json\/wp\/v2\/posts\/284712","targetHints":{"allow":["GET"]}}],"collection":[{"href":"https:\/\/www.europesays.com\/ro\/wp-json\/wp\/v2\/posts"}],"about":[{"href":"https:\/\/www.europesays.com\/ro\/wp-json\/wp\/v2\/types\/post"}],"author":[{"embeddable":true,"href":"https:\/\/www.europesays.com\/ro\/wp-json\/wp\/v2\/users\/2"}],"replies":[{"embeddable":true,"href":"https:\/\/www.europesays.com\/ro\/wp-json\/wp\/v2\/comments?post=284712"}],"version-history":[{"count":0,"href":"https:\/\/www.europesays.com\/ro\/wp-json\/wp\/v2\/posts\/284712\/revisions"}],"wp:featuredmedia":[{"embeddable":true,"href":"https:\/\/www.europesays.com\/ro\/wp-json\/wp\/v2\/media\/284713"}],"wp:attachment":[{"href":"https:\/\/www.europesays.com\/ro\/wp-json\/wp\/v2\/media?parent=284712"}],"wp:term":[{"taxonomy":"category","embeddable":true,"href":"https:\/\/www.europesays.com\/ro\/wp-json\/wp\/v2\/categories?post=284712"},{"taxonomy":"post_tag","embeddable":true,"href":"https:\/\/www.europesays.com\/ro\/wp-json\/wp\/v2\/tags?post=284712"}],"curies":[{"name":"wp","href":"https:\/\/api.w.org\/{rel}","templated":true}]}}