{"id":284804,"date":"2026-09-02T13:29:09","date_gmt":"2026-09-02T13:29:09","guid":{"rendered":"https:\/\/www.europesays.com\/ro\/284804\/"},"modified":"2026-09-02T13:29:09","modified_gmt":"2026-09-02T13:29:09","slug":"cipriotii-au-aflat-cu-ce-se-mai-ocupa-florin-tanase-in-afara-fotbalului-si-nu-le-a-venit-sa-creada","status":"publish","type":"post","link":"https:\/\/www.europesays.com\/ro\/284804\/","title":{"rendered":"Ciprio\u021bii au aflat cu ce se mai ocup\u0103 Florin T\u0103nase \u00een afara fotbalului \u0219i nu le-a venit s\u0103 cread\u0103"},"content":{"rendered":"\n<ul class=\"bullets\">\n<li>\n<p>Cupa Rom\u00e2niei: FC Arge\u0219 &#8211; FCSB, miercuri, 21:30, DGS 1<\/p>\n<\/li>\n<li>\n<p>Cupa Rom\u00e2niei: Sporting Lie\u0219ti &#8211; Dinamo, miercuri, 19:00, DGS 1<\/p>\n<\/li>\n<\/ul>\n<p>C\u0103pitanul FCSB-ului nu a plecat \u00een cele mai bune condi\u021bii de la echip\u0103. Florin T\u0103nase a fost implicat \u00eentr-un moment tensionat la un antrenament, a fost exclus mai apoi din lot \u0219i\u00a0<a href=\"https:\/\/www.digisport.ro\/fotbal\/liga-1\/florin-tanase-a-auzit-ce-a-spus-mm-stoica-si-nu-s-a-putut-abtine-cum-le-place-unora-4459993\" data-skip-linkfix=\"1\" rel=\"nofollow noopener\" target=\"_blank\">s-a contrat public cu MM Stoica.<\/a><\/p>\n<p>Ciprio\u021bii au aflat despre afacerile \u00een imobiliare ale lui Florin T\u0103naseGalerie Foto<\/p>\n<p>Florin T\u0103nase are deja planul f\u0103cut dup\u0103 retragerea din fotbal.\u00a0<a href=\"https:\/\/www.digisport.ro\/fotbal\/champions-league\/ce-a-spus-gigi-becali-despre-florin-tanase-dupa-ce-a-fost-eliminat-in-shkendija-fcsb-1-0-3712993\" data-skip-linkfix=\"1\" rel=\"nofollow noopener\" target=\"_blank\">Fostul preferat al lui Gigi Becali<\/a>\u00a0a luat lec\u021bii de la afaceristul din Pipera \u0219i a \u00eenceput s\u0103 investeasc\u0103 \u00een domeniul imobiliar.<\/p>\n<p>\u00cen prezent, Florin T\u0103nase \u0219i impresarul Florin Vulturar<a href=\"https:\/\/www.digisport.ro\/fotbal\/liga-1\/florin-tanase-a-dat-lovitura-fotbalistul-fcsb-ului-le-a-vandut-apartamente-mai-multor-oameni-din-fotbalul-romanesc-3714953\" data-skip-linkfix=\"1\" rel=\"nofollow noopener\" target=\"_blank\"> contruiesc blocuri \u00een zona de nord a Bucure\u0219tiului<\/a>. Despre &#8222;Tase&#8221; s-a scris c\u0103 a ob\u021binut p\u00e2n\u0103 acum nu mai pu\u021bin de 20 de milioane de euro, dar nu vrea s\u0103 se opreasc\u0103 aici.<\/p>\n<p>Dup\u0103 prezentarea la Omonia, presa din Cipru l-a analizat pe Florin T\u0103nase.<\/p>\n<p>&#8222;O poveste care are la baz\u0103 nu doar fotbalul, ci \u0219i imobiliarele!<\/p>\n<p>Transferul lui Florin T\u0103nase la Omonia se num\u0103r\u0103, f\u0103r\u0103 \u00eendoial\u0103, printre cele mai sonore transferuri ale actualei perioade de mercato din Cipru.<\/p>\n<p>Totodat\u0103, este \u0219i un transfer care a pornit ca o posibilitate \u0219i s-a transformat \u00een realitate \u00een mai pu\u021bin de zece zile.<\/p>\n<p>\u00cempreun\u0103 cu agentul FIFA\/UEFA Florin Vulturar, T\u0103nase a creat Noura Residence, un complex reziden\u021bial de lux format din patru cl\u0103diri cu \u0219ase etaje, care \u00eensumeaz\u0103 128 de apartamente.<\/p>\n<p>Folosindu-se de rela\u021biile sale din lumea sportului, T\u0103nase a v\u00e2ndut numeroase apartamente unor vedete ale fotbalului rom\u00e2nesc. Se estimeaz\u0103 c\u0103 v\u00e2nzarea a aproape 75% dintre aceste apartamente i-ar fi adus profituri de 20 de milioane de euro \u0219i l-ar fi determinat s\u0103 se implice \u00een noi proiecte imobiliare, al\u0103turi de alte persoane din lumea sportului, printre care \u0219i preparatorul fizic al FCSB, Thomas Neubert&#8221;, <a href=\"https:\/\/sportime.sigmalive.com\/pos-to%E2%80%A6-real-estate-esteile-ton-tanase-stin-omonoiaand\/\" data-skip-linkfix=\"1\" target=\"_blank\" rel=\"nofollow noopener\">au scris ciprio\u021bii.<\/a><\/p>\n<p>Pe l\u00e2ng\u0103 perioada petrecut\u0103 la FCSB, Florin T\u0103nase a evoluat timp de doi ani \u00een Arabia Saudit\u0103 \u0219i Emiratele Arabe Unite, acolo unde a avut peste un milion de euro salariul anual.<\/p>\n<p>Florin T\u0103nase, primele declara\u021bii dup\u0103 ce a semnat cu Omonia Nicosia<\/p>\n<p>Mar\u021bi, 1 septembrie, Florin T\u0103nase a fost prezentat oficial la Omonia Nicosia, campioana din Cipru.<\/p>\n<p>Florin T\u0103nase va avea un salariu anual de 500.000 de euro \u0219i va primi 100.000 de euro la semn\u0103tura. Mijloca\u0219ul rom\u00e2n a semnat pe dou\u0103 sezone \u0219i va purta tricoul cu num\u0103rul 17 la echipa din Nicosia. T\u0103nase va avea un salariu de 500.000 de euro pe sezon, plus o prim\u0103 de 100.000 de euro la semn\u0103tur\u0103.<\/p>\n<p>&#8222;M\u0103 simt fericit, sunt foarte \u00eenc\u00e2ntat c\u0103 am ajuns aici, la Omonia. De c\u00e2nd am auzit de interesul celor din club am fost \u00eenc\u00e2ntat \u0219i sunt ner\u0103bd\u0103tor s\u0103 \u00eencep treaba. Sper s\u0103 avem un sezon foarte bun, s\u0103 avem rezultate extraordinare \u0219i s\u0103-i facem ferici\u021bi pe fanii no\u0219tri.<\/p>\n<p>\u0218tiam c\u0103 este un club imens, aici \u00een Cipru, dup\u0103 am discutat cu cei din conducere, cu antrenorul \u0219i m-au convins imediat s\u0103 aleg Omonia. Am vorbit cu fostul meu antrenor, cu Elias Charalambous, \u0219i mi-a dat foarte multe detalii pozitive despre Omonia\u201d, a declarat Florin T\u0103nase, la prezentarea oficial\u0103.<\/p>\n<p>22 de titluri de campioan\u0103 are Omonia Nicosia, al\u0103turi de 16 cupe \u0219i 15 supercupe ale Ciprului.<\/p>\n<p>\u00cen acest sezon, Omonia va evolua \u00een faza ligii Europa League \u0219i va juca \u00eempotriva: Celta Vigo, NK Celje, Benfica Lisabona, NEC Nijmegen, Juventus \u0219i Celtic Glasgow.<\/p>\n<p>  Etichete:  <a href=\"https:\/\/www.digisport.ro\/eticheta\/transfer\" rel=\"nofollow noopener\" target=\"_blank\">transfer<\/a> , <a href=\"https:\/\/www.digisport.ro\/eticheta\/cipru\" rel=\"nofollow noopener\" target=\"_blank\">cipru<\/a> , <a href=\"https:\/\/www.digisport.ro\/eticheta\/omonia-nicosia\" rel=\"nofollow noopener\" target=\"_blank\">omonia nicosia<\/a> , <a href=\"https:\/\/www.digisport.ro\/eticheta\/florin-tanase\" rel=\"nofollow noopener\" target=\"_blank\">florin tanase<\/a>   <\/p>\n<p>Urm\u0103re\u0219te \u0219tirile digisport.ro \u0219i pe <a href=\"https:\/\/news.google.com\/publications\/CAAiENr1L9HFNMG5hpp5zTfVtpsqFAgKIhDa9S_RxTTBuYaaec031bab?ceid=RO:ro&amp;oc=3\" target=\"_blank\" rel=\"external nofollow noopener\">Google News<\/a><\/p>\n<p>   Noua Aplica\u0163ie Digi Sport poate fi desc\u0103rcat\u0103 din   <\/p>\n","protected":false},"excerpt":{"rendered":"Cupa Rom\u00e2niei: FC Arge\u0219 &#8211; FCSB, miercuri, 21:30, DGS 1 Cupa Rom\u00e2niei: Sporting Lie\u0219ti &#8211; Dinamo, miercuri, 19:00,&hellip;\n","protected":false},"author":2,"featured_media":284805,"comment_status":"","ping_status":"","sticky":false,"template":"","format":"standard","meta":{"footnotes":"","_share_on_mastodon":"0"},"categories":[20],"tags":[6999,4340,61743,41,40,38,39,185,184,379],"class_list":["post-284804","post","type-post","status-publish","format-standard","has-post-thumbnail","category-sport","tag-cipru","tag-florin-tanase","tag-omonia-nicosia","tag-ro","tag-romana","tag-romania","tag-romanian","tag-sport","tag-sports","tag-transfer"],"share_on_mastodon":{"url":"https:\/\/pubeurope.com\/@ro\/117201689959532063","error":""},"_links":{"self":[{"href":"https:\/\/www.europesays.com\/ro\/wp-json\/wp\/v2\/posts\/284804","targetHints":{"allow":["GET"]}}],"collection":[{"href":"https:\/\/www.europesays.com\/ro\/wp-json\/wp\/v2\/posts"}],"about":[{"href":"https:\/\/www.europesays.com\/ro\/wp-json\/wp\/v2\/types\/post"}],"author":[{"embeddable":true,"href":"https:\/\/www.europesays.com\/ro\/wp-json\/wp\/v2\/users\/2"}],"replies":[{"embeddable":true,"href":"https:\/\/www.europesays.com\/ro\/wp-json\/wp\/v2\/comments?post=284804"}],"version-history":[{"count":0,"href":"https:\/\/www.europesays.com\/ro\/wp-json\/wp\/v2\/posts\/284804\/revisions"}],"wp:featuredmedia":[{"embeddable":true,"href":"https:\/\/www.europesays.com\/ro\/wp-json\/wp\/v2\/media\/284805"}],"wp:attachment":[{"href":"https:\/\/www.europesays.com\/ro\/wp-json\/wp\/v2\/media?parent=284804"}],"wp:term":[{"taxonomy":"category","embeddable":true,"href":"https:\/\/www.europesays.com\/ro\/wp-json\/wp\/v2\/categories?post=284804"},{"taxonomy":"post_tag","embeddable":true,"href":"https:\/\/www.europesays.com\/ro\/wp-json\/wp\/v2\/tags?post=284804"}],"curies":[{"name":"wp","href":"https:\/\/api.w.org\/{rel}","templated":true}]}}