{"id":284816,"date":"2026-09-02T13:38:11","date_gmt":"2026-09-02T13:38:11","guid":{"rendered":"https:\/\/www.europesays.com\/ro\/284816\/"},"modified":"2026-09-02T13:38:11","modified_gmt":"2026-09-02T13:38:11","slug":"poco-x8-debuteaza-cu-baterie-de-8-340-mah-si-pret-de-319-euro-autonomia-este-miza-principala","status":"publish","type":"post","link":"https:\/\/www.europesays.com\/ro\/284816\/","title":{"rendered":"POCO X8 debuteaz\u0103 cu baterie de 8.340 mAh \u0219i pre\u021b de 319 euro; autonomia este miza principal\u0103"},"content":{"rendered":"<p>POCO X8 debuteaz\u0103 \u00een Europa cu o baterie de 8.340 mAh. Telefonul porne\u0219te de la <a href=\"https:\/\/www.notebookcheck.net\/Xiaomi-unveils-Poco-X8-with-IP69K-Gorilla-Glass-Victus-2-and-huge-8-340-mAh-battery.1385116.0.html\" rel=\"nofollow noopener noreferrer\" target=\"_blank\">319 euro<\/a>, adic\u0103 aproximativ 1.680 de lei, \u0219i se a\u0219az\u0103 sub <a href=\"https:\/\/www.mobilissimo.ro\/recenzii-telefoane\/poco-x8-pro-review-detaliat-in-limba-romana\" rel=\"nofollow noopener\" target=\"_blank\">POCO X8 Pro<\/a> ca performan\u021b\u0103, dar \u00eel atac\u0103 serios la capitolul autonomie.<\/p>\n<p>Acumulatorul folose\u0219te tehnologie pe baz\u0103 de siliciu \u0219i are o capacitate cu aproximativ 63% mai mare dec\u00e2t cea a genera\u021biei precedente, <a href=\"https:\/\/www.mobilissimo.ro\/articole-telefoane\/mwc-2025-poco-x7-hands-on\" rel=\"nofollow noopener\" target=\"_blank\">POCO X7<\/a>. POCO sus\u021bine c\u0103 bateria \u00ee\u0219i p\u0103streaz\u0103 80% din capacitatea ini\u021bial\u0103 dup\u0103 1.600 de cicluri de \u00eenc\u0103rcare. \u00cenc\u0103rcarea prin USB-C urc\u0103 la 67 W.<\/p>\n<p style=\"text-align: center;\"><a href=\"https:\/\/www.europesays.com\/ro\/wp-content\/uploads\/2026\/09\/Xiaomi-Poco-X8b.jpg\"><img decoding=\"async\" alt=\"POCO X8 debuteaz\u0103 cu baterie de 8.340 mAh \u0219i pre\u021b de 319 euro; autonomia este miza principal\u0103\" src=\"https:\/\/www.europesays.com\/ro\/wp-content\/uploads\/2026\/09\/Xiaomi-Poco-X8b.jpg\" style=\"height:296px; width:592px\"\/><\/a><\/p>\n<p>La interior g\u0103sim Snapdragon 6s Gen 4, deci X8 nu \u00eencearc\u0103 s\u0103 joace \u00een aceea\u0219i lig\u0103 de performan\u021b\u0103 cu modelele Pro. Ecranul AMOLED are 6,83 inch, rezolu\u021bie de 2.772 \u00d7 1.280 pixeli, rat\u0103 de refresh de 120 Hz \u0219i luminozitate HDR de p\u00e2n\u0103 la 3.500 de ni\u021bi. Peste panou se afl\u0103 Gorilla Glass Victus 2, iar carcasa de 8,6 mm \u0219i 223 de grame are certific\u0103ri IP68 \u0219i IP69K.<\/p>\n<p>Camere pu\u021bine, dar apare un mod pentru fotografii sub ap\u0103<\/p>\n<p>Camera principal\u0103 are 50 MP, deschidere f\/1.8 \u0219i stabilizare optic\u0103, fiind acompaniat\u0103 de un senzor auxiliar de numai 2 MP. \u00cen fa\u021b\u0103 g\u0103sim o camer\u0103 de 16 MP. Bateria pare desprins\u0103 dintr-un model \u201ePower\u201d; acel senzor de 2 MP ne aminte\u0219te repede unde s-au f\u0103cut economiile.<\/p>\n<p style=\"text-align: center;\"><a href=\"https:\/\/www.europesays.com\/ro\/wp-content\/uploads\/2026\/09\/Xiaomi-Poco-X8c(1).jpg\"><img decoding=\"async\" alt=\"POCO X8 debuteaz\u0103 \u00een Europa cu o baterie de 8.340 mAh\" src=\"https:\/\/www.europesays.com\/ro\/wp-content\/uploads\/2026\/09\/Xiaomi-Poco-X8c(1).jpg\" style=\"height:807px; width:592px\"\/><\/a><\/p>\n<p>Mai neobi\u0219nuit este modul dedicat fotografierii \u0219i film\u0103rii sub ap\u0103, care merge m\u00e2n\u0103 \u00een m\u00e2n\u0103 cu protec\u021bia ridicat\u0103 la ap\u0103. POCO X8 mai ofer\u0103 scanner de amprente sub ecran, NFC, dual-SIM \u0219i Bluetooth 5.1. \u00cen gama <a href=\"https:\/\/www.mobilissimo.ro\/stiri-despre\/poco\" rel=\"nofollow noopener\" target=\"_blank\">POCO<\/a>, accentul cade astfel mai pu\u021bin pe for\u021b\u0103 brut\u0103 \u0219i mai mult pe autonomie \u0219i rezisten\u021b\u0103.<\/p>\n<p>Pentru Europa, versiunea cu 8 GB RAM \u0219i 256 GB stocare cost\u0103 319 euro (aproximativ 1.680 de lei) \u00een perioada de lansare, iar cea cu 12 GB RAM ajunge la 359 euro (aproximativ 1.890 de lei). Dup\u0103 promo\u021bia ini\u021bial\u0103, pre\u021burile urc\u0103 la 399 euro (circa 2.100 de lei), respectiv 449 euro (circa 2.360 de lei).<\/p>\n","protected":false},"excerpt":{"rendered":"POCO X8 debuteaz\u0103 \u00een Europa cu o baterie de 8.340 mAh. Telefonul porne\u0219te de la 319 euro, adic\u0103&hellip;\n","protected":false},"author":2,"featured_media":284817,"comment_status":"","ping_status":"","sticky":false,"template":"","format":"standard","meta":{"footnotes":"","_share_on_mastodon":"0"},"categories":[16],"tags":[274,8102,28960,63462,29277,18180,65117,41,40,38,39,12219,141,124,69891,169],"class_list":["post-284816","post","type-post","status-publish","format-standard","has-post-thumbnail","category-tehnologie","tag-android","tag-autonomie","tag-baterie-silicon-carbon","tag-gorilla-glass-victus-2","tag-ip69k","tag-poco","tag-poco-x8","tag-ro","tag-romana","tag-romania","tag-romanian","tag-snapdragon-6s-gen-4","tag-technology","tag-tehnologie","tag-telefoane-mid-range","tag-xiaomi"],"share_on_mastodon":{"url":"https:\/\/pubeurope.com\/@ro\/117201725614443341","error":""},"_links":{"self":[{"href":"https:\/\/www.europesays.com\/ro\/wp-json\/wp\/v2\/posts\/284816","targetHints":{"allow":["GET"]}}],"collection":[{"href":"https:\/\/www.europesays.com\/ro\/wp-json\/wp\/v2\/posts"}],"about":[{"href":"https:\/\/www.europesays.com\/ro\/wp-json\/wp\/v2\/types\/post"}],"author":[{"embeddable":true,"href":"https:\/\/www.europesays.com\/ro\/wp-json\/wp\/v2\/users\/2"}],"replies":[{"embeddable":true,"href":"https:\/\/www.europesays.com\/ro\/wp-json\/wp\/v2\/comments?post=284816"}],"version-history":[{"count":0,"href":"https:\/\/www.europesays.com\/ro\/wp-json\/wp\/v2\/posts\/284816\/revisions"}],"wp:featuredmedia":[{"embeddable":true,"href":"https:\/\/www.europesays.com\/ro\/wp-json\/wp\/v2\/media\/284817"}],"wp:attachment":[{"href":"https:\/\/www.europesays.com\/ro\/wp-json\/wp\/v2\/media?parent=284816"}],"wp:term":[{"taxonomy":"category","embeddable":true,"href":"https:\/\/www.europesays.com\/ro\/wp-json\/wp\/v2\/categories?post=284816"},{"taxonomy":"post_tag","embeddable":true,"href":"https:\/\/www.europesays.com\/ro\/wp-json\/wp\/v2\/tags?post=284816"}],"curies":[{"name":"wp","href":"https:\/\/api.w.org\/{rel}","templated":true}]}}