{"id":284904,"date":"2026-09-02T14:41:14","date_gmt":"2026-09-02T14:41:14","guid":{"rendered":"https:\/\/www.europesays.com\/ro\/284904\/"},"modified":"2026-09-02T14:41:14","modified_gmt":"2026-09-02T14:41:14","slug":"ifa-2026-telefon-de-gaming-sau-unealta-de-camping-oukitel-lanseaza-modele-neobisnuite-cu-baterii-mari-si-chiar-bricheta-integrata","status":"publish","type":"post","link":"https:\/\/www.europesays.com\/ro\/284904\/","title":{"rendered":"IFA 2026: Telefon de gaming sau unealt\u0103 de camping? Oukitel lanseaz\u0103 modele neobi\u0219nuite, cu baterii mari \u0219i chiar brichet\u0103 integrat\u0103"},"content":{"rendered":"<p>Oukitel aduce la IFA 2026 trei telefoane robuste construite pentru scenarii foarte diferite. Pentru t\u00e2rgul de la Berlin apar pe list\u0103 modelele WP70 Ultra, WP600 \u0219i neobi\u0219nuitul Oukitel WP63. Numitorul comun r\u0103m\u00e2ne construc\u021bia robust\u0103 \u0219i bateria mare, \u00eens\u0103 fiecare merge \u00eentr-o direc\u021bie proprie. Iat\u0103detalii!<\/p>\n<p>Oukitel WP70 Ultra<\/p>\n<p>WP70 Ultra pune accentul pe autonomie \u0219i instrumente pentru lucru \u00een teren. Oukitel \u00eel prezint\u0103 drept cel mai sub\u021bire telefon rugged cu baterie de 16.000 mAh, folosind o celul\u0103 silicon-carbon \u0219i \u00eenc\u0103rcare la 66 W. Ecranul OLED de 6,78 inch ruleaz\u0103 la 120 Hz, iar platforma hardware este MediaTek Dimensity 7200.<\/p>\n<p class=\"photoGallery\"><a class=\"ui-action-gallery-overlay\" data-photo-gallery-id=\"15797\"><img class=\"articleGalleryPreviewImage\" src=\"https:\/\/www.europesays.com\/ro\/wp-content\/uploads\/2026\/09\/6a981a72d607f.jpg\" alt=\"Oukitel WP70 Ultra - Fotografii oficiale (galerie)\" width=\"1600\" height=\"1349\" loading=\"lazy\" decoding=\"async\"\/>Oukitel WP70 Ultra &#8211; Fotografii oficiale (galerie)<\/a><\/p>\n<p>Mai interesant\u0103 pentru publicul profesional este combina\u021bia dintre camera Night Vision \u0219i senzorul pentru termoviziune, util pentru identificarea surselor de c\u0103ldur\u0103 sau verific\u0103ri tehnice.<\/p>\n<ul>\n<li>Ecran: OLED de 6,78 inch, 120 Hz<\/li>\n<li>Procesor: MediaTek Dimensity 7200<\/li>\n<li>Baterie: 16.000 mAh, silicon-carbon<\/li>\n<li>\u00cenc\u0103rcare: 66 W<\/li>\n<li>Camer\u0103 principal\u0103: 108 MP<\/li>\n<li>Night Vision: 64 MP<\/li>\n<li>Extra: termoviziune, Android 16<\/li>\n<\/ul>\n<p>Oukitel WP600<\/p>\n<p style=\"text-align:center\"><a href=\"https:\/\/www.mobilissimo.ro\/imgs\/uploaded\/images\/9\/download - 2026-09-02T154547_036.jpg\" target=\"_blank\" rel=\"nofollow noopener\"><img decoding=\"async\" alt=\"\" src=\"https:\/\/www.europesays.com\/ro\/wp-content\/uploads\/2026\/09\/download - 2026-09-02T154547_036.jpg\" style=\"height:430px; width:592px\"\/><\/a><\/p>\n<p>WP600 este propunerea de gaming, dar p\u0103streaz\u0103 ADN-ul de telefon robust. Prime\u0219te dou\u0103 ventilatoare pentru r\u0103cire activ\u0103, o solu\u021bie care ar trebui s\u0103 ajute procesorul Dimensity 8300 s\u0103 men\u021bin\u0103 performan\u021ba \u00een sarcini lungi, nu doar \u00een v\u00e2rfuri scurte.<\/p>\n<p>Configura\u021biile ajung p\u00e2n\u0103 la 24 GB RAM LPDDR5X \u0219i 1 TB UFS 4.0, iar aspectul este completat de iluminare RGB configurabil\u0103. Protec\u021biile IP68\/IP69K \u0219i testarea MIL-STD-810H \u00eel separ\u0103 \u00eens\u0103 de telefoanele de gaming conven\u021bionale.<\/p>\n<ul>\n<li>Ecran: 6,8 inch, 1080p+, 120 Hz<\/li>\n<li>Procesor: MediaTek Dimensity 8300<\/li>\n<li>Memorie: p\u00e2n\u0103 la 24 GB LPDDR5X<\/li>\n<li>Stocare: p\u00e2n\u0103 la 1 TB UFS 4.0<\/li>\n<li>Baterie: 10.000 mAh, \u00eenc\u0103rcare 45 W<\/li>\n<li>Camer\u0103: 108 MP, filmare 4K<\/li>\n<li>Extra: r\u0103cire dual-fan, RGB, eSIM, 5G<\/li>\n<\/ul>\n<p>Oukitel WP63<\/p>\n<p style=\"text-align:center\">\n<p>WP63 r\u0103m\u00e2ne modelul cel mai atipic. L-am \u00eent\u00e2lnit \u0219i \u00een <a href=\"https:\/\/www.mobilissimo.ro\/articole-telefoane\/mwc-2026-turul-standului-oukitel-telefon-cu-bricheta-clone-corpuri-robuste-si-masive-video?utm_source=mobilissimo_ro\" target=\"_blank\" rel=\"nofollow noopener\">turul standului Oukitel de la MWC 2026<\/a>, iar acum revine \u00een portofoliul expus la IFA. Telefonul integreaz\u0103 un element electric pentru aprinderea focului, al\u0103turi de o lantern\u0103 de camping \u0219i un difuzor puternic.<\/p>\n<p>Bateria de 20.000 mAh poate alimenta \u0219i alte dispozitive la 18W, ceea ce \u00eel apropie mai mult de un instrument pentru camping dec\u00e2t de un smartphone obi\u0219nuit.<\/p>\n<ul>\n<li>Baterie: 20.000 mAh<\/li>\n<li>\u00cenc\u0103rcare: 33 W<\/li>\n<li>\u00cenc\u0103rcare invers\u0103: 18 W<\/li>\n<li>Extra: aprinz\u0103tor electric integrat<\/li>\n<li>Lantern\u0103 de camping<\/li>\n<li>Difuzor de mare putere<\/li>\n<\/ul>\n","protected":false},"excerpt":{"rendered":"Oukitel aduce la IFA 2026 trei telefoane robuste construite pentru scenarii foarte diferite. Pentru t\u00e2rgul de la Berlin&hellip;\n","protected":false},"author":2,"featured_media":284905,"comment_status":"","ping_status":"","sticky":false,"template":"","format":"standard","meta":{"footnotes":"","_share_on_mastodon":"0"},"categories":[16],"tags":[1174,78438,78439,68356,78432,41,40,38,39,141,124,78437,78436,78434,78435,78433],"class_list":["post-284904","post","type-post","status-publish","format-standard","has-post-thumbnail","category-tehnologie","tag-android-16","tag-baterii-mari","tag-camping","tag-ifa-2026","tag-oukitel","tag-ro","tag-romana","tag-romania","tag-romanian","tag-technology","tag-tehnologie","tag-telefoane-de-gaming","tag-telefoane-robuste","tag-wp600","tag-wp63","tag-wp70-ultra"],"share_on_mastodon":{"url":"https:\/\/pubeurope.com\/@ro\/117201973629343956","error":""},"_links":{"self":[{"href":"https:\/\/www.europesays.com\/ro\/wp-json\/wp\/v2\/posts\/284904","targetHints":{"allow":["GET"]}}],"collection":[{"href":"https:\/\/www.europesays.com\/ro\/wp-json\/wp\/v2\/posts"}],"about":[{"href":"https:\/\/www.europesays.com\/ro\/wp-json\/wp\/v2\/types\/post"}],"author":[{"embeddable":true,"href":"https:\/\/www.europesays.com\/ro\/wp-json\/wp\/v2\/users\/2"}],"replies":[{"embeddable":true,"href":"https:\/\/www.europesays.com\/ro\/wp-json\/wp\/v2\/comments?post=284904"}],"version-history":[{"count":0,"href":"https:\/\/www.europesays.com\/ro\/wp-json\/wp\/v2\/posts\/284904\/revisions"}],"wp:featuredmedia":[{"embeddable":true,"href":"https:\/\/www.europesays.com\/ro\/wp-json\/wp\/v2\/media\/284905"}],"wp:attachment":[{"href":"https:\/\/www.europesays.com\/ro\/wp-json\/wp\/v2\/media?parent=284904"}],"wp:term":[{"taxonomy":"category","embeddable":true,"href":"https:\/\/www.europesays.com\/ro\/wp-json\/wp\/v2\/categories?post=284904"},{"taxonomy":"post_tag","embeddable":true,"href":"https:\/\/www.europesays.com\/ro\/wp-json\/wp\/v2\/tags?post=284904"}],"curies":[{"name":"wp","href":"https:\/\/api.w.org\/{rel}","templated":true}]}}