{"id":284912,"date":"2026-09-02T14:46:12","date_gmt":"2026-09-02T14:46:12","guid":{"rendered":"https:\/\/www.europesays.com\/ro\/284912\/"},"modified":"2026-09-02T14:46:12","modified_gmt":"2026-09-02T14:46:12","slug":"de-neiertat-cristi-sapunaru-a-rabufnit-dupa-ce-a-vazut-ce-s-a-intamplat-in-giulesti","status":"publish","type":"post","link":"https:\/\/www.europesays.com\/ro\/284912\/","title":{"rendered":"De neiertat! Cristi S\u0103punaru a r\u0103bufnit dup\u0103 ce a v\u0103zut ce s-a \u00eent\u00e2mplat \u00een Giule\u0219ti"},"content":{"rendered":"\n<ul class=\"bullets\">\n<li>\n<p>Cupa Rom\u00e2niei: FC Arge\u0219 &#8211; FCSB, miercuri, 21:30, DGS 1<\/p>\n<\/li>\n<li>\n<p>Cupa Rom\u00e2niei: Sporting Lie\u0219ti &#8211; Dinamo, miercuri, 19:00, DGS 1<\/p>\n<\/li>\n<\/ul>\n<p>De\u0219i ne afl\u0103m doar \u00een runda a \u0219aptea, starea terenului a l\u0103sat de dorit, ceea ce l-a deranjat extrem de tare pe Cristi S\u0103punaru, fost funda\u0219 rapidist care \u0219i-a exprimat nemul\u021bumirea \u00een cadrul emisiunii Liga Digi Sport, edi\u021bia de miercuri, 2 septembrie.<\/p>\n<p>Cristi S\u0103punaru, extrem de deranjat de starea gazonului din Giule\u0219ti: \u201dVrei fotbal, vrei performan\u021b\u0103 \u0219i se stric\u0103 gazonul dup\u0103 c\u00e2teva etape\u201d<\/p>\n<p>\u201dBine c\u0103 nu se joac\u0103 (n.r. Poli Timi\u0219oara &#8211; Rapid, \u00een prima etap\u0103 din Cupa Rom\u00e2niei) \u00een Giule\u0219ti! Cine \u0219tie cum se f\u0103cea terenul&#8230; Nu po\u021bi \u00een 2026 s\u0103 ai asemenea teren.<\/p>\n<p>Vrei fotbal, vrei performan\u021b\u0103 \u0219i se stric\u0103 gazonul dup\u0103 c\u00e2teva etape. Nu e vorba numai de Rapid, ci \u0219i de celelalte echipe \u00een situa\u021bia asta\u201d, a declarat Cristi S\u0103punaru, la Digi Sport.<\/p>\n<p>Derby-ul dintre giule\u0219teni \u0219i olteni a fost, \u00eentr-adev\u0103r, spectaculos \u0219i peste nivelul obi\u0219nuit al campionatului, dar chiar \u0219i a\u0219a au existat multe imprecizii din partea juc\u0103torilor cauzate de felul \u00een care s\u0103rea mingea din gazon.<\/p>\n<p>\u00cen acest sezon \u00ee\u0219i disput\u0103 meciurile europene pe stadionul din Giule\u0219ti \u0219i Hapoel Beer Sheva. Dup\u0103 ce \u00een primele tururi preliminare din UCL a g\u0103zduit duelurile de \u201dacas\u0103\u201d \u00een Ungaria, gruparea din Israel a ales stadionul Rapidului pentru partida in play-off-ul UCL \u0219i disputele din faza ligii.<\/p>\n<p>Astfel, cu Beer Sheva calificat\u0103 \u00een faza ligii UEFA Europa League, Giule\u0219tiul va g\u0103zdui echipe precum Dinamo Zagreb, OFI Crete, Juventus \u0219i Celta Vigo. \u00cen deplasare, israelienii le vor \u00eent\u00e2lni pe AZ Alkmaar, Royale Union SG, Be\u0219ikta\u0219 \u0219i Bournemouth.<\/p>\n<p>VIDEO rezumat Rapid &#8211; Universitatea Craiova 1-1VIDEO rezumat Rapid &#8211; Universitatea Craiova 1-1, etapa 7, SuperLiga\u0218i terenul de la Ploie\u0219ti s-a prezentat \u00eentr-o stare foarte proast\u0103<\/p>\n<p>\u00cen minutul 21 al partidei de pe \u201dIlie Oan\u0103\u201d <a href=\"https:\/\/www.digisport.ro\/fotbal\/liga-1\/petrolul-rapid-0-2-alexandru-dobre-si-olimpiu-morutan-au-adus-victoria-pentru-trupa-lui-daniel-pancu-4441253\" target=\"_blank\" rel=\"noopener nofollow\" data-skip-linkfix=\"1\">dintre Petrolul \u0219i Rapid, scor 0-2,<\/a> Daniel Graovac a c\u0103lcat gre\u0219it pe terenul care nu se prezint\u0103 \u00een cele mai bune condi\u021bii \u0219i s-a zv\u00e2rcolit pre\u021b de c\u00e2teva secunde \u0219i a \u00eenceput s\u0103 pl\u00e2ng\u0103 de durere.<\/p>\n<p>Daniel Graovac s-a accidentat \u00een Petrolul &#8211; Rapid \u0219i a fost schimbat de Alexandru Pa\u0219canu<\/p>\n<p>Ulterior, stoperul adus gratis dup\u0103 desp\u0103r\u021birea de la FCSB a primit verdictul medicilor, care a fost unul crunt: leziuni dure la menisc \u0219i la ligament. <a href=\"https:\/\/www.digisport.ro\/fotbal\/liga-1\/lovitura-uriasa-pentru-rapid-out-tot-sezonul-4449737\" target=\"_blank\" rel=\"noopener nofollow\" data-skip-linkfix=\"1\">Graovac nu va mai putea juca \u00een aceast\u0103 stagiune<\/a> pentru forma\u021bia alb-vi\u0219inie.<\/p>\n<p>  Etichete:  <a href=\"https:\/\/www.digisport.ro\/eticheta\/rapid\" rel=\"nofollow noopener\" target=\"_blank\">rapid<\/a> , <a href=\"https:\/\/www.digisport.ro\/eticheta\/giulesti\" rel=\"nofollow noopener\" target=\"_blank\">giulesti<\/a> , <a href=\"https:\/\/www.digisport.ro\/eticheta\/sapunaru\" rel=\"nofollow noopener\" target=\"_blank\">sapunaru<\/a> , <a href=\"https:\/\/www.digisport.ro\/eticheta\/cristi-sapunaru\" rel=\"nofollow noopener\" target=\"_blank\">cristi sapunaru<\/a> , <a href=\"https:\/\/www.digisport.ro\/eticheta\/gazon\" rel=\"nofollow noopener\" target=\"_blank\">gazon<\/a> , <a href=\"https:\/\/www.digisport.ro\/eticheta\/teren\" rel=\"nofollow noopener\" target=\"_blank\">teren<\/a>   <\/p>\n<p>Urm\u0103re\u0219te \u0219tirile digisport.ro \u0219i pe <a href=\"https:\/\/news.google.com\/publications\/CAAiENr1L9HFNMG5hpp5zTfVtpsqFAgKIhDa9S_RxTTBuYaaec031bab?ceid=RO:ro&amp;oc=3\" target=\"_blank\" rel=\"external nofollow noopener\">Google News<\/a><\/p>\n<p>   Noua Aplica\u0163ie Digi Sport poate fi desc\u0103rcat\u0103 din   <\/p>\n","protected":false},"excerpt":{"rendered":"Cupa Rom\u00e2niei: FC Arge\u0219 &#8211; FCSB, miercuri, 21:30, DGS 1 Cupa Rom\u00e2niei: Sporting Lie\u0219ti &#8211; Dinamo, miercuri, 19:00,&hellip;\n","protected":false},"author":2,"featured_media":284913,"comment_status":"","ping_status":"","sticky":false,"template":"","format":"standard","meta":{"footnotes":"","_share_on_mastodon":"0"},"categories":[20],"tags":[2476,484,328,189,41,40,38,39,19602,185,184,5574],"class_list":["post-284912","post","type-post","status-publish","format-standard","has-post-thumbnail","category-sport","tag-cristi-sapunaru","tag-gazon","tag-giulesti","tag-rapid","tag-ro","tag-romana","tag-romania","tag-romanian","tag-sapunaru","tag-sport","tag-sports","tag-teren"],"share_on_mastodon":{"url":"https:\/\/pubeurope.com\/@ro\/117201992598171677","error":""},"_links":{"self":[{"href":"https:\/\/www.europesays.com\/ro\/wp-json\/wp\/v2\/posts\/284912","targetHints":{"allow":["GET"]}}],"collection":[{"href":"https:\/\/www.europesays.com\/ro\/wp-json\/wp\/v2\/posts"}],"about":[{"href":"https:\/\/www.europesays.com\/ro\/wp-json\/wp\/v2\/types\/post"}],"author":[{"embeddable":true,"href":"https:\/\/www.europesays.com\/ro\/wp-json\/wp\/v2\/users\/2"}],"replies":[{"embeddable":true,"href":"https:\/\/www.europesays.com\/ro\/wp-json\/wp\/v2\/comments?post=284912"}],"version-history":[{"count":0,"href":"https:\/\/www.europesays.com\/ro\/wp-json\/wp\/v2\/posts\/284912\/revisions"}],"wp:featuredmedia":[{"embeddable":true,"href":"https:\/\/www.europesays.com\/ro\/wp-json\/wp\/v2\/media\/284913"}],"wp:attachment":[{"href":"https:\/\/www.europesays.com\/ro\/wp-json\/wp\/v2\/media?parent=284912"}],"wp:term":[{"taxonomy":"category","embeddable":true,"href":"https:\/\/www.europesays.com\/ro\/wp-json\/wp\/v2\/categories?post=284912"},{"taxonomy":"post_tag","embeddable":true,"href":"https:\/\/www.europesays.com\/ro\/wp-json\/wp\/v2\/tags?post=284912"}],"curies":[{"name":"wp","href":"https:\/\/api.w.org\/{rel}","templated":true}]}}