{"id":284922,"date":"2026-09-02T14:53:10","date_gmt":"2026-09-02T14:53:10","guid":{"rendered":"https:\/\/www.europesays.com\/ro\/284922\/"},"modified":"2026-09-02T14:53:10","modified_gmt":"2026-09-02T14:53:10","slug":"live-sassuolo-frosinone-in-16-imile-de-finala-din-cupa-italiei-daniel-birligea-este-anuntat-titular","status":"publish","type":"post","link":"https:\/\/www.europesays.com\/ro\/284922\/","title":{"rendered":"LIVE. Sassuolo &#8211; Frosinone, \u00een 16-imile de final\u0103 din Cupa Italiei \u00bb Daniel B\u00eerligea este anun\u021bat titular"},"content":{"rendered":"<p>\n            Articol de <a rel=\"author nofollow noopener\" href=\"https:\/\/www.gsp.ro\/autor\/maria-olteanu-3927.html\" target=\"_blank\">Maria Olteanu<\/a>            &#8211; Publicat miercuri, 02 septembrie 2026,  17:05            \/ Actualizat miercuri, 02 septembrie 2026 17:38                    <\/p>\n<p>Interna\u021bionalul rom\u00e2n <a target=\"_self\" class=\"editor-link\" href=\"https:\/\/www.gsp.ro\/rezultate-live\/jucatorul-daniel-birligea-221050\" rel=\"nofollow noopener\">Daniel B\u00eerligea<\/a> (26 de ani), transferat recent de la <a target=\"_blank\" class=\"editor-link autolink-enabled\" href=\"https:\/\/www.gsp.ro\/rezultate-live\/echipa-teamname-576\" data-resource-id=\"576\" data-resource-type=\"team\" data-sport=\"football\" rel=\"nofollow noopener\">FCSB<\/a> \u00een Serie A, este \u00een premier\u0103 titular la meciul din faza 16-imilor de final\u0103 ale Cupei Italiei, <a target=\"_blank\" class=\"editor-link autolink-enabled\" href=\"https:\/\/www.gsp.ro\/rezultate-live\/echipa-teamname-280\" data-resource-id=\"280\" data-resource-type=\"team\" data-sport=\"football\" rel=\"nofollow noopener\">Sassuolo<\/a> &#8211; <a target=\"_blank\" class=\"editor-link autolink-enabled\" href=\"https:\/\/www.gsp.ro\/rezultate-live\/echipa-teamname-281\" data-resource-id=\"281\" data-resource-type=\"team\" data-sport=\"football\" rel=\"nofollow noopener\">Frosinone<\/a>. Duelul a \u00eenceput la ora 16:00, liveTEXT pe GSP.ro \u0219i transmis pe platforma Voyo.<\/p>\n<p class=\"do-not-hide\">Daniel B\u00eerligea s-a transferat s\u0103pt\u0103m\u00e2na trecut\u0103 la Frosinone, echip\u0103 care a pl\u0103tit 1,5 milioane de euro \u00een schimbul lui. Suma ar urma s\u0103 creasc\u0103 cu \u00eenc\u0103 3,5 milioane de euro vara viitoare, dac\u0103 forma\u021bia se va men\u021bine \u00een prima lig\u0103 italian\u0103. <\/p>\n<p class=\"do-not-hide\">Dup\u0103 transfer, acesta a bifat primele minute \u00een tricoul galben la finalul s\u0103pt\u0103m\u00e2nii,<a target=\"_self\" class=\"editor-link\" href=\"https:\/\/www.gsp.ro\/international\/stranieri\/fiorentina-frosinone-radu-dragusin-daniel-birligea-serie-a-974411.html\" rel=\"nofollow noopener\"> \u00een succesul zdrobitor cu Fiorentina, scor 3-0,<\/a> din deplasare. A fost introdus pe teren \u00een final, \u00een minutul 89, \u0219i a apucat s\u0103 debuteze.<\/p>\n<p>LIVE \u00bb Sassuolo &#8211; Frosinone 1-1<\/p>\n<ul>\n<li>\n<p><a target=\"_self\" class=\"editor-link\" href=\"https:\/\/www.gsp.ro\/rezultate-live\/meci\/11322635\" rel=\"nofollow noopener\">AICI <\/a>mai multe detalii \u0219i statistici despre meci;<\/p>\n<\/li>\n<li>\n<p>Au marcat: Dominguez\u00a036 \/ Trezic 45+3<\/p>\n<\/li>\n<li>\n<p>C\u00e2\u0219tig\u0103toarea acestui meci va lupta \u00een optimile de final\u0103 ale Cupei Italiei cu Juventus;<\/p>\n<\/li>\n<li>\n<p>\u00cen caz de egalitate dup\u0103 90 de minute, se va trece direct la lovituri de departajare;<\/p>\n<\/li>\n<\/ul>\n<p>Minutul 62: Daniel B\u00eerligea a fost \u00eenlocuit cu Tomas Bobcek. Rom\u00e2nul a avut o presta\u021bie solid\u0103 \u00een aceast\u0103 dup\u0103-amiaz\u0103.<\/p>\n<p>Minutul 56: Ce ghinion pentru B\u00eerligea! Atacantul a sc\u0103pat singur cu Turati, portarul lui Sassuolo, a \u00eenscris, \u00eens\u0103 reu\u0219ita a fost anulat\u0103 din cauza unui ofsaid.<\/p>\n<p><img decoding=\"async\" src=\"https:\/\/www.europesays.com\/ro\/wp-content\/uploads\/2026\/09\/7bd4a7da-67a0-48be-917a-a77c2c6eb716.jpg\" loading=\"lazy\" title=\"Daniel B\u00eerligea, gol anulat \u00een Sassuolo - Frosinone\" alt=\"Daniel B\u00eerligea, gol anulat \u00een Sassuolo - Frosinone, \u00een 16-imile Cupei Italiei\" width=\"738\" height=\"502\"\/><\/p>\n<p>Daniel B\u00eerligea, gol anulat \u00een Sassuolo &#8211; Frosinone<\/p>\n<p>Minutul 45+3: GOL Frosinone! Echipa lui B\u00eerligea reu\u0219e\u0219te s\u0103 revin\u0103 \u00een meci, dup\u0103 ce Trezic egaleaz\u0103 cu un \u021but puternic, de la distan\u021b\u0103<\/p>\n<p>Minutul 40: Daniel B\u00eerligea are o ocazie mare de a egala, dar din fa\u021ba portarului trimite pu\u021bin pe l\u00e2ng\u0103 poart\u0103<\/p>\n<p><img decoding=\"async\" src=\"https:\/\/www.europesays.com\/ro\/wp-content\/uploads\/2026\/09\/fd80c348-9aa5-48dc-8108-9b9519895779.jpg\" loading=\"lazy\" title=\"\" alt=\"Daniel B\u00eerligea, gol anulat \u00een Sassuolo - Frosinone, \u00een 16-imile Cupei Italiei\" width=\"738\" height=\"502\"\/><\/p>\n<p>Minutul 36: GOL Sassuolo! Deschidere de scor. Gazdele scap\u0103 pe contraatac, iar Dominguez \u00eel \u00eenvinge pe colegul lui B\u00eerligea<\/p>\n<p>Minutul 24: Terzic, colegul lui B\u00eerligea, trece pe l\u00e2ng\u0103 deschiderea de scor. Dup\u0103 o pas\u0103 primit\u0103 foarte bine, din interiorul careului acesta trimite pu\u021bin pe l\u00e2ng\u0103 poart\u0103<\/p>\n<p>Minutul 20: Frosinone domin\u0103 aceast\u0103 partid\u0103, disputat\u0103 \u00een deplasare, dar f\u0103r\u0103 s\u0103 aib\u0103 p\u00e2n\u0103 acum vreo ocazie mare de a deschide scorul. Sassuolo a \u00eencercat s\u0103 surprind\u0103 de c\u00e2teva ori pe contraatac, dar f\u0103r\u0103 reu\u0219it\u0103<\/p>\n<p>Sassuolo &#8211; Frosinone, echipele de start<\/p>\n<p>Sassuolo (4-3-3): Turati &#8211; Cinquegrano, Odenthal, Leysen, Obrador &#8211; Thorstvedt, Lipani, Ghion &#8211; Volpato, Bowie, Dominguez<br \/>Antrenor: Alberto Aquilani\u00a0<\/p>\n<p>Frosinone (4-2-3-1): Desplanches &#8211; Tchato, Akpoguma, Amey, Terzic &#8211; El Azzouzi, Grillitsch &#8211; Fini, Hasa, Zerbin -B\u00eerligea <br \/>Antrenor: Massimiliano Alvini<\/p>\n<p>Daniel B\u00eerligea, titular \u00een Cupa Italiei<\/p>\n<p>Daniel B\u00eerligea este titular \u00een acest meci, folosit ca v\u00e2rf, \u00eentr-un sistem 4-2-3-1. Acesta are \u00eens\u0103 o misiune complicat\u0103 pentru a-\u0219i c\u00e2\u0219tiga locul \u00een primul \u201e11\u201d \u0219i \u00een campionat.<\/p>\n<p>Antonio Raimondo, concurent pe post cu atacantul rom\u00e2n, a reu\u0219it o dubl\u0103 \u00een victoria de la Floren\u021ba, de la finalul s\u0103pt\u0103m\u00e2nii. B\u00eerligea va trebui s\u0103 se lupte pentru un post de titular \u0219i cu Tomas Bobcek, transferat recent pentru aproape 11 milioane de euro. Acesta este v\u0103zut drept principala solu\u021bie pentru acest post.<\/p>\n","protected":false},"excerpt":{"rendered":"Articol de Maria Olteanu &#8211; Publicat miercuri, 02 septembrie 2026, 17:05 \/ Actualizat miercuri, 02 septembrie 2026 17:38&hellip;\n","protected":false},"author":2,"featured_media":284923,"comment_status":"","ping_status":"","sticky":false,"template":"","format":"standard","meta":{"footnotes":"","_share_on_mastodon":"0"},"categories":[20],"tags":[22051,1581,49907,112,41,40,38,39,547,393,185,184],"class_list":["post-284922","post","type-post","status-publish","format-standard","has-post-thumbnail","category-sport","tag-cupa-italiei","tag-daniel-birligea","tag-frosinone","tag-italia","tag-ro","tag-romana","tag-romania","tag-romanian","tag-sassuolo","tag-serie-a","tag-sport","tag-sports"],"share_on_mastodon":{"url":"https:\/\/pubeurope.com\/@ro\/117202020579580405","error":""},"_links":{"self":[{"href":"https:\/\/www.europesays.com\/ro\/wp-json\/wp\/v2\/posts\/284922","targetHints":{"allow":["GET"]}}],"collection":[{"href":"https:\/\/www.europesays.com\/ro\/wp-json\/wp\/v2\/posts"}],"about":[{"href":"https:\/\/www.europesays.com\/ro\/wp-json\/wp\/v2\/types\/post"}],"author":[{"embeddable":true,"href":"https:\/\/www.europesays.com\/ro\/wp-json\/wp\/v2\/users\/2"}],"replies":[{"embeddable":true,"href":"https:\/\/www.europesays.com\/ro\/wp-json\/wp\/v2\/comments?post=284922"}],"version-history":[{"count":0,"href":"https:\/\/www.europesays.com\/ro\/wp-json\/wp\/v2\/posts\/284922\/revisions"}],"wp:featuredmedia":[{"embeddable":true,"href":"https:\/\/www.europesays.com\/ro\/wp-json\/wp\/v2\/media\/284923"}],"wp:attachment":[{"href":"https:\/\/www.europesays.com\/ro\/wp-json\/wp\/v2\/media?parent=284922"}],"wp:term":[{"taxonomy":"category","embeddable":true,"href":"https:\/\/www.europesays.com\/ro\/wp-json\/wp\/v2\/categories?post=284922"},{"taxonomy":"post_tag","embeddable":true,"href":"https:\/\/www.europesays.com\/ro\/wp-json\/wp\/v2\/tags?post=284922"}],"curies":[{"name":"wp","href":"https:\/\/api.w.org\/{rel}","templated":true}]}}