{"id":284924,"date":"2026-09-02T14:55:16","date_gmt":"2026-09-02T14:55:16","guid":{"rendered":"https:\/\/www.europesays.com\/ro\/284924\/"},"modified":"2026-09-02T14:55:16","modified_gmt":"2026-09-02T14:55:16","slug":"huawei-watch-6-hands-on-mai-usor-mai-subtire-si-cu-o-interfata-complet-schimbata","status":"publish","type":"post","link":"https:\/\/www.europesays.com\/ro\/284924\/","title":{"rendered":"HUAWEI WATCH 6 hands-on: mai u\u0219or, mai sub\u021bire \u0219i cu o interfa\u021b\u0103 complet schimbat\u0103"},"content":{"rendered":"<p>Sunt la M\u00fcnchen, la evenimentul de lansare Huawei, iar unul dintre primele ceasuri pe care le-am pus la m\u00e2n\u0103 este HUAWEI WATCH 6. Vine \u00een dou\u0103 dimensiuni, de 42 \u0219i 46 mm, dar surpriza mea este modelul mai mic: a sl\u0103bit serios \u0219i se simte imediat la \u00eencheietur\u0103.<\/p>\n<p>Video hands-on HUAWEI Watch 6<\/p>\n<p style=\"text-align:center\">\n<p>Versiunea de 42 mm c\u00e2nt\u0103re\u0219te doar 38 de grame, cu 20% mai pu\u021bin dec\u00e2t predecesorul, \u0219i are o grosime de 10,2 mm. Eu am o \u00eencheietur\u0103 mic\u0103, iar modelul acesta chiar mi se potrive\u0219te bine. Varianta de 46 mm ajunge la 59 de grame \u0219i 10,9 mm, fiind \u0219i ea mai u\u0219oar\u0103 dec\u00e2t genera\u021bia precedent\u0103.<\/p>\n<p>Huawei folose\u0219te aluminiu pentru modelul de 42 mm \u0219i o\u021bel inoxidabil pentru cel de 46 mm. Ambele au acum sticl\u0103 de safir sferic\u0103 peste display, iar curelele au fost ajustate astfel \u00eenc\u00e2t s\u0103 urm\u0103reasc\u0103 mai natural forma \u00eencheieturii.<\/p>\n<p class=\"photoGallery\"><a class=\"ui-action-gallery-overlay\" data-photo-gallery-id=\"15800\"><img class=\"articleGalleryPreviewImage\" src=\"https:\/\/www.europesays.com\/ro\/wp-content\/uploads\/2026\/09\/6a982d8b5089f.jpg\" alt=\"Fotografii hands-on HUAWEI Watch 6 (42mm) (galerie)\" width=\"2000\" height=\"1500\" loading=\"lazy\" decoding=\"async\"\/>Fotografii hands-on HUAWEI Watch 6 (42mm) (galerie)<\/a><\/p>\n<p>Specifica\u021bii HUAWEI WATCH 6<\/p>\n<ul>\n<li>Dimensiuni: 42 mm \/ 46 mm<\/li>\n<li>Greutate: 38 g \/ 59 g<\/li>\n<li>Grosime: 10,2 mm \/ 10,9 mm<\/li>\n<li>Carcas\u0103: aluminiu \/ o\u021bel inoxidabil<\/li>\n<li>Ecran: AMOLED, p\u00e2n\u0103 la 3.000 ni\u021bi<\/li>\n<li>Protec\u021bie: sticl\u0103 de safir sferic\u0103<\/li>\n<li>Sistem de operare: HarmonyOS 7<\/li>\n<li>Senzor lateral: X-TAP 2.0<\/li>\n<li>PPG: 12 canale<\/li>\n<li>Conectivitate: eSIM<\/li>\n<li>Autonomie: p\u00e2n\u0103 la 7 zile \u00een Battery Saver<\/li>\n<\/ul>\n<p>X-TAP 2.0 \u0219i Health Glance<\/p>\n<p>X-TAP ajunge la genera\u021bia a doua \u0219i trece de la 10 la 20 de niveluri de presiune, iar sistemul PPG are acum 12 canale. \u00cen zona lateral\u0103 avem senzor tactil, ECG \u0219i PPG, combina\u021bie folosit\u0103 inclusiv pentru m\u0103surarea rapid\u0103 a SpO2.<\/p>\n<p>Health Glance pune laolalt\u0103 \u00eentr-un test de aproximativ un minut ECG, puls, SpO2, rigiditate arterial\u0103 \u0219i al\u021bi indicatori. Mai avem TrueSleep 5.0, Health Insights \u0219i Physical Readiness, care \u00ee\u021bi d\u0103 zilnic un scor \u00een func\u021bie de somn, efort \u0219i recuperare.<\/p>\n<p>HarmonyOS 7 se vede imediat<\/p>\n<p>Interfa\u021ba s-a schimbat destul de mult. HarmonyOS 7 aduce transparen\u021be, straturi \u0219i anima\u021bii cu acel aspect \u201eliquid\u201d, iar Huawei vorbe\u0219te \u0219i despre aplica\u021bii care ruleaz\u0103 cu 15% mai fluid. Au ap\u0103rut \u0219i gesturi noi. Ciupirea degetelor poate controla apeluri sau alarme, iar o mi\u0219care a \u00eencheieturii poate fi folosit\u0103 pentru Back \u00een interfa\u021b\u0103.<\/p>\n<p class=\"photoGallery\"><a class=\"ui-action-gallery-overlay\" data-photo-gallery-id=\"15801\"><img class=\"articleGalleryPreviewImage\" src=\"https:\/\/www.europesays.com\/ro\/wp-content\/uploads\/2026\/09\/6a982db9dbe9e.jpg\" alt=\"Fotografii hands-on HUAWEI Watch 6 (46mm) (galerie)\" width=\"2000\" height=\"1125\" loading=\"lazy\" decoding=\"async\"\/>Fotografii hands-on HUAWEI Watch 6 (46mm) (galerie)<\/a><\/p>\n<p>WATCH 6 suport\u0103 eSIM, Cloud Messaging, Safety Protection pentru partajarea loca\u021biei \u0219i conectarea simultan\u0103 la dou\u0103 telefoane. Autonomia este de aproximativ 3 zile \u00een utilizare tipic\u0103, poate cobor\u00ee la dou\u0103 zile \u00een scenarii mai solicitante \u0219i ajunge p\u00e2n\u0103 la 7 zile \u00een Battery Saver, cu unele func\u021bii dezactivate.<\/p>\n<p>Dup\u0103 primul contact de aici, din M\u00fcnchen, modelul de 42 mm este cel care mi-a atras cel mai mult aten\u021bia. Reducerea de greutate nu este doar o cifr\u0103 \u00eentr-un tabel: ceasul chiar se simte surprinz\u0103tor de u\u0219or la m\u00e2n\u0103. Vom reveni separat cu un material dedicat specifica\u021biilor complete pentru HUAWEI WATCH 6, iar pre\u021burile \u0219i disponibilitatea vor fi tratate \u00eentr-un articol separat.<\/p>\n","protected":false},"excerpt":{"rendered":"Sunt la M\u00fcnchen, la evenimentul de lansare Huawei, iar unul dintre primele ceasuri pe care le-am pus la&hellip;\n","protected":false},"author":2,"featured_media":284925,"comment_status":"","ping_status":"","sticky":false,"template":"","format":"standard","meta":{"footnotes":"","_share_on_mastodon":"0"},"categories":[16],"tags":[8348,57449,78426,156,76758,41,40,38,39,3651,78447,141,124,78425],"class_list":["post-284924","post","type-post","status-publish","format-standard","has-post-thumbnail","category-tehnologie","tag-esim","tag-harmonyos-7","tag-health-glance","tag-huawei","tag-huawei-watch-6","tag-ro","tag-romana","tag-romania","tag-romanian","tag-smartwatch","tag-sticla-de-safir","tag-technology","tag-tehnologie","tag-x-tap-2-0"],"share_on_mastodon":{"url":"https:\/\/pubeurope.com\/@ro\/117202028434182114","error":""},"_links":{"self":[{"href":"https:\/\/www.europesays.com\/ro\/wp-json\/wp\/v2\/posts\/284924","targetHints":{"allow":["GET"]}}],"collection":[{"href":"https:\/\/www.europesays.com\/ro\/wp-json\/wp\/v2\/posts"}],"about":[{"href":"https:\/\/www.europesays.com\/ro\/wp-json\/wp\/v2\/types\/post"}],"author":[{"embeddable":true,"href":"https:\/\/www.europesays.com\/ro\/wp-json\/wp\/v2\/users\/2"}],"replies":[{"embeddable":true,"href":"https:\/\/www.europesays.com\/ro\/wp-json\/wp\/v2\/comments?post=284924"}],"version-history":[{"count":0,"href":"https:\/\/www.europesays.com\/ro\/wp-json\/wp\/v2\/posts\/284924\/revisions"}],"wp:featuredmedia":[{"embeddable":true,"href":"https:\/\/www.europesays.com\/ro\/wp-json\/wp\/v2\/media\/284925"}],"wp:attachment":[{"href":"https:\/\/www.europesays.com\/ro\/wp-json\/wp\/v2\/media?parent=284924"}],"wp:term":[{"taxonomy":"category","embeddable":true,"href":"https:\/\/www.europesays.com\/ro\/wp-json\/wp\/v2\/categories?post=284924"},{"taxonomy":"post_tag","embeddable":true,"href":"https:\/\/www.europesays.com\/ro\/wp-json\/wp\/v2\/tags?post=284924"}],"curies":[{"name":"wp","href":"https:\/\/api.w.org\/{rel}","templated":true}]}}