{"id":284960,"date":"2026-09-02T15:23:15","date_gmt":"2026-09-02T15:23:15","guid":{"rendered":"https:\/\/www.europesays.com\/ro\/284960\/"},"modified":"2026-09-02T15:23:15","modified_gmt":"2026-09-02T15:23:15","slug":"ifa-2026-acer-pune-96-gb-ram-10-gbe-si-oculink-intr-un-mini-pc-de-numai-630-de-grame","status":"publish","type":"post","link":"https:\/\/www.europesays.com\/ro\/284960\/","title":{"rendered":"IFA 2026: Acer pune 96 GB RAM, 10 GbE \u0219i OCuLink \u00eentr-un mini PC de numai 630 de grame"},"content":{"rendered":"<p>Acer a adus la IFA 2026 un mini PC de 630 de grame construit pentru AI local. Veriton RI110 AI Mini Workstation (VRI110), prezentat prin <a href=\"https:\/\/en.prnasia.com\/releases\/global\/acer-introduces-veriton-ri110-ai-mini-workstation-for-powering-hybrid-agentic-ai-workloads-546210.shtml\" rel=\"nofollow noopener noreferrer\" target=\"_blank\">comunicatul Acer<\/a>, folose\u0219te procesorul Intel Core Ultra X7 358H \u0219i poate primi p\u00e2n\u0103 la 96 GB LPDDR5X. Dimensiunile sunt de numai 138,5 \u00d7 131,3 \u00d7 52,1 mm, dar \u00een spate apare \u0219i OCuLink, conexiune care \u00eei permite s\u0103 ias\u0103 serios din categoria mini PC-urilor cumin\u021bi.<\/p>\n<p>Platforma Intel include grafic\u0103 Arc B390, iar Acer spune c\u0103 Veriton RI110 poate lucra cu modele AI de p\u00e2n\u0103 la 120 de miliarde de parametri. Configura\u021bia \u00eel \u00eempinge spre dezvoltare, inferen\u021b\u0103, crea\u021bie \u0219i sarcini AI locale, nu doar spre rolul de PC mic prins \u00een spatele monitorului.<\/p>\n<p class=\"photoGallery\"><a class=\"ui-action-gallery-overlay\" data-photo-gallery-id=\"15794\"><img class=\"articleGalleryPreviewImage\" src=\"https:\/\/www.europesays.com\/ro\/wp-content\/uploads\/2026\/09\/6a97ff3161ece.jpg\" alt=\"Veriton RI110 AI Mini Workstation (VRI110) (galerie)\" width=\"1852\" height=\"1160\" loading=\"lazy\" decoding=\"async\"\/>Veriton RI110 AI Mini Workstation (VRI110) (galerie)<\/a><\/p>\n<p>Specifica\u021bii Acer Veriton RI110 AI Mini Workstation<\/p>\n<ul>\n<li>Procesor: Intel Core Ultra X7 358H;<\/li>\n<li>Grafic\u0103: Intel Arc B390;<\/li>\n<li>Memorie: p\u00e2n\u0103 la 96 GB LPDDR5X dual-channel;<\/li>\n<li>Stocare: SSD M.2 2280 PCIe Gen 4 de p\u00e2n\u0103 la 4 TB;<\/li>\n<li>Sistem de operare: Windows 11 Pro sau Windows 11 Home;<\/li>\n<li>Extindere: OCuLink, cu l\u0103\u021bime de band\u0103 de p\u00e2n\u0103 la 64 Gbps;<\/li>\n<li>Re\u021bea: 10 GbE + 2,5 GbE, Wi-Fi 7 \u0219i Bluetooth 5.4;<\/li>\n<li>Video: HDMI 2.1 \u0219i DisplayPort;<\/li>\n<li>Porturi rapide: dou\u0103 USB4 Type-C, USB 3.2 Gen 2 Type-C \u0219i USB 3.2 Gen 2 Type-A;<\/li>\n<li>Alte porturi: trei USB 2.0 Type-A \u0219i jack audio de 3,5 mm;<\/li>\n<li>Alimentare: adaptor extern de 120 W;<\/li>\n<li>Dimensiuni: 138,5 \u00d7 131,3 \u00d7 52,1 mm;<\/li>\n<li>Greutate: aproximativ 630 de grame.<\/li>\n<\/ul>\n<p>OCuLink este probabil dotarea care \u00eel diferen\u021biaz\u0103 cel mai u\u0219or \u00eentr-o mare de mini PC-uri. Leg\u0103tura PCIe 4.0 x4 ajunge la 64 Gbps \u0219i permite conectarea unui GPU desktop extern sau a unei solu\u021bii rapide de stocare. Ai astfel un sistem de aproximativ 630 de grame care poate r\u0103m\u00e2ne discret pe birou, dar care nu este condamnat definitiv la grafica integrat\u0103.<\/p>\n<p>Acer insist\u0103 la IFA 2026 \u0219i pe ideea de \u201eagentic AI\u201d. Veriton RI110 poate rula Acer Qubi Claw, un agent care lucreaz\u0103 \u00eentr-un mediu izolat \u0219i poate automatiza cercetarea online, propunerea unor itinerarii sau transformarea \u0219i traducerea \u00eenregistr\u0103rilor audio \u00een noti\u021be. Intel SuperClaw poate \u00eemp\u0103r\u021bi sarcinile \u00eentre procesarea local\u0103 \u0219i cloud, astfel \u00eenc\u00e2t opera\u021biunile repetitive ori sensibile s\u0103 r\u0103m\u00e2n\u0103 pe dispozitiv, iar cerin\u021bele mai complexe s\u0103 apeleze la resurse externe.<\/p>\n<p>\u00cen gama Acer exist\u0103 deja \u0219i variante mai agresive: <a href=\"https:\/\/www.mobilissimo.ro\/stiri-diverse\/ces-2026-veriton-ra100-de-la-acer-comprima-128gb-ram-si-4tb-ssd-intr-un-format-compact\" rel=\"nofollow noopener\" target=\"_blank\">Veriton RA100 cu Ryzen AI Max+ 395, 128 GB RAM \u0219i SSD de 4 TB<\/a>, respectiv <a href=\"https:\/\/www.mobilissimo.ro\/stiri-diverse\/ifa-2025-acer-veriton-gn100-ai-mini-statia-de-lucru-cu-cip-nvidia-gb10-pana-la-1-pflops-intr-un-format-compact\" rel=\"nofollow noopener\" target=\"_blank\">Veriton GN100 cu NVIDIA GB10<\/a>. RI110 joac\u0103 \u00eens\u0103 cartea flexibilit\u0103\u021bii: platform\u0103 Intel, p\u00e2n\u0103 la 96 GB RAM, re\u021bea 10 GbE \u0219i posibilitatea de a ad\u0103uga un GPU prin OCuLink.<\/p>\n<p>Veriton RI110 AI Mini Workstation va ajunge \u00een regiunea EMEA \u00een primul trimestru din 2027, iar pre\u021bul nu a fost anun\u021bat \u00eenc\u0103. Modelul face parte din valul de produse Acer prezentate la <a href=\"https:\/\/www.mobilissimo.ro\/articole-diverse\/ifa-2026-incepe-pentru-mobilissimo-inainte-de-deschiderea-messe-berlin-huawei-la-munchen-pe-1-3-septembrie-samsung-la-berlin-pe-2-septembrie\" rel=\"nofollow noopener\" target=\"_blank\">IFA 2026 de la Berlin<\/a>.<\/p>\n","protected":false},"excerpt":{"rendered":"Acer a adus la IFA 2026 un mini PC de 630 de grame construit pentru AI local. Veriton&hellip;\n","protected":false},"author":2,"featured_media":284961,"comment_status":"","ping_status":"","sticky":false,"template":"","format":"standard","meta":{"footnotes":"","_share_on_mastodon":"0"},"categories":[16],"tags":[6341,78454,1129,68356,78456,78455,52156,78457,41,40,38,39,141,124,2453],"class_list":["post-284960","post","type-post","status-publish","format-standard","has-post-thumbnail","category-tehnologie","tag-acer","tag-acer-veriton-ri110","tag-ai","tag-ifa-2026","tag-intel-arc-b390","tag-intel-core-ultra-x7-358h","tag-mini-pc","tag-oculink","tag-ro","tag-romana","tag-romania","tag-romanian","tag-technology","tag-tehnologie","tag-windows-11"],"share_on_mastodon":{"url":"https:\/\/pubeurope.com\/@ro\/117202138637794513","error":""},"_links":{"self":[{"href":"https:\/\/www.europesays.com\/ro\/wp-json\/wp\/v2\/posts\/284960","targetHints":{"allow":["GET"]}}],"collection":[{"href":"https:\/\/www.europesays.com\/ro\/wp-json\/wp\/v2\/posts"}],"about":[{"href":"https:\/\/www.europesays.com\/ro\/wp-json\/wp\/v2\/types\/post"}],"author":[{"embeddable":true,"href":"https:\/\/www.europesays.com\/ro\/wp-json\/wp\/v2\/users\/2"}],"replies":[{"embeddable":true,"href":"https:\/\/www.europesays.com\/ro\/wp-json\/wp\/v2\/comments?post=284960"}],"version-history":[{"count":0,"href":"https:\/\/www.europesays.com\/ro\/wp-json\/wp\/v2\/posts\/284960\/revisions"}],"wp:featuredmedia":[{"embeddable":true,"href":"https:\/\/www.europesays.com\/ro\/wp-json\/wp\/v2\/media\/284961"}],"wp:attachment":[{"href":"https:\/\/www.europesays.com\/ro\/wp-json\/wp\/v2\/media?parent=284960"}],"wp:term":[{"taxonomy":"category","embeddable":true,"href":"https:\/\/www.europesays.com\/ro\/wp-json\/wp\/v2\/categories?post=284960"},{"taxonomy":"post_tag","embeddable":true,"href":"https:\/\/www.europesays.com\/ro\/wp-json\/wp\/v2\/tags?post=284960"}],"curies":[{"name":"wp","href":"https:\/\/api.w.org\/{rel}","templated":true}]}}