{"id":284976,"date":"2026-09-02T15:34:13","date_gmt":"2026-09-02T15:34:13","guid":{"rendered":"https:\/\/www.europesays.com\/ro\/284976\/"},"modified":"2026-09-02T15:34:13","modified_gmt":"2026-09-02T15:34:13","slug":"femeile-care-au-fost-in-concediu-maternal-in-acesti-ani-iau-o-pensie-mai-mica-explicatiile-casei-de-pensii-newsweek-romania","status":"publish","type":"post","link":"https:\/\/www.europesays.com\/ro\/284976\/","title":{"rendered":"Femeile care au fost \u00een concediu maternal \u00een ace\u0219ti ani iau o pensie mai mic\u0103. Explica\u021biile Casei de Pensii \u2022 Newsweek Rom\u00e2nia"},"content":{"rendered":"<p>\n                    Casa de Pensii avertizeaz\u0103 c\u0103 unele femei vor lua o pensie mai mic\u0103 dac\u0103 au devenit mame \u00een anumite perioade de timp. Este o sc\u0103pare a legii pensiilor care sun\u0103 a discriminare. Avem toate detaliile.\n                <\/p>\n<p>Femeile care au devenit mame \u00een perioada 1 aprilie 2001 \u2013 1 ianuarie 2006 sunt dezavantajate la pensie. Aceast\u0103 perioad\u0103 NU reprezint\u0103 stagiu contributiv la pensie.<\/p>\n<p>Cite\u0219te \u0219i:\u00a0<a href=\"https:\/\/newsweek.ro\/social\/ministerul-muncii-a-13-a-pensie-pensionarii-afla-cand-s-ar-putea-da\" target=\"_blank\" rel=\"noopener nofollow\">Anun\u021b oficial de la Ministerul Muncii despre a 13-a pensie. C\u00e2nd s-ar putea da?<\/a><\/p>\n<p>Femeile care au devenit mame \u00een aceast\u0103 perioad\u0103 nu primesc puncte bonus (de stabilitate) pentru cei doi ani \u00een care au fost \u00een concediu de \u00eengrijire a copilului.<\/p>\n<p>Ce \u00eenseamn\u0103 asta? C\u0103 pierd aproape 2 puncte bonus la pensie (punctul de pensie este de 81 de lei).<\/p>\n<p>Din acest motiv, femeile care au fost \u00een concediu de \u00eengrijire a copilului \u00een perioada 1 aprilie 2001 \u2013 1 ianuarie 2006 vor avea o pensie mai mic\u0103 dec\u00e2t celalte mame.<\/p>\n<p>Cite\u0219te \u0219i:\u00a0<a href=\"https:\/\/newsweek.ro\/social\/indexarea-pensie-in-2025-si-2026-a-fost-anulata-vor-mai-primi-pensionarii-inapoi-banii-pierduti\" target=\"_blank\" rel=\"noopener nofollow\">Indexarea pensiilor \u00een 2025 \u0219i 2026 a fost anulat\u0103. Vor mai primi pensionarii banii pierdu\u021bi \u00een ultimii 2 ani?<\/a><\/p>\n<p>Concediu de \u00eengrijire a copilului \u00een perioada 1 aprilie 2001 \u2013 1 ianuarie 2006 este considerat\u0103 perioad\u0103 asimilat\u0103. Perioada e recunoscut\u0103 doar ca vechime pentru pensie.<\/p>\n<p>Cite\u0219te \u0219i:\u00a0<a href=\"https:\/\/newsweek.ro\/social\/surpriza-neplacuta-pentru-un-pensionar-cu-4000-lei-pensie-de-ce-nu-i-au-luat-in-calcul-9-ani-de-grupa-a-ii-a\" target=\"_blank\" rel=\"noopener nofollow\">Surpriz\u0103 nepl\u0103cut\u0103 pentru o pensionar\u0103 cu 4.000 lei pensie. Nu i-au luat \u00een calcul 17 ani de grupa a II-a<\/a><\/p>\n<p><img decoding=\"async\" src=\"https:\/\/www.europesays.com\/ro\/wp-content\/uploads\/2026\/09\/aHR0cHM6Ly9uZXdzd2Vlay5yby9zdG9yYWdlL211bHRpbWVkaWEvMjAyNi8wOS8wYzNwdzY3WDM5ckFuMWtoVjJzNWVneWVYdldK.webp\" alt=\"Pensionar\u0103 la pensie - Foto: Magnific\"\/>&#13;<br \/>\nPensioanr\u0103 la pensie &#8211; Foto: magnific&#13;<\/p>\n<p>Femeile care au devenit mame \u00een ace\u0219ti ani primesc o pensie mai mic\u0103. Explica\u021biile Casei de Pensii<\/p>\n<p>Casa de Pensii Alba a confirmat cele de mai sus \u00eentr-o explica\u021bie complet\u0103:<\/p>\n<p>\u201ePerioada \u00een care am stat acas\u0103 pentru cre\u0219terea copilului se consider\u0103 vechime la pensie?\u201d<br \/>R\u0103spunsul depinde de perioada \u00een care a fost efectuat concediul.<\/p>\n<p>\u00cenainte de 1 aprilie 2001<\/p>\n<p>Perioada concediului pentru \u00eengrijirea copilului constituie vechime \u00een munc\u0103 \u0219i stagiu de cotizare contributiv.<\/p>\n<p>1 aprilie 2001 \u2013 1 ianuarie 2006<\/p>\n<p>Perioada \u00een care s-a beneficiat de indemniza\u021bie de asigur\u0103ri sociale pentru cre\u0219terea copilului reprezint\u0103 perioad\u0103 asimilat\u0103 stagiului de cotizare.<\/p>\n<p>Aceasta nu reprezint\u0103 stagiu contributiv \u0219i nu este avut\u0103 \u00een vedere la acordarea punctelor de stabilitate.<\/p>\n<p>\u00cencep\u00e2nd cu 1 ianuarie 2006<\/p>\n<p>Concediul pentru cre\u0219terea copilului reprezint\u0103 tot perioad\u0103 asimilat\u0103, \u00eens\u0103 legea prevede c\u0103 aceasta se ia \u00een considerare la calculul stagiului minim \u0219i al stagiului complet de cotizare contributiv.<\/p>\n<p>Important: Pentru acordarea punctelor de stabilitate, perioadele asimilate nu sunt considerate stagiu contributiv.<\/p>\n<p>A\u0219adar, aceea\u0219i perioad\u0103 de \u201ecre\u0219tere a copilului\u201d poate fi valorificat\u0103 diferit la pensie, \u00een func\u021bie de data la care a fost efectuat concediul.<\/p>\n<p>\u00cen Parlament exist\u0103 o ini\u021biativ\u0103 pentru ca toate perioadele de concediu maternal s\u0103 fie declarate contributive. Deocamdat\u0103 NU a ajuns la vot.\u00a0<\/p>\n","protected":false},"excerpt":{"rendered":"Casa de Pensii avertizeaz\u0103 c\u0103 unele femei vor lua o pensie mai mic\u0103 dac\u0103 au devenit mame \u00een&hellip;\n","protected":false},"author":2,"featured_media":284977,"comment_status":"","ping_status":"","sticky":false,"template":"","format":"standard","meta":{"footnotes":"","_share_on_mastodon":"0"},"categories":[5],"tags":[36650,32,33,23468,31,24119,15895,23470,23469,36,37,27,34,35,53914,25,904,1378,41,40,38,39,26,28,29,30],"class_list":["post-284976","post","type-post","status-publish","format-standard","has-post-thumbnail","category-titluri","tag-adevarul-a","tag-breaking-news","tag-breakingnews","tag-casa-de-pensii","tag-cele-mai-populare-subiecte","tag-concediu","tag-concediu-maternal","tag-digi24a","tag-eveniment","tag-featured-news","tag-featurednews","tag-headlines","tag-latest-news","tag-latestnews","tag-mame","tag-news","tag-pensie","tag-pensii","tag-ro","tag-romana","tag-romania","tag-romanian","tag-stiri","tag-titluri","tag-top-stories","tag-topstories"],"share_on_mastodon":{"url":"https:\/\/pubeurope.com\/@ro\/117202181809665888","error":""},"_links":{"self":[{"href":"https:\/\/www.europesays.com\/ro\/wp-json\/wp\/v2\/posts\/284976","targetHints":{"allow":["GET"]}}],"collection":[{"href":"https:\/\/www.europesays.com\/ro\/wp-json\/wp\/v2\/posts"}],"about":[{"href":"https:\/\/www.europesays.com\/ro\/wp-json\/wp\/v2\/types\/post"}],"author":[{"embeddable":true,"href":"https:\/\/www.europesays.com\/ro\/wp-json\/wp\/v2\/users\/2"}],"replies":[{"embeddable":true,"href":"https:\/\/www.europesays.com\/ro\/wp-json\/wp\/v2\/comments?post=284976"}],"version-history":[{"count":0,"href":"https:\/\/www.europesays.com\/ro\/wp-json\/wp\/v2\/posts\/284976\/revisions"}],"wp:featuredmedia":[{"embeddable":true,"href":"https:\/\/www.europesays.com\/ro\/wp-json\/wp\/v2\/media\/284977"}],"wp:attachment":[{"href":"https:\/\/www.europesays.com\/ro\/wp-json\/wp\/v2\/media?parent=284976"}],"wp:term":[{"taxonomy":"category","embeddable":true,"href":"https:\/\/www.europesays.com\/ro\/wp-json\/wp\/v2\/categories?post=284976"},{"taxonomy":"post_tag","embeddable":true,"href":"https:\/\/www.europesays.com\/ro\/wp-json\/wp\/v2\/tags?post=284976"}],"curies":[{"name":"wp","href":"https:\/\/api.w.org\/{rel}","templated":true}]}}