{"id":285014,"date":"2026-09-02T16:03:08","date_gmt":"2026-09-02T16:03:08","guid":{"rendered":"https:\/\/www.europesays.com\/ro\/285014\/"},"modified":"2026-09-02T16:03:08","modified_gmt":"2026-09-02T16:03:08","slug":"daniel-birligea-gol-anulat-la-debutul-ca-titular-pentru-frosinone-nota-primita","status":"publish","type":"post","link":"https:\/\/www.europesays.com\/ro\/285014\/","title":{"rendered":"Daniel B\u00eerligea, gol anulat la debutul ca titular pentru Frosinone! Nota primit\u0103"},"content":{"rendered":"\n<ul class=\"bullets\">\n<li>\n<p>Cupa Rom\u00e2niei: FC Arge\u0219 &#8211; FCSB, miercuri, 21:30, DGS 1<\/p>\n<\/li>\n<li>\n<p>Cupa Rom\u00e2niei: Sporting Lie\u0219ti &#8211; Dinamo, miercuri, 19:00, DGS 1<\/p>\n<\/li>\n<\/ul>\n<p>B\u00eerligea a jucat ultima oar\u0103 pentru FCSB \u00een derby-ul cu CFR Cluj (0-1) din 23 august, dup\u0103 care a ajuns \u00een Italia. Pe 29 august, la 3-0 cu Fiorentina, <a href=\"https:\/\/www.digisport.ro\/fotbal\/serie-a\/gazzetta-dello-sport-a-tras-concluzia-dupa-ce-daniel-birligea-a-debutat-la-frosinone-4458743\" target=\"_blank\" rel=\"noopener nofollow\" data-skip-linkfix=\"1\">a intrat pe final de joc<\/a> \u0219i nu a apucat s\u0103 ias\u0103 cu nimic \u00een eviden\u021b\u0103.<\/p>\n<p>B\u00eerligea, nota 6,2 dup\u0103 ce a jucat 63 de minute cu Sassuolo, \u00een Cupa Italiei, unde a avut un gol anulat<\/p>\n<p>\u00cen dup\u0103-amiaza zilei de 2 septembrie, Frosinone s-a deplasat la Sassuolo pentru duelul din 16-imile Cupei Italiei, iar fostul atacant de la FCSB s-a aflat printre titulari. Daniel B\u00eerligea a fost folosit timp de 63 de minute, dup\u0103 care s-a v\u0103zut \u00eenlocuit cu Bobcek. \u00cen minutul 56, atacantul a avut un gol anulat din cauza unui ofsaid.<\/p>\n<p>Lansat perpendicular pe poart\u0103 de o manier\u0103 excelent\u0103, deoarece nici nu a avut nevoie de preluare, atacantul a \u0219utat puternic pe jos, la col\u021bul scurt, \u0219i l-a \u00eenvins pe Turati. Din nefericire pentru el \u0219i echipa sa, s-a aflat \u00een pozi\u021bie \u00een afara jocului \u00een momentul \u00een care colegul \u00eei d\u0103duse pasa, astfel c\u0103 tabela a r\u0103mas cu 1-1.<\/p>\n<p>  Galerie Foto<\/p>\n<p>Dominguez a deschis scorul pentru Sassuolo \u00een minutul 35, ca Terzic s\u0103 egaleze \u00een minutul 45+2. Sassuolo s-a impus la loviturile de departajare (4-3), dup\u0103 1-1 \u00een timpul regulamentar.<\/p>\n<p>Pe <a href=\"https:\/\/www.sofascore.ro\/ro\" target=\"_blank\" rel=\"noopener nofollow\" data-skip-linkfix=\"1\">Sofascore<\/a>, B\u00eerligea a primit nota 6,2 pentru presta\u021bia sa, a doua cea mai mic\u0103 din tab\u0103ra sa dup\u0103 colegul din atac Zerbin, cu 6,1. V\u00e2rful a avut trei \u0219uturi, dou\u0103 dintre ele cadrate, unul blocat. A fost surprins \u00een ofsaid de dou\u0103 ori \u0219i a ratat o ocazie mare, a reu\u0219it 4\/7 pase \u0219i o minge lung\u0103. Din 14 atingeri, a pierdut posesia de cinci ori.<\/p>\n<p>Pentru Frosinone urmeaz\u0103 un duel \u00een Serie A pe teren propriu cu Venezia, pe 6 septembrie, ora 16:00. R\u0103m\u00e2ne de v\u0103zut dac\u0103 rom\u00e2nul \u0219i-a convins antrenorul pentru a-l titulariza.<\/p>\n<p>Daniel B\u00eerligea a mers \u00een Italia al\u0103turi de partenera sa, AntoniaGalerie Foto   <\/p>\n<p>  Etichete:  <a href=\"https:\/\/www.digisport.ro\/eticheta\/cupa-italiei\" rel=\"nofollow noopener\" target=\"_blank\">cupa italiei<\/a> , <a href=\"https:\/\/www.digisport.ro\/eticheta\/sassuolo\" rel=\"nofollow noopener\" target=\"_blank\">sassuolo<\/a> , <a href=\"https:\/\/www.digisport.ro\/eticheta\/nota\" rel=\"nofollow noopener\" target=\"_blank\">nota<\/a> , <a href=\"https:\/\/www.digisport.ro\/eticheta\/frosinone\" rel=\"nofollow noopener\" target=\"_blank\">frosinone<\/a> , <a href=\"https:\/\/www.digisport.ro\/eticheta\/daniel-birligea\" rel=\"nofollow noopener\" target=\"_blank\">daniel birligea<\/a> , <a href=\"https:\/\/www.digisport.ro\/eticheta\/birligea\" rel=\"nofollow noopener\" target=\"_blank\">b\u00eerligea<\/a>   <\/p>\n<p>Urm\u0103re\u0219te \u0219tirile digisport.ro \u0219i pe <a href=\"https:\/\/news.google.com\/publications\/CAAiENr1L9HFNMG5hpp5zTfVtpsqFAgKIhDa9S_RxTTBuYaaec031bab?ceid=RO:ro&amp;oc=3\" target=\"_blank\" rel=\"external nofollow noopener\">Google News<\/a><\/p>\n<p>   Noua Aplica\u0163ie Digi Sport poate fi desc\u0103rcat\u0103 din   <\/p>\n","protected":false},"excerpt":{"rendered":"Cupa Rom\u00e2niei: FC Arge\u0219 &#8211; FCSB, miercuri, 21:30, DGS 1 Cupa Rom\u00e2niei: Sporting Lie\u0219ti &#8211; Dinamo, miercuri, 19:00,&hellip;\n","protected":false},"author":2,"featured_media":285015,"comment_status":"","ping_status":"","sticky":false,"template":"","format":"standard","meta":{"footnotes":"","_share_on_mastodon":"0"},"categories":[20],"tags":[8441,22051,1581,49907,546,41,40,38,39,547,185,184],"class_list":["post-285014","post","type-post","status-publish","format-standard","has-post-thumbnail","category-sport","tag-birligea","tag-cupa-italiei","tag-daniel-birligea","tag-frosinone","tag-nota","tag-ro","tag-romana","tag-romania","tag-romanian","tag-sassuolo","tag-sport","tag-sports"],"share_on_mastodon":{"url":"https:\/\/pubeurope.com\/@ro\/117202295552110550","error":""},"_links":{"self":[{"href":"https:\/\/www.europesays.com\/ro\/wp-json\/wp\/v2\/posts\/285014","targetHints":{"allow":["GET"]}}],"collection":[{"href":"https:\/\/www.europesays.com\/ro\/wp-json\/wp\/v2\/posts"}],"about":[{"href":"https:\/\/www.europesays.com\/ro\/wp-json\/wp\/v2\/types\/post"}],"author":[{"embeddable":true,"href":"https:\/\/www.europesays.com\/ro\/wp-json\/wp\/v2\/users\/2"}],"replies":[{"embeddable":true,"href":"https:\/\/www.europesays.com\/ro\/wp-json\/wp\/v2\/comments?post=285014"}],"version-history":[{"count":0,"href":"https:\/\/www.europesays.com\/ro\/wp-json\/wp\/v2\/posts\/285014\/revisions"}],"wp:featuredmedia":[{"embeddable":true,"href":"https:\/\/www.europesays.com\/ro\/wp-json\/wp\/v2\/media\/285015"}],"wp:attachment":[{"href":"https:\/\/www.europesays.com\/ro\/wp-json\/wp\/v2\/media?parent=285014"}],"wp:term":[{"taxonomy":"category","embeddable":true,"href":"https:\/\/www.europesays.com\/ro\/wp-json\/wp\/v2\/categories?post=285014"},{"taxonomy":"post_tag","embeddable":true,"href":"https:\/\/www.europesays.com\/ro\/wp-json\/wp\/v2\/tags?post=285014"}],"curies":[{"name":"wp","href":"https:\/\/api.w.org\/{rel}","templated":true}]}}