{"id":285036,"date":"2026-09-02T16:24:08","date_gmt":"2026-09-02T16:24:08","guid":{"rendered":"https:\/\/www.europesays.com\/ro\/285036\/"},"modified":"2026-09-02T16:24:08","modified_gmt":"2026-09-02T16:24:08","slug":"italienii-au-facut-anuntul-despre-daniel-birligea-in-ziua-meciului-sassuolo-frosinone","status":"publish","type":"post","link":"https:\/\/www.europesays.com\/ro\/285036\/","title":{"rendered":"Italienii au f\u0103cut anun\u021bul despre Daniel B\u00eerligea, \u00een ziua meciului Sassuolo \u2013 Frosinone"},"content":{"rendered":"\n<ul class=\"bullets\">\n<li>\n<p>Cupa Rom\u00e2niei: FC Arge\u0219 &#8211; FCSB, miercuri, 21:30, DGS 1<\/p>\n<\/li>\n<li>\n<p>Cupa Rom\u00e2niei: Sporting Lie\u0219ti &#8211; Dinamo, miercuri, 19:00, DGS 1<\/p>\n<\/li>\n<\/ul>\n<p>Daniel B\u00eerligea va fi \u00eemprumutat p\u00e2n\u0103 la finalul sezonului, \u00een schimbul sumei de 1,5 milioane de euro. Dac\u0103 Frosinone se va salva de la retrogradare, atunci se va activa clauza prin care italienii sunt obliga\u021bi s\u0103 fac\u0103 transferul definitiv pentru 3,5 milioane de euro.<\/p>\n<p>Daniel B\u00eerligea, anun\u021bat titular \u00een meciul Sassuolo &#8211; Frosinone din Cupa Italiei<\/p>\n<p>Sosit zilele trecute la Frosinone, Daniel B\u00eerligea a debutat deja pentru noua echip\u0103.<a href=\"https:\/\/www.digisport.ro\/fotbal\/serie-a\/dupa-ce-a-plecat-de-la-fcsb-daniel-birligea-si-a-explicat-decizia-4461587\" data-skip-linkfix=\"1\" rel=\"nofollow noopener\" target=\"_blank\"> Fostul atacant de la FCSB <\/a>a intrat \u00een minutul 89 al duelului cu Fiorentina (3-0), iar acum este anun\u021bat titular \u00een duelul din Cupa Italiei.<\/p>\n<ul>\n<li>Meciul dintre Sassuolo \u0219i Frosinone este programat miercuri, 2 septembrie, de la ora 16:00<\/li>\n<\/ul>\n<p>Cum Daniel B\u00eerligea este la punct cu preg\u0103tirea fizic\u0103, fotbalistul rom\u00e2n a fost aruncat direct pe teren la Frosinone. Atacantul va \u00eencepe din primul minut \u00een duelul cu Sassuolo \u0219i r\u0103m\u00e2ne de v\u0103zut dac\u0103 va reu\u0219i s\u0103 ias\u0103 la ramp\u0103.<\/p>\n<p>  Claudiu Ke\u0219eru, despre transferul lui Daniel B\u00eerligea la Frosinone<\/p>\n<p data-start=\"0\" data-end=\"132\">\u00cen exclusivitate pentru digisport.ro, Claudiu Ke\u0219eru a analizat transferul lui Daniel B\u00eerligea la Frosinone. Fostul interna\u021bional are \u00eencredere \u00een atacantul de 26 de ani \u0219i consider\u0103 c\u0103 este ocazia perfect\u0103 pentru a-\u0219i demonstra calit\u0103\u021bile.<\/p>\n<ul>\n<li data-start=\"0\" data-end=\"132\">Ajuns la 39 de ani, Claudiu Ke\u0219eru este unul dintre cei mai buni atacan\u021bi rom\u00e2ni din ultimele dou\u0103 decenii. Fostul fotbalist a evoluat pentru FCSB \u00een perioadele 2014 &#8211; 2015 \u0219i 2021 &#8211; 2022, timp \u00een care a marcat 33 de goluri \u00een 67 de meciuri<\/li>\n<\/ul>\n<p>&#8222;Am v\u0103zut mutarea. Este clar c\u0103 transferul este unul interesant, este totu\u0219i vorba despre Serie A. Chiar dac\u0103 Frosinone este nou-promovat\u0103. \u00ce\u0219i poate ar\u0103ta calit\u0103\u021bile \u0219i se poate impune. \u00cel avantajeaz\u0103 foarte mult jocul pe tranzi\u021bie pozitiv\u0103. Fiind nou-promova\u021bi, B\u00eerligea are \u0219anse mari s\u0103 profite de aceste situa\u021bii, \u00een momentul \u00een care echipa lui va fi dominat\u0103.<\/p>\n<p>Te love\u0219ti \u0219i de funda\u0219i centrali foarte puternici, fizic \u0219i mental. Foarte inteligen\u021bi, cu totul alt nivel. Ce am sim\u021bit eu \u00eentre Ligue 2 \u0219i Ligue 1 a fost c\u0103 \u00een e\u0219alonul secund erai urm\u0103rit \u0219i p\u00e2n\u0103 la 30 de metri de poarta ta. \u00cen prima lig\u0103 era mai mult\u0103 libertate \u0219i puteai s\u0103 atingi mingea f\u0103r\u0103 s\u0103 vin\u0103 adversarul.<\/p>\n<p>\u00cen Italia, poate cu at\u00e2t mai mult. Este o diferen\u021b\u0103, dar, ca joc, primele 5 campioante sunt la alt nivel. Din punct de vedere fizic, B\u00eerligea a progresat la FCSB, fa\u021b\u0103 de c\u00e2nd a venit \u00een Rom\u00e2nia. Are \u00eencredere \u0219i totul depinde el c\u00e2t va naviga pe acest val al \u00eencrederii.<\/p>\n<p>\u00cencrederea dispare dac\u0103 nu se automotiveaz\u0103 mereu, mai ales \u00een situa\u021bii care \u00eel pot dobor\u00ee. Faptul c\u0103 \u0219tie limba \u0219i \u021bara reprezint\u0103 un avantaj, pentru c\u0103 trece de primele dou\u0103 luni de la \u00eenceput. Sunt pu\u021bin sensibile acele s\u0103pt\u0103m\u00e2ni. El merge direct s\u0103 intre \u00een joc&#8221;,\u00a0a spus Ke\u0219eru, pentru digisport.ro.<\/p>\n<p>  Etichete:  <a href=\"https:\/\/www.digisport.ro\/eticheta\/cupa-italiei\" rel=\"nofollow noopener\" target=\"_blank\">cupa italiei<\/a> , <a href=\"https:\/\/www.digisport.ro\/eticheta\/sassuolo\" rel=\"nofollow noopener\" target=\"_blank\">sassuolo<\/a> , <a href=\"https:\/\/www.digisport.ro\/eticheta\/frosinone\" rel=\"nofollow noopener\" target=\"_blank\">frosinone<\/a> , <a href=\"https:\/\/www.digisport.ro\/eticheta\/daniel-birligea\" rel=\"nofollow noopener\" target=\"_blank\">daniel birligea<\/a>   <\/p>\n<p>Urm\u0103re\u0219te \u0219tirile digisport.ro \u0219i pe <a href=\"https:\/\/news.google.com\/publications\/CAAiENr1L9HFNMG5hpp5zTfVtpsqFAgKIhDa9S_RxTTBuYaaec031bab?ceid=RO:ro&amp;oc=3\" target=\"_blank\" rel=\"external nofollow noopener\">Google News<\/a><\/p>\n<p>   Noua Aplica\u0163ie Digi Sport poate fi desc\u0103rcat\u0103 din   <\/p>\n","protected":false},"excerpt":{"rendered":"Cupa Rom\u00e2niei: FC Arge\u0219 &#8211; FCSB, miercuri, 21:30, DGS 1 Cupa Rom\u00e2niei: Sporting Lie\u0219ti &#8211; Dinamo, miercuri, 19:00,&hellip;\n","protected":false},"author":2,"featured_media":285037,"comment_status":"","ping_status":"","sticky":false,"template":"","format":"standard","meta":{"footnotes":"","_share_on_mastodon":"0"},"categories":[20],"tags":[22051,1581,49907,41,40,38,39,547,185,184],"class_list":["post-285036","post","type-post","status-publish","format-standard","has-post-thumbnail","category-sport","tag-cupa-italiei","tag-daniel-birligea","tag-frosinone","tag-ro","tag-romana","tag-romania","tag-romanian","tag-sassuolo","tag-sport","tag-sports"],"share_on_mastodon":{"url":"https:\/\/pubeurope.com\/@ro\/117202377973687329","error":""},"_links":{"self":[{"href":"https:\/\/www.europesays.com\/ro\/wp-json\/wp\/v2\/posts\/285036","targetHints":{"allow":["GET"]}}],"collection":[{"href":"https:\/\/www.europesays.com\/ro\/wp-json\/wp\/v2\/posts"}],"about":[{"href":"https:\/\/www.europesays.com\/ro\/wp-json\/wp\/v2\/types\/post"}],"author":[{"embeddable":true,"href":"https:\/\/www.europesays.com\/ro\/wp-json\/wp\/v2\/users\/2"}],"replies":[{"embeddable":true,"href":"https:\/\/www.europesays.com\/ro\/wp-json\/wp\/v2\/comments?post=285036"}],"version-history":[{"count":0,"href":"https:\/\/www.europesays.com\/ro\/wp-json\/wp\/v2\/posts\/285036\/revisions"}],"wp:featuredmedia":[{"embeddable":true,"href":"https:\/\/www.europesays.com\/ro\/wp-json\/wp\/v2\/media\/285037"}],"wp:attachment":[{"href":"https:\/\/www.europesays.com\/ro\/wp-json\/wp\/v2\/media?parent=285036"}],"wp:term":[{"taxonomy":"category","embeddable":true,"href":"https:\/\/www.europesays.com\/ro\/wp-json\/wp\/v2\/categories?post=285036"},{"taxonomy":"post_tag","embeddable":true,"href":"https:\/\/www.europesays.com\/ro\/wp-json\/wp\/v2\/tags?post=285036"}],"curies":[{"name":"wp","href":"https:\/\/api.w.org\/{rel}","templated":true}]}}