{"id":285042,"date":"2026-09-02T16:29:09","date_gmt":"2026-09-02T16:29:09","guid":{"rendered":"https:\/\/www.europesays.com\/ro\/285042\/"},"modified":"2026-09-02T16:29:09","modified_gmt":"2026-09-02T16:29:09","slug":"aur-va-depune-la-dna-un-denunt-privind-fapte-de-coruptie-in-legatura-cu-pnrr-si-safe-sustine-george-simion","status":"publish","type":"post","link":"https:\/\/www.europesays.com\/ro\/285042\/","title":{"rendered":"AUR va depune la DNA un denun\u0163 privind \u201efapte de corup\u0163ie\u201d \u00een leg\u0103tur\u0103 cu PNRR \u015fi SAFE, sus\u021bine George Simion"},"content":{"rendered":"<p>                        <img loading=\"lazy\" decoding=\"async\" width=\"30\" height=\"30\" src=\"https:\/\/www.europesays.com\/ro\/wp-content\/uploads\/2026\/09\/1788366549_291_google-g.png\" alt=\"Google Split\"\/>    <\/p>\n<p id=\"p-0\">AUR va depune la DNA un denun\u0163 in rem privind \u201efapte de corup\u0163ie\u201d legate de PNRR \u015fi SAFE, a anun\u0163at liderul forma\u0163iunii, George Simion, miercuri, \u00eentr-o conferin\u0163\u0103 de pres\u0103 sus\u0163inut\u0103 la Parlament, transmite Agerpres.<\/p>\n<p id=\"p-1\">\u201eProgramul PNRR \u2013 cum a fost gestionat de c\u0103tre coali\u0163ia PSD-PNL-USR-UDMR \u2013 a fost unul p\u0103gubos. La fel de p\u0103gubos, plin de acuza\u0163ii de corup\u0163ie este \u015fi programul SAFE. Din acest punct de vedere, v\u0103 anun\u0163 c\u0103 ast\u0103zi, la Direc\u0163ia Na\u0163ional\u0103 Anticorup\u0163ie, AUR va depune o sesizare, un denun\u0163, privind posibile fapte de corup\u0163ie \u015fi atrag aten\u0163ia \u00eenc\u0103 o dat\u0103, c\u0103 cei care sunt implica\u0163i \u00een posibile fapte de corup\u0163ie s\u0103 nu mearg\u0103 mai departe cu ele\u201d, a declarat Simion.<\/p>\n<p>&#8211; articolul continu\u0103 mai jos &#8211;<\/p>\n<p id=\"p-2\">El a precizat c\u0103 nu vrea s\u0103 fac\u0103 nominaliz\u0103ri.<\/p>\n<p id=\"p-3\">\u201eEu vreau stabilitate, predictibilitate, o via\u0163\u0103 mai bun\u0103 pentru rom\u00e2ni. De asta am intrat \u00een politic\u0103. Prea t\u00e2rziu pentru unii s\u0103 vin\u0103 acum \u015fi s\u0103 ne spun\u0103 \u201eavem 10 puncte\u201d. \u201eAvem 10 puncte\u201d care nu sunt ancorate \u00een realitate. Domnul Peiu le-a prezentat. (\u2026) De ce are nevoie PSD-ul s\u0103 fac\u0103 audit \u00een momentul \u0103sta \u00een majoritatea domeniilor? Nu au condus Rom\u00e2nia timp de 36 de ani? Nu \u015ftiu exact? Nu sunt oamenii lor \u00een fiecare institu\u0163ie?\u201d, a spus Simion.<\/p>\n<p id=\"p-4\">\u00centrebat dac\u0103 sus\u0163ine cererea USR privind audierea \u00een Parlament a \u015fefului SPP, Lucian Pahon\u0163u, el a r\u0103spuns: \u201eEu, \u00een spa\u0163iul public, cam de prima oar\u0103 de c\u00e2nd m\u0103 \u0163in minte rom\u00e2nii, \u00eei duceam lum\u00e2n\u0103ri lui Ion Iliescu. \u015ei atunci exista Lucian Pahon\u0163u, \u015fi atunci cei care ast\u0103zi fac \u201emarile dezv\u0103luiri\u201d \u015ftiau cine e Lucian Pahon\u0163u, dar \u201eLucic\u0103 era b\u0103iatul nostru bun\u201d, ca \u015fi Florian Coldea. C\u0103 dac\u0103 Florian Coldea lucreaz\u0103 cu Laura Codru\u0163a Kovesi \u015fi au binomul \u015fi aresteaz\u0103 discre\u0163ionar \u015fi elimin\u0103 adversarii no\u015ftri politici, sunt ni\u015fte b\u0103ie\u0163i buni. M\u0103 bucur c\u0103 au ajuns acum la concluzia c\u0103 Lucian Pahon\u0163u nu este un om bun \u015fi cei care au confiscat puterea \u00een 1989, oamenii care f\u0103ceau parte din fosta Securitate, din diferite direc\u0163ii, inclusiv trupele fostei Securit\u0103\u0163i, ajung \u00eentr-un final s\u0103 fie expu\u015fi public. Trebuie dovedit lucrul \u0103sta \u015fi ne trebuie mult mai mult\u0103 transparen\u0163\u0103. Dar lucrul \u0103sta nu se \u00eent\u00e2mpl\u0103. (\u2026) \u015ei chemarea sa, \u015fi chemarea celorlal\u0163i \u015fefi de servicii de paz\u0103, servicii secrete, servicii de informa\u0163ii\u201d.<\/p>\n<p id=\"p-5\">El a criticat parlamentarii de la alte partide c\u0103 nu sus\u0163in propunerile AUR.<\/p>\n<p id=\"p-6\">\u201eProblema este c\u0103 \u00een momentul \u00een care vine AUR cu vreo propunere c\u0103tre colegii de la USR, avem unele subiecte comune, c\u0103tre colegii de la PNL (\u2026), nu-i bine c\u0103 vine din partea AUR. Noi nu avem re\u0163ineri \u015fi noi cred c\u0103 suntem singurii care n-am avut \u201eparti pris-uri\u201d\u00a0 nici cu unii, nici cu al\u0163ii. Acum, c\u0103 se bat dou\u0103 tabere din fosta Securitate sau din actuala securitate, m\u0103 cam las\u0103 rece lucrul \u0103sta. (\u2026) Eu v-am avertizat de la \u00eenceput c\u0103 Nicu\u015for Dan va \u00eencurca \u0163ara. Nu va face nicio nominalizare\u201d, a ad\u0103ugat el.<\/p>\n","protected":false},"excerpt":{"rendered":"AUR va depune la DNA un denun\u0163 in rem privind \u201efapte de corup\u0163ie\u201d legate de PNRR \u015fi SAFE,&hellip;\n","protected":false},"author":2,"featured_media":285043,"comment_status":"","ping_status":"","sticky":false,"template":"","format":"standard","meta":{"footnotes":"","_share_on_mastodon":"0"},"categories":[10],"tags":[427,32,33,31,3914,1567,36,37,356,27,34,35,25,4803,41,40,38,39,5832,26,28,29,30],"class_list":["post-285042","post","type-post","status-publish","format-standard","has-post-thumbnail","category-romania","tag-aur","tag-breaking-news","tag-breakingnews","tag-cele-mai-populare-subiecte","tag-coruptie","tag-dna","tag-featured-news","tag-featurednews","tag-george-simion","tag-headlines","tag-latest-news","tag-latestnews","tag-news","tag-pnrr","tag-ro","tag-romana","tag-romania","tag-romanian","tag-safe","tag-stiri","tag-titluri","tag-top-stories","tag-topstories"],"share_on_mastodon":{"url":"https:\/\/pubeurope.com\/@ro\/117202398076843814","error":""},"_links":{"self":[{"href":"https:\/\/www.europesays.com\/ro\/wp-json\/wp\/v2\/posts\/285042","targetHints":{"allow":["GET"]}}],"collection":[{"href":"https:\/\/www.europesays.com\/ro\/wp-json\/wp\/v2\/posts"}],"about":[{"href":"https:\/\/www.europesays.com\/ro\/wp-json\/wp\/v2\/types\/post"}],"author":[{"embeddable":true,"href":"https:\/\/www.europesays.com\/ro\/wp-json\/wp\/v2\/users\/2"}],"replies":[{"embeddable":true,"href":"https:\/\/www.europesays.com\/ro\/wp-json\/wp\/v2\/comments?post=285042"}],"version-history":[{"count":0,"href":"https:\/\/www.europesays.com\/ro\/wp-json\/wp\/v2\/posts\/285042\/revisions"}],"wp:featuredmedia":[{"embeddable":true,"href":"https:\/\/www.europesays.com\/ro\/wp-json\/wp\/v2\/media\/285043"}],"wp:attachment":[{"href":"https:\/\/www.europesays.com\/ro\/wp-json\/wp\/v2\/media?parent=285042"}],"wp:term":[{"taxonomy":"category","embeddable":true,"href":"https:\/\/www.europesays.com\/ro\/wp-json\/wp\/v2\/categories?post=285042"},{"taxonomy":"post_tag","embeddable":true,"href":"https:\/\/www.europesays.com\/ro\/wp-json\/wp\/v2\/tags?post=285042"}],"curies":[{"name":"wp","href":"https:\/\/api.w.org\/{rel}","templated":true}]}}