{"id":285054,"date":"2026-09-02T16:38:12","date_gmt":"2026-09-02T16:38:12","guid":{"rendered":"https:\/\/www.europesays.com\/ro\/285054\/"},"modified":"2026-09-02T16:38:12","modified_gmt":"2026-09-02T16:38:12","slug":"nota-lui-daniel-birligea-dupa-ce-a-fost-titular-in-premiera-la-frosinone-impotriva-lui-sassuolo","status":"publish","type":"post","link":"https:\/\/www.europesays.com\/ro\/285054\/","title":{"rendered":"Nota lui Daniel B\u00eerligea dup\u0103 ce a fost titular \u00een premier\u0103 la Frosinone \u00eempotriva lui Sassuolo"},"content":{"rendered":"<p>\t    <img loading=\"lazy\" decoding=\"async\" class=\"mg-x-auto\" width=\"30\" height=\"30\" src=\"https:\/\/www.europesays.com\/ro\/wp-content\/uploads\/2026\/09\/1788367091_473_google-g.png\" alt=\"\"\/><\/p>\n<p id=\"p-0\">Pentru prima dat\u0103 titular de c\u00e2nd a fost transferat de la FCSB, Daniel B\u00eerligea (26 de ani) a jucat titular. S-a \u00eent\u00e2mplat la meciul cu Sassuolo din turul 2 al Cupei Italiei.<\/p>\n<p id=\"p-1\">Titular la Frosinone \u00een partida din deplasare cu Sassuolo, Daniel B\u00eerligea a fost folosit 62 minute \u0219i a primit nota 6,2.<\/p>\n<p>Ce not\u0103 a primit Daniel B\u00eerligea, titular \u00een premier\u0103 la Frosinone \u00eempotriva lui Sassuolo<\/p>\n<p id=\"p-2\">Transferul lui Daniel B\u00eerligea la Frosinone a fost anun\u021bat de clubul italian \u00een urm\u0103 cu 5 zile. Fostul juc\u0103tor de la FCSB <a style=\"color: #0000ff;\" href=\"https:\/\/www.prosport.ro\/fotbal-extern\/campionate-externe\/italia\/radu-dragusin-fiorentina-frosinone-sera-horror-desfiintat-birligea-debut-20513526\" rel=\"nofollow noopener\" target=\"_blank\">a debutat \u00een victoria cu Fiorentina<\/a>, juc\u00e2nd c\u00e2teva zeci de secunde.<\/p>\n<p id=\"p-3\">S-a \u00eent\u00e2mplat pe 29 august, iar cu Sassuolo, \u00een turul 2 din Cupa Italiei, antrenorul Massimiliano Alvini a decis s\u0103-l foloseasc\u0103 de la \u00eenceput.<\/p>\n<p id=\"p-4\">Interna\u021bionalul rom\u00e2n s-a remarcat prima dat\u0103 \u00een minutul 19, c\u00e2nd a fost semnalizat \u00een ofsaid dup\u0103 o pas\u0103 \u00een ad\u00e2ncime a lui Sebastiano Desplanches.<\/p>\n<p>                <a href=\"https:\/\/www.prosport.ro\/poze\/nota-daniel-birligea-titular-premiera-frosinone-sassuolo-20516160\" rel=\"nofollow noopener\" target=\"_blank\">&#13;<br \/>\n                                            <img decoding=\"async\" loading=\"lazy\" fetchpriority=\"low\" src=\"https:\/\/www.europesays.com\/ro\/wp-content\/uploads\/2026\/09\/https:\/\/www.prosport.ro\/wp-content\/uploads\/2026\/09\/daniel-birligea-01.jpeg\" width=\"458\" height=\"305\"\/>&#13;<br \/>\n                                    <\/a><\/p>\n<p>                <a href=\"https:\/\/www.prosport.ro\/poze\/nota-daniel-birligea-titular-premiera-frosinone-sassuolo-20516160\" rel=\"nofollow noopener\" target=\"_blank\">&#13;<br \/>\n                                            <img decoding=\"async\" loading=\"lazy\" fetchpriority=\"low\" src=\"https:\/\/www.europesays.com\/ro\/wp-content\/uploads\/2026\/09\/https:\/\/www.prosport.ro\/wp-content\/uploads\/2026\/09\/daniel-birligea-02.jpeg\" width=\"227\" height=\"151\"\/>&#13;<br \/>\n                                    <\/a><\/p>\n<p id=\"p-5\">Gazdele au deschis scorul \u00een minutul 36, prin Benja Dominguez, iar dup\u0103 c\u00e2teva zeci de secunde Daniel B\u00e2rligea a ie\u0219it, din nou, la ramp\u0103.<\/p>\n<p id=\"p-6\">G\u0103sit \u00een careu de Seydou Fini, <a style=\"color: #0000ff;\" href=\"https:\/\/www.prosport.ro\/fotbal-extern\/campionate-externe\/italia\/e-gata-birligea-a-semnat-cu-frosinone-fcsb-a-facut-anuntul-oficial-20512003\" rel=\"nofollow noopener\" target=\"_blank\">fostul atacant de la FCSB<\/a> a \u0219utat puternic, dar mingea a trecut milimetric pe l\u00e2ng\u0103 bar\u0103.<\/p>\n<p id=\"p-7\">Sassuolo a restabilit egalitatea \u00een minutul 45+2, c\u00e2nd Aleksa Terzic nu i-a dat niciun fel de speran\u021be, din careu, portarului gazde, fiind servit de Luis Hasa.<\/p>\n<p id=\"p-8\">Dar tot B\u00e2rligea a \u021binut s\u0103 aib\u0103 ultimul cuv\u00e2nt \u00een prima rerpriz\u0103. Era minutul 45+4, c\u00e2nd atacantul a prins cadrul por\u021bii, cu piciorul st\u00e2ng, iar Turati a re\u021binut cu dificultate.<\/p>\n<p id=\"p-9\">Dup\u0103 pauz\u0103, B\u00eerligea a fost prins, din nou, \u00een ofsaid, \u00een minutul 56, dup\u0103 c\u00e2teva zeci de secunde l-a pus la \u00eencercare pe Turati cu piciorul drept, iar la scurt timp a fost \u00eenlocuit.<\/p>\n<p id=\"p-10\">Pentru toate aceste realiz\u0103ri, B\u00eerligea a primit nopta 6,2 din partea platformei de specialitate <a style=\"color: #000000;\" href=\"https:\/\/www.sofascore.ro\/ro\/football\/match\/frosinone-sassuolo\/Tfbsbgb#id:16860534\" target=\"_blank\" rel=\"noopener nofollow\">Sofascore<\/a>, care a scos \u00een eviden\u021b\u0103 c\u0103 dou\u0103 dintre cele 3 \u0219uturi au fost pe poart\u0103.<\/p>\n<p>Cine este idolul lui Daniel B\u00eerligea \u0219i ce-l impresioneaz\u0103 pe rom\u00e2n al Erling Haaland<\/p>\n<p id=\"p-11\">Cu o zi \u00eenainte de meci, B\u00eerligea a oferit un scurt interviu pentru pagina de <a style=\"color: #000000;\" href=\"https:\/\/www.youtube.com\/watch?v=sLuV4PECAhI\" target=\"_blank\" rel=\"noopener nofollow\">YouTube<\/a> a clubului italian, \u00een care a spus motivele care l-au determinat s\u0103 aleag\u0103 Frosinone.<\/p>\n<p id=\"p-12\">El a mai transmis c\u0103 juc\u0103torul care l-a inspirat mereu de c\u00e2nd era mic este Cristiano Ronaldo, dar \u00een prezent \u00eel are idol pe Erling Haaland.<\/p>\n<p id=\"p-13\">\u201eAlegerea de a veni aici, la Frosinone, a fost simpl\u0103. Am vrut s\u0103 demonstrez cine sunt, ce pot oferi, dorin\u021ba de a lupta pentru un nou obiectiv \u00een cariera mea.<\/p>\n<p id=\"p-14\">Am o mare dorin\u021b\u0103 de a lupta, de a-mi pune toat\u0103 calitatea pe teren, toat\u0103 pasiunea mea pentru fotbal \u0219i abia a\u0219tept s\u0103 fac lucruri bune.<\/p>\n<p id=\"p-15\">Am v\u0103zut stadionul \u0219i mi-a pl\u0103cut totul la el. \u00cemi place c\u0103ldura pe care o ofer\u0103 fanii \u0219i sper ca mul\u021bi s\u0103 vin\u0103 s\u0103 ne sus\u021bin\u0103. Avem nevoie de ei, \u00eempreun\u0103 putem realiza lucruri m\u0103re\u021be.<\/p>\n<p id=\"p-16\">Juc\u0103torul care m-a inspirat mereu de c\u00e2nd eram mic este Cristiano Ronaldo. Are atitudinea lui, mentalitatea lui pe care o arat\u0103 \u00een fiecare zi at\u00e2t pe teren, c\u00e2t \u0219i \u00een afara lui.<\/p>\n<p id=\"p-17\">M-a captivat mereu, s\u0103 spunem, mental, cum g\u00e2nde\u0219te, cum face lucrurile. Idolul meu este Erling Haland, \u00eemi place cum apare mereu \u00een fa\u021ba por\u021bii.<\/p>\n<p id=\"p-18\">M\u0103 atrage la el cum lupt\u0103 din orice unghi, din fiecare pozi\u021bie, \u00een fiecare parte a terenului, mereu alerg\u00e2nd, mereu privind spre poart\u0103 \u0219i mereu marc\u00e2nd din orice unghi.<\/p>\n<p id=\"p-19\">Obiectivele mele sunt acelea\u0219i ca ale echipei. Abia a\u0219tept s\u0103 lupt\u0103m \u00eempreun\u0103, s\u0103 ajut echipa, pe colegii mei, s\u0103 ne atingem obiectivele \u0219i s\u0103 ne descurc\u0103m bine.<\/p>\n<p id=\"p-20\">Mesajul meu pentru fani este c\u0103 sunt aici cu mult entuziasm \u0219i sunt un juc\u0103tor care lupt\u0103 mereu, nu renun\u021b\u0103 niciodat\u0103 \u0219i abia a\u0219tept s\u0103 \u00eei v\u0103d pe stadion, s\u0103 le simt c\u0103ldura.<\/p>\n<p id=\"p-21\">\u00cei a\u0219tept \u00een num\u0103r mare s\u0103 s\u0103rb\u0103torim \u00eempreun\u0103 \u0219i s\u0103 ducem Frosinone mai departe. Hai, Frosinone\u201d, a transmis Daniel B\u00eerligea.<\/p>\n","protected":false},"excerpt":{"rendered":"Pentru prima dat\u0103 titular de c\u00e2nd a fost transferat de la FCSB, Daniel B\u00eerligea (26 de ani) a&hellip;\n","protected":false},"author":2,"featured_media":285055,"comment_status":"","ping_status":"","sticky":false,"template":"","format":"standard","meta":{"footnotes":"","_share_on_mastodon":"0"},"categories":[20],"tags":[22051,1581,49907,521,41,40,38,39,185,184,8684],"class_list":["post-285054","post","type-post","status-publish","format-standard","has-post-thumbnail","category-sport","tag-cupa-italiei","tag-daniel-birligea","tag-frosinone","tag-premiera","tag-ro","tag-romana","tag-romania","tag-romanian","tag-sport","tag-sports","tag-titular"],"share_on_mastodon":{"url":"https:\/\/pubeurope.com\/@ro\/117202434086002086","error":""},"_links":{"self":[{"href":"https:\/\/www.europesays.com\/ro\/wp-json\/wp\/v2\/posts\/285054","targetHints":{"allow":["GET"]}}],"collection":[{"href":"https:\/\/www.europesays.com\/ro\/wp-json\/wp\/v2\/posts"}],"about":[{"href":"https:\/\/www.europesays.com\/ro\/wp-json\/wp\/v2\/types\/post"}],"author":[{"embeddable":true,"href":"https:\/\/www.europesays.com\/ro\/wp-json\/wp\/v2\/users\/2"}],"replies":[{"embeddable":true,"href":"https:\/\/www.europesays.com\/ro\/wp-json\/wp\/v2\/comments?post=285054"}],"version-history":[{"count":0,"href":"https:\/\/www.europesays.com\/ro\/wp-json\/wp\/v2\/posts\/285054\/revisions"}],"wp:featuredmedia":[{"embeddable":true,"href":"https:\/\/www.europesays.com\/ro\/wp-json\/wp\/v2\/media\/285055"}],"wp:attachment":[{"href":"https:\/\/www.europesays.com\/ro\/wp-json\/wp\/v2\/media?parent=285054"}],"wp:term":[{"taxonomy":"category","embeddable":true,"href":"https:\/\/www.europesays.com\/ro\/wp-json\/wp\/v2\/categories?post=285054"},{"taxonomy":"post_tag","embeddable":true,"href":"https:\/\/www.europesays.com\/ro\/wp-json\/wp\/v2\/tags?post=285054"}],"curies":[{"name":"wp","href":"https:\/\/api.w.org\/{rel}","templated":true}]}}