{"id":285094,"date":"2026-09-02T17:11:09","date_gmt":"2026-09-02T17:11:09","guid":{"rendered":"https:\/\/www.europesays.com\/ro\/285094\/"},"modified":"2026-09-02T17:11:09","modified_gmt":"2026-09-02T17:11:09","slug":"ce-urmeaza-daca-parlamentul-respinge-si-al-doilea-premier-propus-de-nicusor-dan-solutia-pentru-iesirea-din-blocaj","status":"publish","type":"post","link":"https:\/\/www.europesays.com\/ro\/285094\/","title":{"rendered":"Ce urmeaz\u0103 dac\u0103 Parlamentul respinge \u0219i al doilea premier propus de Nicu\u0219or Dan. Solu\u021bia pentru ie\u0219irea din blocaj"},"content":{"rendered":"<p>Miercuri, 02 Septembrie 2026, ora 19:11<\/p>\n<p>1497 citiri<\/p>\n<p><a class=\"news__image\" data-href=\"https:\/\/s2.ziareromania.ro\/?mmid=2014956ae0970e6f40\" data-size=\"878x481\" title=\"Ce urmeaz\u0103 dac\u0103 Parlamentul respinge \u0219i al doilea premier propus de Nicu\u0219or Dan. Solu\u021bia pentru ie\u0219irea din blocaj\"><img decoding=\"async\" src=\"https:\/\/www.europesays.com\/ro\/wp-content\/uploads\/2026\/09\/Ce-urmeaz---dac---Parlamentul-respinge---i-al-doilea-premier-propus-de-Nicu--or-Dan--Solu--ia-pentru.jpeg\" alt=\"Ce urmeaz\u0103 dac\u0103 Parlamentul respinge \u0219i al doilea premier propus de Nicu\u0219or Dan. Solu\u021bia pentru ie\u0219irea din blocaj\" title=\"Ce urmeaz\u0103 dac\u0103 Parlamentul respinge \u0219i al doilea premier propus de Nicu\u0219or Dan. Solu\u021bia pentru ie\u0219irea din blocaj\" class=\"img-responsive\"\/><\/a><\/p>\n<p>Nicu\u0219or Dan, pre\u0219edintele Rom\u00e2niei FOTO Facebook\/Nicu\u0219or Dan<\/p>\n<p>Ne apropiem de un nou punct critic \u00een criza politic\u0103, dac\u0103 o eventual\u0103 respingere \u0219i a celei de-a doua desemn\u0103ri de <a href=\"https:\/\/ziare.com\/politica\/premier\/\" title=\"premier\" rel=\"nofollow noopener\" target=\"_blank\">premier<\/a> ar avea loc Parlament. \u00cen acest scenariu, pre\u0219edintele Nicu\u0219or Dan ar avea mai multe op\u021biuni, \u00eens\u0103 Constitu\u021bia nu \u00eel oblig\u0103 s\u0103 declan\u0219eze imediat procedura pentru alegeri anticipate.<\/p>\n<p>Analistul politic R\u0103zvan Pantelimon, lector univ. dr. la Facultatea de Istorie \u0219i \u0218tiin\u021be Politice a Universit\u0103\u021bii \u201eOvidius\u201d, explic\u0103 pentru Ziare.com ce ar putea urma dup\u0103 un al doilea vot negativ \u00een Parlament, de ce alegerile anticipate ar putea deveni o solu\u021bie \u0219i c\u00e2t de realist este ca pre\u0219edintele s\u0103 recurg\u0103 la aceast\u0103 variant\u0103. \u00cen opinia sa, un scrutin anticipat ar putea oferi o nou\u0103 majoritate parlamentar\u0103 \u0219i ar clarifica raportul de for\u021be dintre partide, dar presiunile politice pentru evitarea alegerilor sunt foarte mari.<\/p>\n<p>A doua propunere de premier pic\u0103. Ce op\u021biuni are Nicu\u0219or Dan<\/p>\n<p>Un al doilea vot negativ \u00een Parlament nu \u00eenseamn\u0103 automat c\u0103 Rom\u00e2nia intr\u0103 \u00een procedura alegerilor anticipate. Pre\u0219edintele are libertatea de a decide ce variant\u0103 urmeaz\u0103, iar modul \u00een care va interpreta aceast\u0103 nou\u0103 etap\u0103 a crizei va conta decisiv pentru evolu\u021bia politic\u0103 a \u021b\u0103rii.<\/p>\n<p>R\u0103zvan Pantelimon spune c\u0103 Nicu\u0219or Dan nu este obligat de Constitu\u021bie s\u0103 declan\u0219eze alegerile anticipate dup\u0103 respingerea celei de-a doua propuneri de premier.<\/p>\n<p>\u00centrebat dac\u0103 pre\u0219edintele ar urma s\u0103 decid\u0103 dizolvarea Parlamentului \u0219i s\u0103 urmeze alegeri legislative \u00eenainte de termen, profesorul a spus c\u0103, \u00een acest moment, o asemenea decizie r\u0103m\u00e2ne o op\u021biune politic\u0103, iar Nicu\u0219or Dan ar putea \u00eencerca \u0219i alte formule pentru formarea unei majorit\u0103\u021bi parlamentare.<\/p>\n<p>\u201eNu \u0219tim, domnul pre\u0219edinte, e destul de imprevizibil. Acum, Constitu\u021bia nu \u00eel oblig\u0103 la declan\u0219area alegerilor anticipate dup\u0103 respingerea celei de-a doua desemn\u0103ri. El are aceast\u0103 posibilitate\u201d, afirmat R\u0103zvan Pantelimon \u00een dialogul cu Ziare.com.<\/p>\n<p>\u201ePresiunile sunt foarte mari s\u0103 nu aib\u0103 loc alegeri anticipate\u201d<\/p>\n<p>Un scrutin anticipat ar putea rezolva blocajul doar dac\u0103 rezultatul alegerilor ar produce o majoritate capabil\u0103 s\u0103 formeze \u0219i s\u0103 sus\u021bin\u0103 un Guvern. \u00cen caz contrar, Rom\u00e2nia s-ar putea \u00eentoarce \u00een aceea\u0219i situa\u021bie, cu un Parlament fragmentat \u0219i partide obligate s\u0103 negocieze o formul\u0103 de guvernare.<\/p>\n<p>Analistul politic consider\u0103 c\u0103, \u00een actualul context, alegerile anticipate ar putea reprezenta o solu\u021bie pentru ie\u0219irea din blocaj. Nu este \u00eens\u0103 vorba despre o variant\u0103 lipsit\u0103 de riscuri. Campania electoral\u0103 ar avea loc \u00eentr-o perioad\u0103 \u00een care nemul\u021bumirea public\u0103 este deja ridicat\u0103, iar rezultatul votului este dificil de anticipat.<\/p>\n<p>\u201eCred c\u0103 ar fi, poate, o variant\u0103, chiar dac\u0103 \u00een aceast\u0103 perioad\u0103 nu suntem \u00een cea mai bun\u0103 condi\u021bie pentru a avea o <a href=\"https:\/\/ziare.com\/politica\/campanie\/\" title=\"campanie\" rel=\"nofollow noopener\" target=\"_blank\">campanie<\/a> electoral\u0103. \u00cens\u0103, poate ar fi \u00eentr-adev\u0103r o variant\u0103 care s\u0103 asigure o alt\u0103 majoritate sau care s\u0103 poat\u0103 s\u0103 asigure o majoritate \u0219i care p\u00e2n\u0103 la urm\u0103 s\u0103 ne arate care mai este dorin\u021ba cet\u0103\u021benilor.<\/p>\n<p>Pentru c\u0103 vedem sondajele, dar nu prea mai avem \u00eencredere \u00een aceste sondaje. Noi nu \u0219tim exact care este realitatea, ce vor cet\u0103\u021benii Rom\u00e2niei. Este clar c\u0103 sunt nemul\u021bumi\u021bi \u0219i pe m\u0103sur\u0103 ce se va accepta criza vor fi \u0219i mai nemul\u021bumi\u021bi, \u00eens\u0103 nu \u0219tim care este aceast\u0103 direc\u021bie.<\/p>\n<p>Poate c\u0103 o variant\u0103 de alegeri anticipate ne-ar clarifica ni\u0219te lucruri. Fie \u00een direc\u021bia unui majorit\u0103\u021bi care s\u0103-\u0219i asume guvernarea av\u00e2nd \u00een spate aceast\u0103 legitimitate, fie ne vom \u00eentoarce \u00eentr-o situa\u021bie asem\u0103n\u0103toare cum a fost cazul vecinilor no\u0219tri bulgari care au tot avut astfel de alegeri \u0219i atunci \u0219tim foarte clar c\u0103 electoratul este divizat, deci nu exist\u0103 o astfel de majoritate \u0219i partidele care se vor afla atunci \u00een Parlament ar trebui s\u0103 \u00een\u021beleag\u0103 c\u0103 trebuie s\u0103 coopereze pentru interesul Rom\u00e2niei \u0219i pentru interesul cet\u0103\u021benilor.<\/p>\n<p>Da, cred c\u0103 o astfel de variant\u0103 ar fi poate cea mai bun\u0103 \u00een acest moment. Ar fi cea mai pu\u021bin proast\u0103, r\u0103ul cel mai mic, c\u0103 tot vot\u0103m de 30 de ani, r\u0103ul cel mai mic, ar fi o astfel de variant\u0103, \u00eens\u0103 este greu de crezut \u00een acest moment c\u0103 domnul pre\u0219edinte va declan\u0219a procedura aceasta pentru c\u0103 foarte mul\u021bi dintre actualii politicieni nu se vor mai reg\u0103si \u00een Parlament \u0219i atunci presiunile sunt foarte mari s\u0103 nu aib\u0103 loc alegeri anticipate\u201d, a mai spus R\u0103zvan Pantelimon pentru Ziare.com.<\/p>\n<p>\u021ai-a pl\u0103cut articolul?<\/p>\n<p> Vrem s\u0103 producem mai multe, \u00eens\u0103 avem nevoie de sus\u021binerea ta. Orice dona\u021bie conteaz\u0103 pentru jurnalismul independent <\/p>\n","protected":false},"excerpt":{"rendered":"Miercuri, 02 Septembrie 2026, ora 19:11 1497 citiri Nicu\u0219or Dan, pre\u0219edintele Rom\u00e2niei FOTO Facebook\/Nicu\u0219or Dan Ne apropiem de&hellip;\n","protected":false},"author":2,"featured_media":285095,"comment_status":"","ping_status":"","sticky":false,"template":"","format":"standard","meta":{"footnotes":"","_share_on_mastodon":"0"},"categories":[10],"tags":[78491,1126,32,33,31,549,36,37,27,34,35,25,358,824,2216,41,40,38,39,78490,26,28,29,30],"class_list":["post-285094","post","type-post","status-publish","format-standard","has-post-thumbnail","category-romania","tag-analist-politic-bulgar-sinucidere","tag-analiza","tag-breaking-news","tag-breakingnews","tag-cele-mai-populare-subiecte","tag-criza-politica","tag-featured-news","tag-featurednews","tag-headlines","tag-latest-news","tag-latestnews","tag-news","tag-nicusor-dan","tag-parlament","tag-premier","tag-ro","tag-romana","tag-romania","tag-romanian","tag-solutia-criza","tag-stiri","tag-titluri","tag-top-stories","tag-topstories"],"share_on_mastodon":{"url":"https:\/\/pubeurope.com\/@ro\/117202563519370530","error":""},"_links":{"self":[{"href":"https:\/\/www.europesays.com\/ro\/wp-json\/wp\/v2\/posts\/285094","targetHints":{"allow":["GET"]}}],"collection":[{"href":"https:\/\/www.europesays.com\/ro\/wp-json\/wp\/v2\/posts"}],"about":[{"href":"https:\/\/www.europesays.com\/ro\/wp-json\/wp\/v2\/types\/post"}],"author":[{"embeddable":true,"href":"https:\/\/www.europesays.com\/ro\/wp-json\/wp\/v2\/users\/2"}],"replies":[{"embeddable":true,"href":"https:\/\/www.europesays.com\/ro\/wp-json\/wp\/v2\/comments?post=285094"}],"version-history":[{"count":0,"href":"https:\/\/www.europesays.com\/ro\/wp-json\/wp\/v2\/posts\/285094\/revisions"}],"wp:featuredmedia":[{"embeddable":true,"href":"https:\/\/www.europesays.com\/ro\/wp-json\/wp\/v2\/media\/285095"}],"wp:attachment":[{"href":"https:\/\/www.europesays.com\/ro\/wp-json\/wp\/v2\/media?parent=285094"}],"wp:term":[{"taxonomy":"category","embeddable":true,"href":"https:\/\/www.europesays.com\/ro\/wp-json\/wp\/v2\/categories?post=285094"},{"taxonomy":"post_tag","embeddable":true,"href":"https:\/\/www.europesays.com\/ro\/wp-json\/wp\/v2\/tags?post=285094"}],"curies":[{"name":"wp","href":"https:\/\/api.w.org\/{rel}","templated":true}]}}