{"id":285170,"date":"2026-09-02T18:11:14","date_gmt":"2026-09-02T18:11:14","guid":{"rendered":"https:\/\/www.europesays.com\/ro\/285170\/"},"modified":"2026-09-02T18:11:14","modified_gmt":"2026-09-02T18:11:14","slug":"ifa-2026-acer-lanseaza-aspire-s24-si-s27-doua-all-in-one-uri-cu-touchscreen-optional-si-pana-la-16-gb-ram","status":"publish","type":"post","link":"https:\/\/www.europesays.com\/ro\/285170\/","title":{"rendered":"IFA 2026: Acer lanseaz\u0103 Aspire S24 \u0219i S27, dou\u0103 all-in-one-uri cu touchscreen op\u021bional \u0219i p\u00e2n\u0103 la 16 GB RAM"},"content":{"rendered":"<p>Acer a adus la IFA 2026 dou\u0103 PC-uri all-in-one Aspire noi, S24 \u0219i S27, construite pentru birou, studiu \u0219i utilizarea de acas\u0103. <a href=\"https:\/\/de-press.acer.com\/469777-vom-3d-entwurf-bis-zum-familien-pc-acer-stellt-neue-aspire-gerate-vor\" rel=\"nofollow noopener noreferrer\" target=\"_blank\">Anun\u021bul oficial Acer<\/a> vine chiar din Berlin, unde compania \u00ee\u0219i prezint\u0103 nout\u0103\u021bile pe 2 \u0219i 3 septembrie, \u00eenainte de deschiderea propriu-zis\u0103 a t\u00e2rgului pentru public. Cele dou\u0103 sisteme pun tot PC-ul \u00een spatele ecranului \u0219i pot primi op\u021bional touchscreen cu suport pentru stylus.<\/p>\n<p>Aspire S24 folose\u0219te un panou IPS de 23,8 inch Full HD la 144 Hz, \u00een vreme ce Aspire S27 urc\u0103 la 27 inch \u0219i ofer\u0103 dou\u0103 variante: QHD la 120 Hz sau Full HD la 144 Hz. Luminozitatea r\u0103m\u00e2ne la 250 de ni\u021bi, iar Acer indic\u0103 o acoperire de 99% a spa\u021biului sRGB. E o combina\u021bie curioas\u0103: refresh rate-ul este mai degrab\u0103 de monitor de gaming entry-level, dar luminozitatea spune destul de r\u0103spicat c\u0103 vorbim despre un PC de interior.<\/p>\n<p style=\"text-align:center\"><a href=\"https:\/\/www.mobilissimo.ro\/imgs\/uploaded\/images\/9\/download - 2026-09-02T125948_786.jpeg\" rel=\"nofollow noopener\" target=\"_blank\"><img decoding=\"async\" alt=\"IFA 2026: Acer lanseaz\u0103 Aspire S24 \u0219i S27, dou\u0103 all-in-one-uri cu touchscreen op\u021bional \u0219i p\u00e2n\u0103 la 16 GB RAM\" src=\"https:\/\/www.europesays.com\/ro\/wp-content\/uploads\/2026\/09\/download - 2026-09-02T125948_786.jpeg\" style=\"height:395px; width:592px\"\/><\/a><\/p>\n<p>Specifica\u021bii Acer Aspire S24 \u0219i Aspire S27<\/p>\n<ul>\n<li>Procesor: Intel Core 3 304, Core 5 320 sau Core 7 350;<\/li>\n<li>Grafic\u0103: Intel Graphics integrat\u0103;<\/li>\n<li>Memorie: p\u00e2n\u0103 la 16 GB LPDDR5 single-channel;<\/li>\n<li>Stocare: SSD M.2 PCIe Gen 4 de p\u00e2n\u0103 la 1 TB;<\/li>\n<li>Aspire S24: 23,8 inch, IPS, Full HD, 144 Hz, 250 ni\u021bi;<\/li>\n<li>Aspire S27: 27 inch, IPS, QHD la 120 Hz sau Full HD la 144 Hz, 250 ni\u021bi;<\/li>\n<li>Touchscreen: op\u021bional, cu suport pentru stylus;<\/li>\n<li>Camer\u0103: 2 MP Full HD, cu obturator mecanic;<\/li>\n<li>Audio: difuzoare stereo cu DTS Audio;<\/li>\n<li>Conectivitate: Wi-Fi 6E, Bluetooth 5.3;<\/li>\n<li>Porturi: USB-C, patru USB-A, HDMI 1.4b, jack audio \u0219i Ethernet;<\/li>\n<li>Sistem de operare: Windows 11 Home.<\/li>\n<\/ul>\n<p>Procesoarele sunt din familia Intel Wildcat Lake, deja \u00eent\u00e2lnit\u0103 \u0219i pe <a href=\"https:\/\/www.mobilissimo.ro\/stiri-diverse\/asus-vivobook-15-cu-intel-wildcat-lake-e-deja-in-romania-core-7-350-porneste-de-la-3-449-lei\" rel=\"nofollow noopener\" target=\"_blank\">ASUS Vivobook 15 disponibil \u00een Rom\u00e2nia<\/a>. Core 7 350 \u0219i Core 5 320 au \u0219i NPU pentru sarcini AI locale, \u00eens\u0103 Aspire S24 \u0219i S27 sunt mai degrab\u0103 PC-uri clasice de familie \u0219i productivitate dec\u00e2t sisteme construite \u00een jurul performan\u021bei AI. Limita de 16 GB RAM, plus memoria single-channel, arat\u0103 destul de bine unde le-a trasat Acer grani\u021ba.<\/p>\n<p>Ambele modele integreaz\u0103 camera, microfoanele \u0219i difuzoarele \u00een acela\u0219i corp \u0219i includ AcerSense \u0219i Acer Intelligence Space. Ecranul poate fi \u00eenclinat \u00eentre -5 \u0219i 20 de grade, iar varianta tactil\u0103 cu stylus poate avea sens \u00een educa\u021bie, pentru adnot\u0103ri sau lucru direct pe documente. Acer le pozi\u021bioneaz\u0103 explicit pentru munc\u0103, \u00eenv\u0103\u021bare, apeluri video \u0219i consum media.<\/p>\n<p>Cele dou\u0103 all-in-one-uri fac parte din valul de produse prezentate de Acer la <a href=\"https:\/\/www.mobilissimo.ro\/articole-diverse\/ifa-2026-incepe-pentru-mobilissimo-inainte-de-deschiderea-messe-berlin-huawei-la-munchen-pe-1-3-septembrie-samsung-la-berlin-pe-2-septembrie\" rel=\"nofollow noopener\" target=\"_blank\">IFA 2026 de la Berlin<\/a>. Aspire S24 poart\u0103 indicativul S24B-WCLLP, iar Aspire S27 este S27B-WCLLP. Acer nu a comunicat \u00eenc\u0103 pre\u021burile sau datele exacte de comercializare, acestea urm\u00e2nd s\u0103 fie anun\u021bate separat pentru fiecare pia\u021b\u0103.<\/p>\n","protected":false},"excerpt":{"rendered":"Acer a adus la IFA 2026 dou\u0103 PC-uri all-in-one Aspire noi, S24 \u0219i S27, construite pentru birou, studiu&hellip;\n","protected":false},"author":2,"featured_media":285171,"comment_status":"","ping_status":"","sticky":false,"template":"","format":"standard","meta":{"footnotes":"","_share_on_mastodon":"0"},"categories":[16],"tags":[6341,78516,78517,68356,77426,78518,41,40,38,39,141,124,2453],"class_list":["post-285170","post","type-post","status-publish","format-standard","has-post-thumbnail","category-tehnologie","tag-acer","tag-acer-aspire-s24","tag-acer-aspire-s27","tag-ifa-2026","tag-intel-wildcat-lake","tag-pc-all-in-one","tag-ro","tag-romana","tag-romania","tag-romanian","tag-technology","tag-tehnologie","tag-windows-11"],"share_on_mastodon":{"url":"https:\/\/pubeurope.com\/@ro\/117202799056714759","error":""},"_links":{"self":[{"href":"https:\/\/www.europesays.com\/ro\/wp-json\/wp\/v2\/posts\/285170","targetHints":{"allow":["GET"]}}],"collection":[{"href":"https:\/\/www.europesays.com\/ro\/wp-json\/wp\/v2\/posts"}],"about":[{"href":"https:\/\/www.europesays.com\/ro\/wp-json\/wp\/v2\/types\/post"}],"author":[{"embeddable":true,"href":"https:\/\/www.europesays.com\/ro\/wp-json\/wp\/v2\/users\/2"}],"replies":[{"embeddable":true,"href":"https:\/\/www.europesays.com\/ro\/wp-json\/wp\/v2\/comments?post=285170"}],"version-history":[{"count":0,"href":"https:\/\/www.europesays.com\/ro\/wp-json\/wp\/v2\/posts\/285170\/revisions"}],"wp:featuredmedia":[{"embeddable":true,"href":"https:\/\/www.europesays.com\/ro\/wp-json\/wp\/v2\/media\/285171"}],"wp:attachment":[{"href":"https:\/\/www.europesays.com\/ro\/wp-json\/wp\/v2\/media?parent=285170"}],"wp:term":[{"taxonomy":"category","embeddable":true,"href":"https:\/\/www.europesays.com\/ro\/wp-json\/wp\/v2\/categories?post=285170"},{"taxonomy":"post_tag","embeddable":true,"href":"https:\/\/www.europesays.com\/ro\/wp-json\/wp\/v2\/tags?post=285170"}],"curies":[{"name":"wp","href":"https:\/\/api.w.org\/{rel}","templated":true}]}}