{"id":285178,"date":"2026-09-02T18:16:13","date_gmt":"2026-09-02T18:16:13","guid":{"rendered":"https:\/\/www.europesays.com\/ro\/285178\/"},"modified":"2026-09-02T18:16:13","modified_gmt":"2026-09-02T18:16:13","slug":"a-treia-este-norocoasa-s-a-facut-transferul-razvan-lucescu-isi-ia-fundas-de-3-milioane-de-euro-din-serie-a","status":"publish","type":"post","link":"https:\/\/www.europesays.com\/ro\/285178\/","title":{"rendered":"A treia este norocoas\u0103: s-a f\u0103cut transferul! \u00bb R\u0103zvan Lucescu \u00ee\u0219i ia funda\u0219 de 3 milioane de euro din Serie A"},"content":{"rendered":"<p>\n            Articol de <a rel=\"author nofollow noopener\" href=\"https:\/\/www.gsp.ro\/autor\/daniel-scorpie-62.html\" target=\"_blank\">Daniel Scorpie<\/a>            &#8211; Publicat miercuri, 02 septembrie 2026,  19:29            \/ Actualizat miercuri, 02 septembrie 2026 19:38                    <\/p>\n<p>Funda\u0219ul central <a target=\"_blank\" class=\"editor-link autolink-enabled\" href=\"https:\/\/www.gsp.ro\/rezultate-live\/jucatorul-playername-5069\" data-resource-id=\"5069\" data-resource-type=\"player\" data-sport=\"football\" rel=\"nofollow noopener\">Alessio Romagnoli<\/a> (31 de ani) pleac\u0103, \u00een fine, \u00een Qatar! Dup\u0103 ce a ratat \u00een mercato din ianuarie \u0219ansa transferului la <a target=\"_blank\" class=\"editor-link autolink-enabled\" href=\"https:\/\/www.gsp.ro\/rezultate-live\/echipa-teamname-1660\" data-resource-id=\"1660\" data-resource-type=\"team\" data-sport=\"football\" rel=\"nofollow noopener\">Al-Sadd,<\/a> interna\u021bionalul italian va ajunge astfel sub comanda lui R\u0103zvan Lucescu, Lazio urm\u00e2nd s\u0103 primeasc\u0103 3 milioane de euro \u00een schimbul acestuia.<\/p>\n<p class=\"do-not-hide\">Romagnoli va da o lovitur\u0103 \u00een plan financiar plec\u00e2nd din Serie A. Pentru c\u0103, potrivit informa\u021biilor publicate de Gazzetta dello Sport, Alessio va semna cu Al-Sadd un contract p\u00e2n\u0103 \u00een 2030 \u0219i va \u00eencasa \u00een total un salariu de 20 de milioane de euro. \u0218i biancocelestii vor primi \u00een schimbul s\u0103u 3 milioane de euro. <\/p>\n<p class=\"do-not-hide\">Funda\u0219ul central era cu bagajele preg\u0103tite \u00een ianuarie, dar negocierile au e\u0219uat \u00een urma deciziei pre\u0219edintelui Claudio Lotito de a-l scoate brusc pe juc\u0103tor de pe lista de transferuri. Foarte aproape de mutarea \u00een Qatar a fost \u00eenc\u0103 din vara lui 2025, doar c\u0103 tot din cauza patronului nu s-a mai perfectat afacerea.<\/p>\n<p>Romagnoli n-a acceptat s\u0103 renun\u021be la trei salarii pe care i le datora Lotito, iar tergiversarea discu\u021biilor a f\u0103cut ca termenul limit\u0103 s\u0103 fie dep\u0103\u0219it, astfel c\u0103 Alessio s-a \u00eentors la Roma \u0219i a fost reintegrat \u00een lotul lui Maurizio Sarri.<\/p>\n<p><img decoding=\"async\" src=\"https:\/\/www.europesays.com\/ro\/wp-content\/uploads\/2026\/09\/3d61c01b-a022-4507-84fe-156cbca98ee6.jpg\" loading=\"lazy\" title=\"Alessio Romagnoli s-a desp\u0103r\u021bit \u00een lacrimi de suporterii lui Lazio dup\u0103 meciul de la Lecce (0-0) de s\u00e2mb\u0103t\u0103 \/ Foto: Imago\" alt=\"A treia este norocoas\u0103: s-a f\u0103cut transferul! \u00bb R\u0103zvan Lucescu \u00ee\u0219i ia funda\u0219 de 3 milioane de euro din Serie A\" width=\"738\" height=\"502\"\/><\/p>\n<p>Alessio Romagnoli s-a desp\u0103r\u021bit \u00een lacrimi de suporterii lui Lazio dup\u0103 meciul de la Lecce (0-0) de s\u00e2mb\u0103t\u0103 \/ Foto: Imago<\/p>\n<p>Transferul a picat pentru c\u0103 Romagnoli n-a renun\u021bat la trei salarii restante, apoi Al-Sadd voia s\u0103 pl\u0103teasc\u0103 doar \u00een rate<\/p>\n<p>Romagnoli hot\u0103r\u00e2se s\u0103 plece de la Lazio cu mult timp \u00een urm\u0103, anun\u021b\u00e2ndu-\u0219i desp\u0103r\u021birea printr-un videoclip trimis fanilor care protestau contra lui Lotito pe 2 iulie. Cu toate acestea, acordul dintre Lazio \u0219i Al-Sadd a picat \u0219i \u00eentruc\u00e2t qatarezii doreau nu doar s\u0103 prelungeasc\u0103 plata, ci s\u0103 o am\u00e2ne, propun\u00e2nd prima tran\u0219\u0103 din bani la \u00eenceputul anului 2027.<\/p>\n<p>Lotito nu putea accepte aceste condi\u021bii, iar Maurizio Sarri, care are o rela\u021bie excelent\u0103 cu juc\u0103torul, a \u00eencercat s\u0103 intervin\u0103 \u00een negocieri. Dar Romagnoli, convins c\u0103 se va g\u0103si \u00een cele din urm\u0103 o solu\u021bie, a preferat \u00eentotdeauna Qatarul unui transfer la Atalanta. <\/p>\n<p>\u201e\u00cen ultimele ore ale perioadei de transferuri (Al-Sadd ar fi avut timp p\u00e2n\u0103 joi, 3 septembrie), antrenorul a rezolvat situa\u021bia, cum \u00eei promisese lui Romagnoli cu c\u00e2teva s\u0103pt\u0103m\u00e2ni \u00een urm\u0103. Nu este exclus ca Lazio s\u0103 caute un \u00eenlocuitor printre juc\u0103torii liberi de contract\u201d, conchide cotidianul roz.<\/p>\n","protected":false},"excerpt":{"rendered":"Articol de Daniel Scorpie &#8211; Publicat miercuri, 02 septembrie 2026, 19:29 \/ Actualizat miercuri, 02 septembrie 2026 19:38&hellip;\n","protected":false},"author":2,"featured_media":285179,"comment_status":"","ping_status":"","sticky":false,"template":"","format":"standard","meta":{"footnotes":"","_share_on_mastodon":"0"},"categories":[20],"tags":[45913,78519,4447,76,2466,41,40,38,39,185,184],"class_list":["post-285178","post","type-post","status-publish","format-standard","has-post-thumbnail","category-sport","tag-al-sadd","tag-alessio-romagnoli","tag-lazio","tag-qatar","tag-razvan-lucescu","tag-ro","tag-romana","tag-romania","tag-romanian","tag-sport","tag-sports"],"share_on_mastodon":{"url":"https:\/\/pubeurope.com\/@ro\/117202818927301688","error":""},"_links":{"self":[{"href":"https:\/\/www.europesays.com\/ro\/wp-json\/wp\/v2\/posts\/285178","targetHints":{"allow":["GET"]}}],"collection":[{"href":"https:\/\/www.europesays.com\/ro\/wp-json\/wp\/v2\/posts"}],"about":[{"href":"https:\/\/www.europesays.com\/ro\/wp-json\/wp\/v2\/types\/post"}],"author":[{"embeddable":true,"href":"https:\/\/www.europesays.com\/ro\/wp-json\/wp\/v2\/users\/2"}],"replies":[{"embeddable":true,"href":"https:\/\/www.europesays.com\/ro\/wp-json\/wp\/v2\/comments?post=285178"}],"version-history":[{"count":0,"href":"https:\/\/www.europesays.com\/ro\/wp-json\/wp\/v2\/posts\/285178\/revisions"}],"wp:featuredmedia":[{"embeddable":true,"href":"https:\/\/www.europesays.com\/ro\/wp-json\/wp\/v2\/media\/285179"}],"wp:attachment":[{"href":"https:\/\/www.europesays.com\/ro\/wp-json\/wp\/v2\/media?parent=285178"}],"wp:term":[{"taxonomy":"category","embeddable":true,"href":"https:\/\/www.europesays.com\/ro\/wp-json\/wp\/v2\/categories?post=285178"},{"taxonomy":"post_tag","embeddable":true,"href":"https:\/\/www.europesays.com\/ro\/wp-json\/wp\/v2\/tags?post=285178"}],"curies":[{"name":"wp","href":"https:\/\/api.w.org\/{rel}","templated":true}]}}