{"id":285210,"date":"2026-09-02T18:39:08","date_gmt":"2026-09-02T18:39:08","guid":{"rendered":"https:\/\/www.europesays.com\/ro\/285210\/"},"modified":"2026-09-02T18:39:08","modified_gmt":"2026-09-02T18:39:08","slug":"a-aparut-si-primul-smartphone-din-lume-cu-aprinzator-electric-incorporat-fumatorii-isi-vor-putea-aprinde-tigara-cu-ajutorul-telefonului","status":"publish","type":"post","link":"https:\/\/www.europesays.com\/ro\/285210\/","title":{"rendered":"A ap\u0103rut \u015fi primul smartphone din lume cu aprinz\u0103tor electric \u00eencorporat (fum\u0103torii \u00ee\u015fi vor putea aprinde \u0163igara cu ajutorul telefonului)"},"content":{"rendered":"<p class=\"wp-block-paragraph\">Din c\u00e2nd \u00een c\u00e2nd mai apar \u015fi caracteristici ciudate ata\u015fate unui smartphone, iar acestea pot fi descoperite \u00een general \u00een r\u00e2ndul produc\u0103torilor chinezi.<\/p>\n<p class=\"wp-block-paragraph\">Cei de la Oukitel au lansat s\u0103pt\u0103m\u00e2na aceasta un telefon inteligent cu o func\u0163ie inedit\u0103, unic\u0103 \u00een lume. Oukitel WP63 este primul smartphone cu aprinz\u0103tor electric \u00eencorporat. Acesta poate aprinde orice, de la un foc de tabar\u0103, p\u00e2n\u0103 la banala \u0163igar\u0103 fumat\u0103 zi de zi de c\u0103tre fum\u0103torii \u00eenr\u0103i\u0163i.<\/p>\n<p class=\"wp-block-paragraph\">Dac\u0103 v\u0103 mai aduce\u0163i aminte smartphone-urile cu camer\u0103 frontal\u0103 cu mecanism tip pop-up (primul care \u00eemi vine acum \u00een minte este <a href=\"https:\/\/gadget.ro\/oneplus-7-pro-review\/\" rel=\"nofollow noopener\" target=\"_blank\">OnePlus 7 Pro<\/a>), afla\u0163i c\u0103 Oukitel a folosit un astfel de mecanism, dar a \u00eenlocuit camera foto cu un aprinz\u0103tor electric. Acesta func\u0163ioneaz\u0103 pe un principiu similar brichetelor electrice auto \u015fi utilizeaz\u0103 o bobin\u0103 pentru \u00eenc\u0103lzire care ajunge la temperaturi extrem de ridicate.<\/p>\n<p><img fetchpriority=\"high\" decoding=\"async\" width=\"1200\" height=\"800\" src=\"https:\/\/www.europesays.com\/ro\/wp-content\/uploads\/2026\/09\/Oukitel-WP63-2-1200x800.jpg\" alt=\"\" class=\"wp-image-389136\"  \/><\/p>\n<p class=\"wp-block-paragraph\">Produc\u0103torul chinez a oferit primele informa\u0163ii despre Oukitel WP63 la \u00eenceputul acestui an, \u00eens\u0103 abia acum l-a prezentat oficial. Acesta este unul tip rugged, adic\u0103 rezist\u0103 \u00een cele mai dure condi\u0163ii, iar bateria uria\u015f\u0103 de 20.000 de mAh promite o autonomie de c\u00e2teva zile.<\/p>\n<p class=\"wp-block-paragraph\">Restul specifica\u0163iilor sunt modeste, vorbim de un ecran IPS LCD de 6.7 inci cu rezolu\u0163ie HD+ \u015fi de un procesor Unisoc T8200.<\/p>\n<p class=\"wp-block-paragraph\">Oukitel WP63 va fi disponibil comercial \u00een toamna acestui an, iar pre\u0163ul urmeaz\u0103 a fi anun\u0163at \u00een urm\u0103toarele s\u0103pt\u0103m\u00e2ni.<\/p>\n<p><img loading=\"lazy\" decoding=\"async\" width=\"1200\" height=\"800\" src=\"https:\/\/www.europesays.com\/ro\/wp-content\/uploads\/2026\/09\/Oukitel-WP63-4-1200x800.jpg\" alt=\"\" class=\"wp-image-389137\"  \/><\/p>\n<p>Via:<a href=\"https:\/\/www.gsmarena.com\/oukitel_unveils_a_gaming_phone_with_dual_fan_cooling_a_phone_with_a_builtin_lighter_and_more-news-74429.php\" rel=\"nofollow noopener\" target=\"_blank\"> gsmarena.com<\/a><\/p>\n","protected":false},"excerpt":{"rendered":"Din c\u00e2nd \u00een c\u00e2nd mai apar \u015fi caracteristici ciudate ata\u015fate unui smartphone, iar acestea pot fi descoperite \u00een&hellip;\n","protected":false},"author":2,"featured_media":285211,"comment_status":"","ping_status":"","sticky":false,"template":"","format":"standard","meta":{"footnotes":"","_share_on_mastodon":"0"},"categories":[16],"tags":[78528,78432,78529,41,40,38,39,34882,340,18220,141,124],"class_list":["post-285210","post","type-post","status-publish","format-standard","has-post-thumbnail","category-tehnologie","tag-aprinzator-electric-incorporat","tag-oukitel","tag-oukitel-wp63","tag-ro","tag-romana","tag-romania","tag-romanian","tag-rugged","tag-smartphone","tag-smartphone-rugged","tag-technology","tag-tehnologie"],"share_on_mastodon":{"url":"https:\/\/pubeurope.com\/@ro\/117202909248696856","error":""},"_links":{"self":[{"href":"https:\/\/www.europesays.com\/ro\/wp-json\/wp\/v2\/posts\/285210","targetHints":{"allow":["GET"]}}],"collection":[{"href":"https:\/\/www.europesays.com\/ro\/wp-json\/wp\/v2\/posts"}],"about":[{"href":"https:\/\/www.europesays.com\/ro\/wp-json\/wp\/v2\/types\/post"}],"author":[{"embeddable":true,"href":"https:\/\/www.europesays.com\/ro\/wp-json\/wp\/v2\/users\/2"}],"replies":[{"embeddable":true,"href":"https:\/\/www.europesays.com\/ro\/wp-json\/wp\/v2\/comments?post=285210"}],"version-history":[{"count":0,"href":"https:\/\/www.europesays.com\/ro\/wp-json\/wp\/v2\/posts\/285210\/revisions"}],"wp:featuredmedia":[{"embeddable":true,"href":"https:\/\/www.europesays.com\/ro\/wp-json\/wp\/v2\/media\/285211"}],"wp:attachment":[{"href":"https:\/\/www.europesays.com\/ro\/wp-json\/wp\/v2\/media?parent=285210"}],"wp:term":[{"taxonomy":"category","embeddable":true,"href":"https:\/\/www.europesays.com\/ro\/wp-json\/wp\/v2\/categories?post=285210"},{"taxonomy":"post_tag","embeddable":true,"href":"https:\/\/www.europesays.com\/ro\/wp-json\/wp\/v2\/tags?post=285210"}],"curies":[{"name":"wp","href":"https:\/\/api.w.org\/{rel}","templated":true}]}}