{"id":285224,"date":"2026-09-02T18:49:14","date_gmt":"2026-09-02T18:49:14","guid":{"rendered":"https:\/\/www.europesays.com\/ro\/285224\/"},"modified":"2026-09-02T18:49:14","modified_gmt":"2026-09-02T18:49:14","slug":"sunt-pensiile-din-romania-mai-bune-decat-cele-din-germania-presa-germana-analizeaza-sistemul-romanesc","status":"publish","type":"post","link":"https:\/\/www.europesays.com\/ro\/285224\/","title":{"rendered":"Sunt pensiile din Rom\u00e2nia mai bune dec\u00e2t cele din Germania? Presa german\u0103 analizeaz\u0103 sistemul rom\u00e2nesc"},"content":{"rendered":"<p>\t    <img loading=\"lazy\" decoding=\"async\" class=\"mg-x-auto\" width=\"30\" height=\"30\" src=\"https:\/\/www.europesays.com\/ro\/wp-content\/uploads\/2026\/09\/1788374954_807_google-g-w.png\" alt=\"\"\/>\t\t\t    <\/p>\n<p class=\"isSelectedEnd\" id=\"p-0\">Concluzia compara\u021biei este \u00eens\u0103 mai complicat\u0103 dec\u00e2t simpla confruntare a sumelor primite lunar de pensionari.<\/p>\n<p class=\"isSelectedEnd\" id=\"p-1\">O analiz\u0103 publicat\u0103 de platforma german\u0103 <a href=\"https:\/\/www.buerger-geld.org\/news\/rente\/rente-in-rumaenien-ist-das-system-wirklich-besser-als-in-deutschland\/\" target=\"_blank\" rel=\"noopener nofollow\">B\u00fcrger &amp; Geld<\/a> compar\u0103 sistemele de pensii din Rom\u00e2nia \u0219i Germania, pornind de la reformele implementate la Bucure\u0219ti \u0219i de la provoc\u0103rile demografice cu care se confrunt\u0103 ambele state.<\/p>\n<p class=\"isSelectedEnd\" id=\"p-2\">At\u00e2t Rom\u00e2nia, c\u00e2t \u0219i Germania se bazeaz\u0103 \u00een principal pe principiul redistributiv, \u00een care contribu\u021biile actualilor salaria\u021bi finan\u021beaz\u0103 pensiile pl\u0103tite genera\u021biilor aflate la pensie. Diferen\u021bele devin \u00eens\u0103 importante \u00een privin\u021ba contribu\u021biilor \u0219i a economisirii private obligatorii.<\/p>\n<p>Pilonul II, una dintre diferen\u021bele majore<\/p>\n<p class=\"isSelectedEnd\" id=\"p-3\">\u00cen Germania, angaja\u021bii \u0219i angajatorii contribuie \u00een 2026, \u00eempreun\u0103, cu 18,6% din venitul brut supus asigur\u0103rii de pensie, contribu\u021bia fiind \u00eemp\u0103r\u021bit\u0103, de regul\u0103, \u00een mod egal.<\/p>\n<p class=\"isSelectedEnd\" id=\"p-4\">\u00cen Rom\u00e2nia, contribu\u021bia de asigur\u0103ri sociale este de 25% din salariul brut. Potrivit datelor citate de publica\u021bia german\u0103 de la Autoritatea de Supraveghere Financiar\u0103, 4,75 puncte procentuale sunt direc\u021bionate c\u0103tre Pilonul II de pensii administrate privat.<\/p>\n<p class=\"isSelectedEnd\" id=\"p-5\">Acest sistem permite acumularea unor fonduri individuale investite pe pie\u021bele financiare, dar presupune \u0219i riscuri legate de evolu\u021bia pie\u021belor, costurile de administrare \u0219i momentul \u00een care banii ajung s\u0103 fie pl\u0103ti\u021bi beneficiarilor.<\/p>\n<p>Reforma care a schimbat calculul pensiilor \u00een Rom\u00e2nia<\/p>\n<p class=\"isSelectedEnd\" id=\"p-6\">Publica\u021bia german\u0103 acord\u0103 o aten\u021bie important\u0103 Legii pensiilor nr. 360\/2023, aplicat\u0103 de la 1 septembrie 2024. Noul sistem utilizeaz\u0103 o formul\u0103 bazat\u0103 pe totalul punctelor acumulate \u0219i valoarea punctului de referin\u021b\u0103.<\/p>\n<p class=\"isSelectedEnd\" id=\"p-7\">Recalcularea pensiilor \u0219i introducerea punctelor de stabilitate pentru persoanele cu stagii contributive de peste 25 de ani sunt prezentate drept elemente importante ale reformei rom\u00e2ne\u0219ti. Sistemul urm\u0103re\u0219te astfel s\u0103 recompenseze mai consistent perioadele lungi de activitate profesional\u0103.<\/p>\n<p class=\"isSelectedEnd\" id=\"p-8\">Germania a ales o alt\u0103 abordare. Nivelul standard al pensiei \u00eenainte de impozitare este men\u021binut la 48% p\u00e2n\u0103 \u00een 2031, iar pensiile germane au fost majorate cu 4,24% de la 1 iulie 2026.<\/p>\n<p>Important pentru rom\u00e2nii care au muncit \u00een Germania<\/p>\n<p class=\"isSelectedEnd\" id=\"p-9\">Compara\u021bia are o relevan\u021b\u0103 aparte pentru numero\u0219ii rom\u00e2ni care au perioade de munc\u0103 \u00een ambele state.<\/p>\n<p class=\"isSelectedEnd\" id=\"p-10\">\u00cen baza regulilor europene de coordonare a sistemelor de securitate social\u0103, perioadele de asigurare realizate \u00een Rom\u00e2nia \u0219i Germania pot fi luate \u00een calcul pentru \u00eendeplinirea condi\u021biilor necesare pension\u0103rii. Fiecare stat calculeaz\u0103 \u0219i pl\u0103te\u0219te, \u00een principiu, partea de pensie corespunz\u0103toare perioadei lucrate acolo.<\/p>\n<p class=\"isSelectedEnd\" id=\"p-11\">Concluzia analizei germane este c\u0103 sistemul rom\u00e2nesc nu poate fi declarat pur \u0219i simplu superior celui german. Rom\u00e2nia pune un accent mai mare pe componenta privat\u0103 obligatorie \u0219i recompensarea stagiilor lungi de cotizare, \u00een timp ce Germania dispune de o plas\u0103 public\u0103 de protec\u021bie social\u0103 mai extins\u0103.<\/p>\n<p id=\"p-12\">\u00cen plus, compara\u021bia pensiilor exclusiv \u00een euro poate fi \u00een\u0219el\u0103toare. Puterea de cump\u0103rare, costurile locuin\u021bei, alimentelor, energiei, serviciilor medicale \u0219i nivelul taxelor pot schimba semnificativ situa\u021bia real\u0103 a unui pensionar dintr-o \u021bar\u0103 \u00een alta.<\/p>\n","protected":false},"excerpt":{"rendered":"Concluzia compara\u021biei este \u00eens\u0103 mai complicat\u0103 dec\u00e2t simpla confruntare a sumelor primite lunar de pensionari. O analiz\u0103 publicat\u0103&hellip;\n","protected":false},"author":2,"featured_media":285225,"comment_status":"","ping_status":"","sticky":false,"template":"","format":"standard","meta":{"footnotes":"","_share_on_mastodon":"0"},"categories":[10],"tags":[32,33,31,75701,36,37,27,34,35,25,78532,78533,39866,2732,5373,7942,41,40,38,39,28242,26,28,29,30],"class_list":["post-285224","post","type-post","status-publish","format-standard","has-post-thumbnail","category-romania","tag-breaking-news","tag-breakingnews","tag-cele-mai-populare-subiecte","tag-contributii-sociale","tag-featured-news","tag-featurednews","tag-headlines","tag-latest-news","tag-latestnews","tag-news","tag-pensie-romania-germania","tag-pensii-germania","tag-pensii-romania","tag-pensionari","tag-pilonul-ii","tag-reforma-pensiilor","tag-ro","tag-romana","tag-romania","tag-romanian","tag-sistem-pensii","tag-stiri","tag-titluri","tag-top-stories","tag-topstories"],"share_on_mastodon":{"url":"https:\/\/pubeurope.com\/@ro\/117202948650074208","error":""},"_links":{"self":[{"href":"https:\/\/www.europesays.com\/ro\/wp-json\/wp\/v2\/posts\/285224","targetHints":{"allow":["GET"]}}],"collection":[{"href":"https:\/\/www.europesays.com\/ro\/wp-json\/wp\/v2\/posts"}],"about":[{"href":"https:\/\/www.europesays.com\/ro\/wp-json\/wp\/v2\/types\/post"}],"author":[{"embeddable":true,"href":"https:\/\/www.europesays.com\/ro\/wp-json\/wp\/v2\/users\/2"}],"replies":[{"embeddable":true,"href":"https:\/\/www.europesays.com\/ro\/wp-json\/wp\/v2\/comments?post=285224"}],"version-history":[{"count":0,"href":"https:\/\/www.europesays.com\/ro\/wp-json\/wp\/v2\/posts\/285224\/revisions"}],"wp:featuredmedia":[{"embeddable":true,"href":"https:\/\/www.europesays.com\/ro\/wp-json\/wp\/v2\/media\/285225"}],"wp:attachment":[{"href":"https:\/\/www.europesays.com\/ro\/wp-json\/wp\/v2\/media?parent=285224"}],"wp:term":[{"taxonomy":"category","embeddable":true,"href":"https:\/\/www.europesays.com\/ro\/wp-json\/wp\/v2\/categories?post=285224"},{"taxonomy":"post_tag","embeddable":true,"href":"https:\/\/www.europesays.com\/ro\/wp-json\/wp\/v2\/tags?post=285224"}],"curies":[{"name":"wp","href":"https:\/\/api.w.org\/{rel}","templated":true}]}}