{"id":285249,"date":"2026-09-02T19:11:13","date_gmt":"2026-09-02T19:11:13","guid":{"rendered":"https:\/\/www.europesays.com\/ro\/285249\/"},"modified":"2026-09-02T19:11:13","modified_gmt":"2026-09-02T19:11:13","slug":"concluziile-trase-de-antrenorul-lui-frosinone-dupa-primul-meci-ca-titular-al-lui-daniel-birligea-in-italia","status":"publish","type":"post","link":"https:\/\/www.europesays.com\/ro\/285249\/","title":{"rendered":"Concluziile trase de antrenorul lui Frosinone, dup\u0103 primul meci ca titular al lui Daniel B\u00eerligea \u00een Italia"},"content":{"rendered":"\n<ul class=\"bullets\">\n<li>\n<p>Cupa Rom\u00e2niei: Poli Timi\u0219oara &#8211; Rapid, joi, 20:30, DGS 1<\/p>\n<\/li>\n<li>\n<p>Cupa Rom\u00e2niei: Bac\u0103u &#8211; Universitatea Craiova, joi, 17:30, DGS 1<\/p>\n<\/li>\n<\/ul>\n<p>Echipa lui B\u00eerligea a pierdut calificarea la loviturile de departajare, scor 3-4 (1-1). Nota ob\u021binut\u0103 de interna\u021bionalul rom\u00e2n <a href=\"https:\/\/www.digisport.ro\/fotbal\/serie-a\/daniel-birligea-gol-anulat-la-debutul-ca-titular-pentru-frosinone-nota-primita-4463793\" target=\"_blank\" rel=\"noopener nofollow\" data-skip-linkfix=\"1\">a fost 6,2<\/a>, dup\u0103 cele 63 de minute jucate.<\/p>\n<p>Antrenorul celor de la Frosinone a vorbit la superlativ despre juc\u0103torii transfera\u021bi \u00een aceast\u0103 var\u0103 \u0219i care au jucat cu Sassuolo<\/p>\n<p>Dup\u0103 meci, Massimiliano Alvini (56 de ani), antrenorul celor de la Frosinone, a tras concluziile \u0219i a vorbit despre juc\u0103torii noi de la echip\u0103, care au evoluat \u00een meciul din Cupa Italiei.<\/p>\n<p>&#8222;Ast\u0103zi, Frosinone a avut zece juc\u0103tori complet noi, care au sosit acum o s\u0103pt\u0103m\u00e2n\u0103. Mul\u021bi&#8230; Sosiser\u0103 acum 10 zile. A\u0219a c\u0103 \u0219i pentru noi a fost dificil s\u0103 ie\u0219im pe teren \u0219i s\u0103 juc\u0103m acest tip de meci \u00eempotriva unei echipe puternice. Am v\u0103zut un Frosinone care a jucat meciul cu o atitudine pozitiv\u0103, care a ie\u0219it s\u0103 joace cu o identitate puternic\u0103, care ar fi putut c\u00e2\u0219tiga, care a f\u0103cut unele gre\u0219eli pe care le putem \u00eembun\u0103t\u0103\u021bi, dar am v\u0103zut un Frosinone bun&#8221;, a declarat antrenorul celor de la Frosinone, conform <a style=\"color: #333333;\" href=\"https:\/\/www.tuttomercatoweb.com\/serie-a\/frosinone-alvini-col-sassuolo-10-calciatori-11-arrivati-settimana-2269695\" target=\"_blank\" rel=\"noopener nofollow\" data-skip-linkfix=\"1\">presei din Italia<\/a>.<\/p>\n<p>  Cifrele \u00eenregistrate de Daniel B\u00eerligea la primul meci ca titular la Frosinone. A avut un gol anulat<\/p>\n<p>\u00cen dup\u0103-amiaza zilei de 2 septembrie, Frosinone s-a deplasat la Sassuolo pentru duelul din 16-imile Cupei Italiei, iar fostul atacant de la FCSB s-a aflat printre titulari. Daniel B\u00eerligea a fost folosit timp de 63 de minute, dup\u0103 care s-a v\u0103zut \u00eenlocuit cu Bobcek. \u00cen minutul 56, atacantul a avut un gol anulat din cauza unui ofsaid.<\/p>\n<p>Lansat perpendicular pe poart\u0103 de o manier\u0103 excelent\u0103, deoarece nici nu a avut nevoie de preluare, atacantul a \u0219utat puternic pe jos, la col\u021bul scurt, \u0219i l-a \u00eenvins pe Turati. Din nefericire pentru el \u0219i echipa sa, s-a aflat \u00een pozi\u021bie \u00een afara jocului \u00een momentul \u00een care colegul \u00eei d\u0103duse pasa, astfel c\u0103 tabela a r\u0103mas cu 1-1.<\/p>\n<p>Galerie Foto<\/p>\n<p>Dominguez a deschis scorul pentru Sassuolo \u00een minutul 35, ca Terzic s\u0103 egaleze \u00een minutul 45+2. Sassuolo s-a impus la loviturile de departajare (4-3), dup\u0103 1-1 \u00een timpul regulamentar.<\/p>\n<p>Pe <a href=\"https:\/\/www.sofascore.ro\/ro\" target=\"_blank\" rel=\"noopener nofollow\" data-skip-linkfix=\"1\">Sofascore<\/a>, B\u00eerligea a primit nota 6,2 pentru presta\u021bia sa, a doua cea mai mic\u0103 din tab\u0103ra sa dup\u0103 colegul din atac Zerbin, cu 6,1. V\u00e2rful a avut trei \u0219uturi, dou\u0103 dintre ele cadrate, unul blocat. A fost surprins \u00een ofsaid de dou\u0103 ori \u0219i a ratat o ocazie mare, a reu\u0219it 4\/7 pase \u0219i o minge lung\u0103. Din 14 atingeri, a pierdut posesia de cinci ori.<\/p>\n<p>Pentru Frosinone urmeaz\u0103 un duel \u00een Serie A pe teren propriu cu Venezia, pe 6 septembrie, ora 16:00. R\u0103m\u00e2ne de v\u0103zut dac\u0103 rom\u00e2nul \u0219i-a convins antrenorul pentru a-l titulariza.<\/p>\n<p>Daniel B\u00eerligea a mers \u00een Italia al\u0103turi de partenera sa, AntoniaGalerie Foto   <\/p>\n<p>  Etichete:  <a href=\"https:\/\/www.digisport.ro\/eticheta\/italia\" rel=\"nofollow noopener\" target=\"_blank\">italia<\/a> , <a href=\"https:\/\/www.digisport.ro\/eticheta\/frosinone\" rel=\"nofollow noopener\" target=\"_blank\">frosinone<\/a> , <a href=\"https:\/\/www.digisport.ro\/eticheta\/daniel-birligea\" rel=\"nofollow noopener\" target=\"_blank\">daniel birligea<\/a> , <a href=\"https:\/\/www.digisport.ro\/eticheta\/antrenor-frosinone\" rel=\"nofollow noopener\" target=\"_blank\">antrenor frosinone<\/a>   <\/p>\n<p>Urm\u0103re\u0219te \u0219tirile digisport.ro \u0219i pe <a href=\"https:\/\/news.google.com\/publications\/CAAiENr1L9HFNMG5hpp5zTfVtpsqFAgKIhDa9S_RxTTBuYaaec031bab?ceid=RO:ro&amp;oc=3\" target=\"_blank\" rel=\"external nofollow noopener\">Google News<\/a><\/p>\n<p>   Noua Aplica\u0163ie Digi Sport poate fi desc\u0103rcat\u0103 din   <\/p>\n","protected":false},"excerpt":{"rendered":"Cupa Rom\u00e2niei: Poli Timi\u0219oara &#8211; Rapid, joi, 20:30, DGS 1 Cupa Rom\u00e2niei: Bac\u0103u &#8211; Universitatea Craiova, joi, 17:30,&hellip;\n","protected":false},"author":2,"featured_media":285250,"comment_status":"","ping_status":"","sticky":false,"template":"","format":"standard","meta":{"footnotes":"","_share_on_mastodon":"0"},"categories":[5],"tags":[78550,32,33,31,1581,36,37,49907,27,112,34,35,25,41,40,38,39,26,28,29,30],"class_list":["post-285249","post","type-post","status-publish","format-standard","has-post-thumbnail","category-titluri","tag-antrenor-frosinone","tag-breaking-news","tag-breakingnews","tag-cele-mai-populare-subiecte","tag-daniel-birligea","tag-featured-news","tag-featurednews","tag-frosinone","tag-headlines","tag-italia","tag-latest-news","tag-latestnews","tag-news","tag-ro","tag-romana","tag-romania","tag-romanian","tag-stiri","tag-titluri","tag-top-stories","tag-topstories"],"share_on_mastodon":{"url":"https:\/\/pubeurope.com\/@ro\/117203035476543189","error":""},"_links":{"self":[{"href":"https:\/\/www.europesays.com\/ro\/wp-json\/wp\/v2\/posts\/285249","targetHints":{"allow":["GET"]}}],"collection":[{"href":"https:\/\/www.europesays.com\/ro\/wp-json\/wp\/v2\/posts"}],"about":[{"href":"https:\/\/www.europesays.com\/ro\/wp-json\/wp\/v2\/types\/post"}],"author":[{"embeddable":true,"href":"https:\/\/www.europesays.com\/ro\/wp-json\/wp\/v2\/users\/2"}],"replies":[{"embeddable":true,"href":"https:\/\/www.europesays.com\/ro\/wp-json\/wp\/v2\/comments?post=285249"}],"version-history":[{"count":0,"href":"https:\/\/www.europesays.com\/ro\/wp-json\/wp\/v2\/posts\/285249\/revisions"}],"wp:featuredmedia":[{"embeddable":true,"href":"https:\/\/www.europesays.com\/ro\/wp-json\/wp\/v2\/media\/285250"}],"wp:attachment":[{"href":"https:\/\/www.europesays.com\/ro\/wp-json\/wp\/v2\/media?parent=285249"}],"wp:term":[{"taxonomy":"category","embeddable":true,"href":"https:\/\/www.europesays.com\/ro\/wp-json\/wp\/v2\/categories?post=285249"},{"taxonomy":"post_tag","embeddable":true,"href":"https:\/\/www.europesays.com\/ro\/wp-json\/wp\/v2\/tags?post=285249"}],"curies":[{"name":"wp","href":"https:\/\/api.w.org\/{rel}","templated":true}]}}