{"id":285273,"date":"2026-09-02T19:28:09","date_gmt":"2026-09-02T19:28:09","guid":{"rendered":"https:\/\/www.europesays.com\/ro\/285273\/"},"modified":"2026-09-02T19:28:09","modified_gmt":"2026-09-02T19:28:09","slug":"iphone-ultra-nu-vrea-sa-bata-pro-max-la-specificatii","status":"publish","type":"post","link":"https:\/\/www.europesays.com\/ro\/285273\/","title":{"rendered":"iPhone Ultra nu vrea s\u0103 bat\u0103 Pro Max la specifica\u021bii"},"content":{"rendered":"<p>iPhone Ultra \u00eencepe s\u0103 arate mai degrab\u0103 ca un obiect de dorit dec\u00e2t ca un campion al specifica\u021biilor. Mark Gurman <a href=\"https:\/\/www.youtube.com\/watch?v=rQHEN3kngZo\" rel=\"nofollow noopener noreferrer\" target=\"_blank\">reconfirm\u0103 pentru primul pliabil Apple<\/a> un ecran exterior de 5,5 inch, unul interior de 7,8 inch, Touch ID \u00een loc de Face ID \u0219i, mai surprinz\u0103tor, lipsa unei camere telephoto. Toate acestea pe un telefon despre care se discut\u0103 c\u0103 va ocupa cea mai scump\u0103 pozi\u021bie din familia iPhone.<\/p>\n<p>\u0218i aici apare paradoxul. De obicei, urci \u00een gam\u0103 pentru a elimina compromisuri. La <a href=\"https:\/\/www.mobilissimo.ro\/telefoane\/apple\/iphone-ultra\" rel=\"nofollow noopener\" target=\"_blank\">iPhone Ultra<\/a>, Apple pare s\u0103 \u00ee\u021bi cear\u0103 s\u0103 accep\u021bi c\u00e2teva tocmai pentru a primi lucrul care conteaz\u0103 cel mai mult: formatul pliabil. Gurman \u00eel vede drept un \u201eultimate status symbol\u201d, iar expresia \u00eei descrie probabil mai bine rolul dec\u00e2t orice tabel de specifica\u021bii. Nu \u00eel cumperi fiindc\u0103 face totul mai bine dec\u00e2t un Pro Max. \u00cel cumperi fiindc\u0103 este acel iPhone pe care nu \u00eel are toat\u0103 lumea.<\/p>\n<p>Pre\u021burile vehiculate anterior porneau de la aproximativ 2.000 de dolari (circa 9.100 de lei), dup\u0103 cum <a href=\"https:\/\/www.mobilissimo.ro\/stiri-telefoane\/iphone-ultra-amanat-pana-in-2027-aflam-si-doua-variante-de-pret\" rel=\"nofollow noopener\" target=\"_blank\">scriam \u00een var\u0103 despre pozi\u021bionarea lui iPhone Ultra<\/a>. La asemenea sume, dispari\u021bia camerei telephoto va ridica inevitabil spr\u00e2ncene. Am aflat deja din <a href=\"https:\/\/www.mobilissimo.ro\/stiri-telefoane\/primii-utilizatori-ai-iphone-ultra-lauda-balamaua-si-ecranul-mare-incape-bine-in-buzunar-revine-la-touch-id-dar-renunta-la-telephoto\" rel=\"nofollow noopener\" target=\"_blank\">primele impresii venite de la persoane care au folosit pliabilul<\/a> c\u0103 balamaua \u0219i ergonomia ar fi conving\u0103toare, dar tocmai fotografia poate deveni pre\u021bul pl\u0103tit pentru construc\u021bia complicat\u0103.<\/p>\n<p>Apple nu pare interesat\u0103 s\u0103 bage un iPad \u00eentreg \u00een buzunar<\/p>\n<p>Cei 7,8 inch ai ecranului interior vor permite un multitasking mai bun dec\u00e2t pe iPhone, \u00eens\u0103 Gurman tempereaz\u0103 a\u0219tept\u0103rile: nu ar trebui s\u0103 avem libertatea de tip macOS pe care Apple a \u00eempins-o pe iPad Pro. Este o alegere interesant\u0103. Cu asemenea diagonal\u0103, tenta\u021bia ar fi s\u0103 transformi pliabilul \u00eentr-o tablet\u0103 de productivitate cu func\u021bie de telefon.<\/p>\n<p>Apple pare s\u0103 traseze \u00eens\u0103 o linie. A testat inclusiv un <a href=\"https:\/\/www.mobilissimo.ro\/stiri-telefoane\/un-pencil-pentru-iphone-dupa-19-ani-de-la-celebra-replica-a-lui-steve-jobs-apple-l-a-testat-pe-iphone-ultra-dar-probabil-nu-il-va-lansa\" rel=\"nofollow noopener\" target=\"_blank\">Apple Pencil special pentru iPhone Ultra<\/a>, mai scurt \u0219i g\u00e2ndit pentru corpul pliabilului, dar accesoriul probabil nu va ajunge pe pia\u021b\u0103. Adun\u0103 asta cu multitasking-ul \u021binut sub control \u0219i se contureaz\u0103 o strategie: iPhone Ultra trebuie s\u0103 r\u0103m\u00e2n\u0103 \u00een primul r\u00e2nd iPhone, nu s\u0103 \u00eenceap\u0103 s\u0103 canibalizeze iPad mini.<\/p>\n<p>Touch ID intr\u0103 \u00een aceea\u0219i categorie a compromisurilor care ar putea avea logic\u0103 inginereasc\u0103. Face ID ocup\u0103 spa\u021biu, iar \u00eentr-un pliabil fiecare milimetru din interior se negociaz\u0103 \u00eentre balama, baterie, camere \u0219i cele dou\u0103 jum\u0103t\u0103\u021bi ale telefonului. Un senzor de amprent\u0103 lateral este mai pu\u021bin spectaculos pe un flagship Apple din 2026, dar poate fi solu\u021bia mai practic\u0103. Telephoto-ul va fi mai greu de explicat unui cump\u0103r\u0103tor care vine de pe un Pro Max.<\/p>\n<p>Vom afla c\u00e2t de bine func\u021bioneaz\u0103 aceast\u0103 ecua\u021bie foarte cur\u00e2nd: <a href=\"https:\/\/www.mobilissimo.ro\/stiri-telefoane\/apple-confirma-oficial-evenimentul-din-9-septembrie\" rel=\"nofollow noopener\" target=\"_blank\">Apple a programat evenimentul \u201eSurprise and shine\u201d pentru 9 septembrie<\/a>, iar primul s\u0103u pliabil este a\u0219teptat printre vedetele serii. Dac\u0103 zvonurile se confirm\u0103, iPhone Ultra nu va \u00eencerca s\u0103 c\u00e2\u0219tige concursul \u201ecine are mai multe dot\u0103ri\u201d. Pariul Apple pare mai \u00eendr\u0103zne\u021b: c\u0103 pentru suficien\u021bi cump\u0103r\u0103tori, faptul c\u0103 este primul iPhone care se desface \u00een dou\u0103 va conta mai mult dec\u00e2t camera pe care nu o are.<\/p>\n","protected":false},"excerpt":{"rendered":"iPhone Ultra \u00eencepe s\u0103 arate mai degrab\u0103 ca un obiect de dorit dec\u00e2t ca un campion al specifica\u021biilor.&hellip;\n","protected":false},"author":2,"featured_media":285274,"comment_status":"","ping_status":"","sticky":false,"template":"","format":"standard","meta":{"footnotes":"","_share_on_mastodon":"0"},"categories":[16],"tags":[83,34390,19812,47804,66400,41,40,38,39,141,124,2601,75479],"class_list":["post-285273","post","type-post","status-publish","format-standard","has-post-thumbnail","category-tehnologie","tag-apple","tag-ios-27","tag-iphone-pliabil","tag-iphone-ultra","tag-mark-gurman","tag-ro","tag-romana","tag-romania","tag-romanian","tag-technology","tag-tehnologie","tag-telefoane-pliabile","tag-touch-id"],"share_on_mastodon":{"url":"https:\/\/pubeurope.com\/@ro\/117203101482828378","error":""},"_links":{"self":[{"href":"https:\/\/www.europesays.com\/ro\/wp-json\/wp\/v2\/posts\/285273","targetHints":{"allow":["GET"]}}],"collection":[{"href":"https:\/\/www.europesays.com\/ro\/wp-json\/wp\/v2\/posts"}],"about":[{"href":"https:\/\/www.europesays.com\/ro\/wp-json\/wp\/v2\/types\/post"}],"author":[{"embeddable":true,"href":"https:\/\/www.europesays.com\/ro\/wp-json\/wp\/v2\/users\/2"}],"replies":[{"embeddable":true,"href":"https:\/\/www.europesays.com\/ro\/wp-json\/wp\/v2\/comments?post=285273"}],"version-history":[{"count":0,"href":"https:\/\/www.europesays.com\/ro\/wp-json\/wp\/v2\/posts\/285273\/revisions"}],"wp:featuredmedia":[{"embeddable":true,"href":"https:\/\/www.europesays.com\/ro\/wp-json\/wp\/v2\/media\/285274"}],"wp:attachment":[{"href":"https:\/\/www.europesays.com\/ro\/wp-json\/wp\/v2\/media?parent=285273"}],"wp:term":[{"taxonomy":"category","embeddable":true,"href":"https:\/\/www.europesays.com\/ro\/wp-json\/wp\/v2\/categories?post=285273"},{"taxonomy":"post_tag","embeddable":true,"href":"https:\/\/www.europesays.com\/ro\/wp-json\/wp\/v2\/tags?post=285273"}],"curies":[{"name":"wp","href":"https:\/\/api.w.org\/{rel}","templated":true}]}}