{"id":285303,"date":"2026-09-02T19:47:11","date_gmt":"2026-09-02T19:47:11","guid":{"rendered":"https:\/\/www.europesays.com\/ro\/285303\/"},"modified":"2026-09-02T19:47:11","modified_gmt":"2026-09-02T19:47:11","slug":"a-spus-da-pentru-transfer-trabzonspor-pregateste-lovitura-pe-final-de-mercato-dupa-ce-i-a-adus-pe-fabinho-si-pe-salah","status":"publish","type":"post","link":"https:\/\/www.europesays.com\/ro\/285303\/","title":{"rendered":"A spus \u201dDA\u201d pentru transfer! Trabzonspor preg\u0103te\u0219te lovitura pe final de mercato, dup\u0103 ce i-a adus pe Fabinho \u0219i pe Salah"},"content":{"rendered":"\n<ul class=\"bullets\">\n<li>\n<p>Cupa Rom\u00e2niei: Poli Timi\u0219oara &#8211; Rapid, joi, 20:30, DGS 1<\/p>\n<\/li>\n<li>\n<p>Cupa Rom\u00e2niei: Bac\u0103u &#8211; Universitatea Craiova, joi, 17:30, DGS 1<\/p>\n<\/li>\n<\/ul>\n<p>Richarlison este urm\u0103torul star pe care clubul la care Denis Dr\u0103gu\u0219 \u00eenc\u0103 este legitimat vrea s\u0103-l transfere pe final de mercato.<\/p>\n<p>Richarlison \u0219i-a dat acordul pentru mutarea la Trabzonspor<\/p>\n<p>Atacantul brazilian a decis s\u0103 plece de la Tottenham, unde are \u0219anse mici s\u0103 fie titular, \u0219i a ajuns la un acord cu Trabzonspor, scrie jurnalistul <a href=\"https:\/\/x.com\/FabrizioRomano\/status\/2095190407894204466\" target=\"_blank\" rel=\"noopener nofollow\" data-skip-linkfix=\"1\">Fabrizio Romano<\/a>.<\/p>\n<p>Italianul noteaz\u0103 c\u0103 Trabzonspor i-a propus lui Richarlison un salariu de trei ori mai mare dec\u00e2t cel pe care brazilianul \u00eel are la Tottenham \u0219i atacantul a acceptat f\u0103r\u0103 s\u0103 stea prea mult pe g\u00e2nduri.<\/p>\n<ul>\n<li>3 milioane de euro net pe an este salariul lui Richarlison la Tottenham<\/li>\n<li>58 de milioane de euro a pl\u0103tit Tottenham pentru a-l cump\u0103ra pe Richarlison de la Everton, \u00een 2022<\/li>\n<\/ul>\n<p>  <img decoding=\"async\" data-skip-htmlfix=\"1\" src=\"https:\/\/www.europesays.com\/ro\/wp-content\/uploads\/2026\/09\/YmVkOTkzYjg2ZmI3NjkyYmIzNjdhZTRiOWRi.thumb.jpg\" alt=\"Screenshot 2025-04-13 133017\"\/>   Richarlison \/ Foto: Getty Images  <\/p>\n<p>Tottenham, \u00een schimb, nu a acceptat primele dou\u0103 oferte f\u0103cute de Trabzonspor pentru transferul lui Richarlison. Turcii au propus 17,5 milioane de euro \u00een prim\u0103 instan\u021b\u0103 \u0219i, dup\u0103 ce au fost refuza\u021bi, au m\u0103rit oferta la 23 de milioane de euro, dar r\u0103spunsul lui Tottenham a fost acela\u0219i.<\/p>\n<p>Trabzonspor va reveni, \u00eens\u0103, cu o a treia ofert\u0103 pentru Richarlison, scrie sursa citat\u0103 anterior, pentru c\u0103 \u00eel consider\u0103 pe brazilian prioritatea pentru finalul perioadei de mercato.<\/p>\n<p>Trabzonspor \u00eencearc\u0103 de ceva timp s\u0103 aduc\u0103 un atacant central cu nume, iar prima variant\u0103 a fost Darwin Nunez. Transferul nu s-a materializat \u0219i uruguayanul a ajuns de la Al-Hilal la Al-Diriyah, sub form\u0103 de \u00eemprumut, iar Trabzonspor s-a reorientat c\u0103tre Richarlison.<\/p>\n<p>Denis Dr\u0103gu\u0219 \u00ee\u0219i negociaz\u0103 transferul de la Trabzonspor<\/p>\n<p>Eventualul transfer al lui Richarlison nu schimb\u0103 cu nimic situa\u021bia lui Denis Dr\u0103gu\u0219, care oricum nu intra \u00een planurile celor de la Trabzonspor. Echipa din Turcia are deja, \u00eenainte de posibila aducere a lui Richarlison, mai mul\u021bi juc\u0103tori str\u0103ini \u00een lot dec\u00e2t permite regulamentul, iar unul dintre juc\u0103torii sco\u0219i de pe liste pentru a le face loc stranierilor este Denis Dr\u0103gu\u0219.<\/p>\n<p>Atacantul rom\u00e2n va pleca, foarte probabil, de la Trabzonspor \u0219i acum cea mai probabil\u0103 destina\u021bie este Levski Sofia, campioana Bulgariei.<\/p>\n<p>FCSB a insistat toat\u0103 vara pentru a-l transfera pe Denis Dr\u0103gu\u0219 \u0219i p\u0103rea c\u0103 mutarea are \u0219anse s\u0103 se materializeze, dar totul a fost dat peste cap de apari\u021bia interesului celor de la Levski Sofia.<\/p>\n<p>Denis Dr\u0103gu\u0219 ar prefera trecerea la campioana Bulgariei, echip\u0103 calificat\u0103 \u00een faza ligii din Europa League. Totu\u0219i, pentru a putea juca la Levski \u00een cupele europene, Denis Dr\u0103gu\u0219 trebuie s\u0103 semneze miercuri cu echipa din Sofia.<\/p>\n<p>Termenul limit\u0103 pentru trimiterea lotului pentru Europa League la UEFA este 2 septembrie, ora 23:59.<\/p>\n<p>  Etichete:  <a href=\"https:\/\/www.digisport.ro\/eticheta\/tottenham\" rel=\"nofollow noopener\" target=\"_blank\">tottenham<\/a> , <a href=\"https:\/\/www.digisport.ro\/eticheta\/trabzonspor\" rel=\"nofollow noopener\" target=\"_blank\">trabzonspor<\/a> , <a href=\"https:\/\/www.digisport.ro\/eticheta\/richarlison\" rel=\"nofollow noopener\" target=\"_blank\">richarlison<\/a>   <\/p>\n<p>Urm\u0103re\u0219te \u0219tirile digisport.ro \u0219i pe <a href=\"https:\/\/news.google.com\/publications\/CAAiENr1L9HFNMG5hpp5zTfVtpsqFAgKIhDa9S_RxTTBuYaaec031bab?ceid=RO:ro&amp;oc=3\" target=\"_blank\" rel=\"external nofollow noopener\">Google News<\/a><\/p>\n<p>   Noua Aplica\u0163ie Digi Sport poate fi desc\u0103rcat\u0103 din   <\/p>\n","protected":false},"excerpt":{"rendered":"Cupa Rom\u00e2niei: Poli Timi\u0219oara &#8211; Rapid, joi, 20:30, DGS 1 Cupa Rom\u00e2niei: Bac\u0103u &#8211; Universitatea Craiova, joi, 17:30,&hellip;\n","protected":false},"author":2,"featured_media":285304,"comment_status":"","ping_status":"","sticky":false,"template":"","format":"standard","meta":{"footnotes":"","_share_on_mastodon":"0"},"categories":[20],"tags":[78567,41,40,38,39,185,184,4625,16217],"class_list":["post-285303","post","type-post","status-publish","format-standard","has-post-thumbnail","category-sport","tag-richarlison","tag-ro","tag-romana","tag-romania","tag-romanian","tag-sport","tag-sports","tag-tottenham","tag-trabzonspor"],"share_on_mastodon":{"url":"https:\/\/pubeurope.com\/@ro\/117203176757918219","error":""},"_links":{"self":[{"href":"https:\/\/www.europesays.com\/ro\/wp-json\/wp\/v2\/posts\/285303","targetHints":{"allow":["GET"]}}],"collection":[{"href":"https:\/\/www.europesays.com\/ro\/wp-json\/wp\/v2\/posts"}],"about":[{"href":"https:\/\/www.europesays.com\/ro\/wp-json\/wp\/v2\/types\/post"}],"author":[{"embeddable":true,"href":"https:\/\/www.europesays.com\/ro\/wp-json\/wp\/v2\/users\/2"}],"replies":[{"embeddable":true,"href":"https:\/\/www.europesays.com\/ro\/wp-json\/wp\/v2\/comments?post=285303"}],"version-history":[{"count":0,"href":"https:\/\/www.europesays.com\/ro\/wp-json\/wp\/v2\/posts\/285303\/revisions"}],"wp:featuredmedia":[{"embeddable":true,"href":"https:\/\/www.europesays.com\/ro\/wp-json\/wp\/v2\/media\/285304"}],"wp:attachment":[{"href":"https:\/\/www.europesays.com\/ro\/wp-json\/wp\/v2\/media?parent=285303"}],"wp:term":[{"taxonomy":"category","embeddable":true,"href":"https:\/\/www.europesays.com\/ro\/wp-json\/wp\/v2\/categories?post=285303"},{"taxonomy":"post_tag","embeddable":true,"href":"https:\/\/www.europesays.com\/ro\/wp-json\/wp\/v2\/tags?post=285303"}],"curies":[{"name":"wp","href":"https:\/\/api.w.org\/{rel}","templated":true}]}}