{"id":285335,"date":"2026-09-02T20:12:11","date_gmt":"2026-09-02T20:12:11","guid":{"rendered":"https:\/\/www.europesays.com\/ro\/285335\/"},"modified":"2026-09-02T20:12:11","modified_gmt":"2026-09-02T20:12:11","slug":"tensiunile-cresc-intre-doua-tari-nato-erdogan-cere-greciei-sa-opreasca-inarmarea-insulelor-din-marea-egee","status":"publish","type":"post","link":"https:\/\/www.europesays.com\/ro\/285335\/","title":{"rendered":"Tensiunile cresc \u00eentre dou\u0103 \u021b\u0103ri NATO. Erdogan cere Greciei s\u0103 opreasc\u0103 \u00eenarmarea insulelor din Marea Egee"},"content":{"rendered":"<p>\t    <img loading=\"lazy\" decoding=\"async\" class=\"mg-x-auto\" width=\"30\" height=\"30\" src=\"https:\/\/www.europesays.com\/ro\/wp-content\/uploads\/2026\/09\/1788379931_759_google-g-w.png\" alt=\"\"\/>\t\t\t    <\/p>\n<p class=\"isSelectedEnd\" id=\"p-0\">Declara\u021biile readuc \u00een prim-plan una dintre cele mai sensibile dispute dintre cele dou\u0103 state membre NATO, potrivit publica\u021biei <a href=\"https:\/\/greekreporter.com\/2026\/09\/02\/aegean-islands-militarization-erdogan-warning\/\" target=\"_blank\" rel=\"noopener nofollow\">Greek Reporter<\/a>.<\/p>\n<p class=\"isSelectedEnd\" id=\"p-1\">Erdogan a f\u0103cut declara\u021biile miercuri, \u00een fa\u021ba jurnali\u0219tilor afla\u021bi la bordul avionului preziden\u021bial, \u00een timpul \u00eentoarcerii de la Bi\u0219kek, K\u00e2rg\u00e2zstan, unde participase la un summit al Organiza\u021biei de Cooperare de la Shanghai.<\/p>\n<p class=\"isSelectedEnd\" id=\"p-2\">\u00centrebat cum va reac\u021biona Turcia \u00een cazul \u00een care Grecia continu\u0103 s\u0103-\u0219i consolideze prezen\u021ba militar\u0103 pe insule, liderul de la Ankara a r\u0103spuns c\u0103 \u021bara sa va face \u201eceea ce este necesar\u201d.<\/p>\n<p class=\"isSelectedEnd\" id=\"p-3\">Erdogan a cerut Atenei s\u0103 renun\u021be la ceea ce el a descris drept un \u201edrum gre\u0219it\u201d \u0219i s\u0103 \u00eenceteze \u00eenarmarea insulelor despre care Turcia sus\u021bine c\u0103 au statut demilitarizat. Pre\u0219edintele turc a invocat \u0219i lec\u021biile istoriei \u00een mesajul adresat Greciei.<\/p>\n<p>Erdogan: Turcia nu are preten\u021bii asupra teritoriului altor state<\/p>\n<p class=\"isSelectedEnd\" id=\"p-4\">\u00cen acela\u0219i timp, liderul turc a sus\u021binut c\u0103 Ankara dore\u0219te dezvoltarea rela\u021biilor cu Grecia pe baza principiilor bunei vecin\u0103t\u0103\u021bi, dar a acuzat Atena c\u0103 nu a r\u0103spuns \u00eentotdeauna ini\u021biativelor Turciei.<\/p>\n<p class=\"isSelectedEnd\" id=\"p-5\">Erdogan a afirmat c\u0103 \u021bara sa nu urm\u0103re\u0219te s\u0103 ob\u021bin\u0103 teritorii apar\u021bin\u00e2nd Greciei sau altui stat, dar a avertizat c\u0103 Ankara nu va accepta ceea ce consider\u0103 a fi \u00eenc\u0103lc\u0103ri ale propriilor drepturi.<\/p>\n<p class=\"isSelectedEnd\" id=\"p-6\">\u201eOricine interpreteaz\u0103 abordarea calm\u0103 \u0219i rezonabil\u0103 a Turciei drept sl\u0103biciune face o mare gre\u0219eal\u0103\u201d, a declarat pre\u0219edintele turc.<\/p>\n<p>Atena respinge interpretarea Ankarei<\/p>\n<p class=\"isSelectedEnd\" id=\"p-7\">Disputa privind statutul militar al insulelor din Marea Egee dureaz\u0103 de mai multe decenii.<\/p>\n<p class=\"isSelectedEnd\" id=\"p-8\">Turcia invoc\u0103 prevederi ale Tratatului de la Lausanne din 1923 \u0219i ale Tratatului de Pace de la Paris din 1947 pentru a contesta prezen\u021ba militar\u0103 pe mai multe insule grece\u0219ti din estul M\u0103rii Egee \u0219i din Dodecanez.<\/p>\n<p class=\"isSelectedEnd\" id=\"p-9\">Grecia respinge interpretarea Ankarei \u0219i sus\u021bine c\u0103 suveranitatea sa asupra insulelor \u0219i statutul juridic al acestora sunt stabilite f\u0103r\u0103 echivoc prin tratatele interna\u021bionale.<\/p>\n<p class=\"isSelectedEnd\" id=\"p-10\">\u00cen cazul insulelor Lesbos, Chios, Samos \u0219i Ikaria, Atena afirm\u0103 c\u0103 Tratatul de la Lausanne nu prevede o demilitarizare complet\u0103, ci anumite restric\u021bii privind bazele navale \u0219i fortifica\u021biile, f\u0103r\u0103 s\u0103 \u00eempiedice men\u021binerea unor for\u021be militare regulate, de poli\u021bie \u0219i jandarmerie.<\/p>\n<p class=\"isSelectedEnd\" id=\"p-11\">Grecia sus\u021bine, de asemenea, c\u0103 prevederile anterioare referitoare la Limnos \u0219i Samothrace au fost \u00eenlocuite prin Conven\u021bia de la Montreux din 1936.<\/p>\n<p class=\"isSelectedEnd\" id=\"p-12\">\u00cen privin\u021ba insulelor Dodecanez, pozi\u021bia Atenei este c\u0103 Turcia nu a fost parte la Tratatul de Pace de la Paris din 1947 \u0219i, prin urmare, nu poate invoca prevederile acestuia.<\/p>\n<p>Grecia invoc\u0103 dreptul la autoap\u0103rare<\/p>\n<p class=\"isSelectedEnd\" id=\"p-13\">Guvernul elen justific\u0103 men\u021binerea for\u021belor defensive pe insule inclusiv prin prezen\u021ba militar\u0103 turc\u0103 de pe coasta apropiat\u0103, prin amenin\u021barea Ankarei cu r\u0103zboiul \u00een cazul extinderii apelor teritoriale grece\u0219ti \u00een Marea Egee \u0219i prin dreptul la autoap\u0103rare prev\u0103zut de articolul 51 al Cartei ONU.<\/p>\n<p class=\"isSelectedEnd\" id=\"p-14\">\u00cen martie 2026, Ministerul grec de Externe a calificat drept \u201enefondate\u201d solicit\u0103rile Turciei privind demilitarizarea \u0219i a transmis c\u0103 postura defensiv\u0103 a \u021b\u0103rii nu este negociabil\u0103.<\/p>\n<p id=\"p-15\">Noile declara\u021bii ale lui Erdogan readuc astfel \u00een aten\u021bie un diferend vechi \u00eentre Grecia \u0219i Turcia, \u00een pofida dialogului diplomatic pe care cele dou\u0103 state NATO l-au men\u021binut \u00een ultimii ani.<\/p>\n","protected":false},"excerpt":{"rendered":"Declara\u021biile readuc \u00een prim-plan una dintre cele mai sensibile dispute dintre cele dou\u0103 state membre NATO, potrivit publica\u021biei&hellip;\n","protected":false},"author":2,"featured_media":285336,"comment_status":"","ping_status":"","sticky":false,"template":"","format":"standard","meta":{"footnotes":"","_share_on_mastodon":"0"},"categories":[12],"tags":[9071,10861,32,33,31,78569,9280,36,37,449,27,78570,74,34,35,17247,47391,44,25,2848,41,40,38,39,26,28,29,30,56,71,72,73],"class_list":["post-285335","post","type-post","status-publish","format-standard","has-post-thumbnail","category-international","tag-ankara","tag-atena","tag-breaking-news","tag-breakingnews","tag-cele-mai-populare-subiecte","tag-demilitarizare","tag-erdogan","tag-featured-news","tag-featurednews","tag-grecia","tag-headlines","tag-insulele-grecesti","tag-international","tag-latest-news","tag-latestnews","tag-marea-egee","tag-militarizare","tag-nato","tag-news","tag-recep-tayyip-erdogan","tag-ro","tag-romana","tag-romania","tag-romanian","tag-stiri","tag-titluri","tag-top-stories","tag-topstories","tag-turcia","tag-world","tag-world-news","tag-worldnews"],"share_on_mastodon":{"url":"https:\/\/pubeurope.com\/@ro\/117203274933914436","error":""},"_links":{"self":[{"href":"https:\/\/www.europesays.com\/ro\/wp-json\/wp\/v2\/posts\/285335","targetHints":{"allow":["GET"]}}],"collection":[{"href":"https:\/\/www.europesays.com\/ro\/wp-json\/wp\/v2\/posts"}],"about":[{"href":"https:\/\/www.europesays.com\/ro\/wp-json\/wp\/v2\/types\/post"}],"author":[{"embeddable":true,"href":"https:\/\/www.europesays.com\/ro\/wp-json\/wp\/v2\/users\/2"}],"replies":[{"embeddable":true,"href":"https:\/\/www.europesays.com\/ro\/wp-json\/wp\/v2\/comments?post=285335"}],"version-history":[{"count":0,"href":"https:\/\/www.europesays.com\/ro\/wp-json\/wp\/v2\/posts\/285335\/revisions"}],"wp:featuredmedia":[{"embeddable":true,"href":"https:\/\/www.europesays.com\/ro\/wp-json\/wp\/v2\/media\/285336"}],"wp:attachment":[{"href":"https:\/\/www.europesays.com\/ro\/wp-json\/wp\/v2\/media?parent=285335"}],"wp:term":[{"taxonomy":"category","embeddable":true,"href":"https:\/\/www.europesays.com\/ro\/wp-json\/wp\/v2\/categories?post=285335"},{"taxonomy":"post_tag","embeddable":true,"href":"https:\/\/www.europesays.com\/ro\/wp-json\/wp\/v2\/tags?post=285335"}],"curies":[{"name":"wp","href":"https:\/\/api.w.org\/{rel}","templated":true}]}}