{"id":285359,"date":"2026-09-02T20:29:11","date_gmt":"2026-09-02T20:29:11","guid":{"rendered":"https:\/\/www.europesays.com\/ro\/285359\/"},"modified":"2026-09-02T20:29:11","modified_gmt":"2026-09-02T20:29:11","slug":"italienii-au-tras-rapid-concluzia-despre-daniel-birligea-dupa-ce-a-fost-prima-data-titular-la-frosinone","status":"publish","type":"post","link":"https:\/\/www.europesays.com\/ro\/285359\/","title":{"rendered":"Italienii au tras rapid concluzia despre Daniel B\u00eerligea, dup\u0103 ce a fost prima dat\u0103 titular la Frosinone"},"content":{"rendered":"\n<ul class=\"bullets\">\n<li>\n<p>Cupa Rom\u00e2niei: Poli Timi\u0219oara &#8211; Rapid, joi, 20:30, DGS 1<\/p>\n<\/li>\n<li>\n<p>Cupa Rom\u00e2niei: Bac\u0103u &#8211; Universitatea Craiova, joi, 17:30, DGS 1<\/p>\n<\/li>\n<\/ul>\n<p>Pe 29 august, la 3-0 cu Fiorentina,\u00a0<a href=\"https:\/\/www.digisport.ro\/fotbal\/serie-a\/gazzetta-dello-sport-a-tras-concluzia-dupa-ce-daniel-birligea-a-debutat-la-frosinone-4458743\" target=\"_blank\" rel=\"noopener nofollow\" data-skip-linkfix=\"1\">a intrat pe final de joc<\/a> \u0219i nu a apucat s\u0103 ias\u0103 cu nimic \u00een eviden\u021b\u0103, iar acum i-a venit r\u00e2ndul s\u0103 fie titular.<\/p>\n<p>Italienii au tras concluziile despre Daniel B\u00eerligea: \u201dS-a mi\u0219cat ca un adev\u0103rat atacant central, periculos, dar nu letal\u201d<\/p>\n<p>Daniel B\u00eerligea a fost folosit timp de 63 de minute, dup\u0103 care s-a v\u0103zut \u00eenlocuit cu Bobcek. \u00cen minutul 56, atacantul a avut un gol anulat din cauza unui ofsaid, iar italienii au tras imediat concluziile.<\/p>\n<p>Jurnali\u0219tii de la <a href=\"https:\/\/www.tuttomercatoweb.com\/serie-a\/sassuolo-frosinone-1-1-dcr-pagelle-fini-indomabile-2269658\" target=\"_blank\" rel=\"noopener nofollow\" data-skip-linkfix=\"1\">Tuttomercatoweb<\/a> s-au ar\u0103tat mul\u021bumi\u021bi de presta\u021bia lui B\u00eerligea, dar au considerat c\u0103 atacantul rom\u00e2n a fost doar \u201dpericulos\u201d \u0219i nu \u201dletal\u201d pentru Frosinone.<\/p>\n<p>\u201dS-a mi\u0219cat ca un adev\u0103rat atacant central, atac\u00e2nd adesea \u00een profunzime. Periculos, dar nu letal, prea altruist \u00een \u00eencercarea de a-i pasa lui Zerbin, c\u00e2nd se afla \u00eentr-o pozi\u021bie bun\u0103\u201d, a relatat sursa citat\u0103 anterior.<\/p>\n<p>  <img decoding=\"async\" data-skip-htmlfix=\"1\" src=\"https:\/\/www.europesays.com\/ro\/wp-content\/uploads\/2026\/09\/Jnc9NTkwJmhhc2g9MmE2MWFkZThkNGJmZmJhYjUzOTQ0ODBmZTBlOGQ0Y2U=.thumb.jpg\" alt=\"Sassuolo vs Frosinone - Italian Cup A Frecciarossa 2026\/2027, Reggio Emilia, Italy - 02 Sep 2026\"\/>   Daniel B\u00eerligea, \u00een st\u00e2nga \/ Foto: Profimedia  <\/p>\n<p>Pentru Frosinone urmeaz\u0103 un duel \u00een Serie A pe teren propriu cu Venezia, pe 6 septembrie, ora 16:00, care va putea fi urm\u0103rit \u00een direct la Digi Sport 4, dar \u0219i pe site-ul digisport.ro \u0219i \u00een <a href=\"https:\/\/www.digisport.ro\/app\" target=\"_blank\" rel=\"noopener nofollow\" data-skip-linkfix=\"1\">aplica\u021bia Digi Sport<\/a>, de c\u0103tre abona\u021bii Digi Rom\u00e2nia.<\/p>\n<ul>\n<li>Dominguez a deschis scorul pentru Sassuolo \u00een minutul 35, ca Terzic s\u0103 egaleze \u00een minutul 45+2. Sassuolo s-a impus la loviturile de departajare (4-3), dup\u0103 1-1 \u00een timpul regulamentar.<\/li>\n<\/ul>\n<p>Daniel B\u00eerligea a avut un gol anulat pentru Frosinone \u00een Cupa Italiei<\/p>\n<p>Lansat perpendicular pe poart\u0103 de o manier\u0103 excelent\u0103, deoarece nici nu a avut nevoie de preluare, atacantul a \u0219utat puternic pe jos, la col\u021bul scurt, \u0219i l-a \u00eenvins pe Turati.<\/p>\n<p>Din nefericire pentru Daniel B\u00eerligea \u0219i echipa sa, s-a aflat \u00een pozi\u021bie \u00een afara jocului \u00een momentul \u00een care colegul \u00eei d\u0103duse pasa, astfel c\u0103 tabela a r\u0103mas cu 1-1.<\/p>\n<p>Galerie Foto<\/p>\n<p>\u00a0<\/p>\n<p>  Etichete:  <a href=\"https:\/\/www.digisport.ro\/eticheta\/cupa-italiei\" rel=\"nofollow noopener\" target=\"_blank\">cupa italiei<\/a> , <a href=\"https:\/\/www.digisport.ro\/eticheta\/frosinone\" rel=\"nofollow noopener\" target=\"_blank\">frosinone<\/a> , <a href=\"https:\/\/www.digisport.ro\/eticheta\/daniel-birligea\" rel=\"nofollow noopener\" target=\"_blank\">daniel birligea<\/a>   <\/p>\n<p>Urm\u0103re\u0219te \u0219tirile digisport.ro \u0219i pe <a href=\"https:\/\/news.google.com\/publications\/CAAiENr1L9HFNMG5hpp5zTfVtpsqFAgKIhDa9S_RxTTBuYaaec031bab?ceid=RO:ro&amp;oc=3\" target=\"_blank\" rel=\"external nofollow noopener\">Google News<\/a><\/p>\n<p>   Noua Aplica\u0163ie Digi Sport poate fi desc\u0103rcat\u0103 din   <\/p>\n","protected":false},"excerpt":{"rendered":"Cupa Rom\u00e2niei: Poli Timi\u0219oara &#8211; Rapid, joi, 20:30, DGS 1 Cupa Rom\u00e2niei: Bac\u0103u &#8211; Universitatea Craiova, joi, 17:30,&hellip;\n","protected":false},"author":2,"featured_media":285360,"comment_status":"","ping_status":"","sticky":false,"template":"","format":"standard","meta":{"footnotes":"","_share_on_mastodon":"0"},"categories":[20],"tags":[22051,1581,49907,41,40,38,39,185,184],"class_list":["post-285359","post","type-post","status-publish","format-standard","has-post-thumbnail","category-sport","tag-cupa-italiei","tag-daniel-birligea","tag-frosinone","tag-ro","tag-romana","tag-romania","tag-romanian","tag-sport","tag-sports"],"share_on_mastodon":{"url":"https:\/\/pubeurope.com\/@ro\/117203341786884177","error":""},"_links":{"self":[{"href":"https:\/\/www.europesays.com\/ro\/wp-json\/wp\/v2\/posts\/285359","targetHints":{"allow":["GET"]}}],"collection":[{"href":"https:\/\/www.europesays.com\/ro\/wp-json\/wp\/v2\/posts"}],"about":[{"href":"https:\/\/www.europesays.com\/ro\/wp-json\/wp\/v2\/types\/post"}],"author":[{"embeddable":true,"href":"https:\/\/www.europesays.com\/ro\/wp-json\/wp\/v2\/users\/2"}],"replies":[{"embeddable":true,"href":"https:\/\/www.europesays.com\/ro\/wp-json\/wp\/v2\/comments?post=285359"}],"version-history":[{"count":0,"href":"https:\/\/www.europesays.com\/ro\/wp-json\/wp\/v2\/posts\/285359\/revisions"}],"wp:featuredmedia":[{"embeddable":true,"href":"https:\/\/www.europesays.com\/ro\/wp-json\/wp\/v2\/media\/285360"}],"wp:attachment":[{"href":"https:\/\/www.europesays.com\/ro\/wp-json\/wp\/v2\/media?parent=285359"}],"wp:term":[{"taxonomy":"category","embeddable":true,"href":"https:\/\/www.europesays.com\/ro\/wp-json\/wp\/v2\/categories?post=285359"},{"taxonomy":"post_tag","embeddable":true,"href":"https:\/\/www.europesays.com\/ro\/wp-json\/wp\/v2\/tags?post=285359"}],"curies":[{"name":"wp","href":"https:\/\/api.w.org\/{rel}","templated":true}]}}