{"id":285453,"date":"2026-09-02T21:46:14","date_gmt":"2026-09-02T21:46:14","guid":{"rendered":"https:\/\/www.europesays.com\/ro\/285453\/"},"modified":"2026-09-02T21:46:14","modified_gmt":"2026-09-02T21:46:14","slug":"inca-o-plecare-de-la-rapid-daniel-pancu-a-facut-anuntul-nu-avea-sanse-aici","status":"publish","type":"post","link":"https:\/\/www.europesays.com\/ro\/285453\/","title":{"rendered":"\u00cenc\u0103 o plecare de la Rapid.\u00a0Daniel Pancu a f\u0103cut anun\u021bul:\u00a0\u201eNu avea \u0219anse aici\u201d"},"content":{"rendered":"<ul class=\"bullets\">&#13;<\/p>\n<li>Daniel Pancu (49 de ani), antrenorul celor de la Rapid, a anun\u021bat c\u0103 giule\u0219tenii s-au desp\u0103r\u021bit de extrema dreapt\u0103 Omar El Sawy (22 de ani).<\/li>\n<p>&#13;\n<\/ul>\n<p><a id=\"google-source-button\" class=\"google-favorite\" target=\"_blank\" href=\"https:\/\/www.google.com\/preferences\/source?q=golazo.ro\" rel=\"nofollow noopener\"><\/p>\n<p>        <img loading=\"lazy\" decoding=\"async\" src=\"https:\/\/golazo.ro\/images\/google-logo.svg\" alt=\"\" width=\"24\" height=\"24\"\/><br \/>\n        <img loading=\"lazy\" decoding=\"async\" src=\"https:\/\/golazo.ro\/images\/check-icon-2.svg\" alt=\"\" width=\"24\" height=\"24\"\/><\/p>\n<p>    Adaug\u0103 GOLAZO.ro la favorite<\/p>\n<p><\/a><\/p>\n<p class=\"\">Revenit \u00een aceast\u0103 var\u0103 la forma\u021bia din Giule\u0219ti, dup\u0103 \u00eemprumutul la U Cluj, Omar El Sawy a fost din nou cedat de Rapid.<\/p>\n<p>22:30 Omar El Sawy a fost prezentat la UTA Arad<\/p>\n<p class=\"\">Miercuri sear\u0103, Rapid a anun\u021bat c\u0103 l-a \u00eemprumutat pe Omar El Sawy la UTA Arad p\u00e2n\u0103 la finalul sezonului. Fotbalistul a fost deja prezentat la noua sa echip\u0103.<\/p>\n<p class=\"\">\u0218tirea ini\u021bial\u0103<\/p>\n<p>Daniel Pancu a anun\u021bat plecarea lui Omar El Sawy<\/p>\n<p class=\"\">\u00cen cadrul conferin\u021bei premerg\u0103toare meciului cu Poli Timi\u0219oara, din grupele Cupei Rom\u00e2niei, Daniel Pancu a fost \u00eentrebat dac\u0103 Rapid e interesat\u0103 de transferul lui Meriton Korenica, juc\u0103tor dorit de FCSB.<\/p>\n<p class=\"\">\u201eAvem at\u00e2t de mul\u021bi juc\u0103tori \u00een pozi\u021biile astea \u00eenc\u00e2t am mai \u0219i dat. Ast\u0103zi (n.r. miercuri) a plecat \u0219i Omar (El Sawy) de la noi, un juc\u0103tor pe care eu \u00eel apreciez foarte mult. Nu avea \u0219anse, nu avea spa\u021biu aici. <\/p>\n<p class=\"\">Suntem foarte mul\u021bi \u00een zona asta de extreme. Korenica este un juc\u0103tor fantastic\u201d, a declarat Daniel Pancu la conferin\u021ba de pres\u0103.<\/p>\n<p>550.000 de euro<\/p>\n<p>este cota de pia\u021b\u0103 a lui Omar El Sawy, conform Transfermarkt<\/p>\n<p class=\"\">Pancu a mai fost \u00eentrebat dac\u0103 Korenica va face fa\u021b\u0103 la criticile patronului Gigi Becali, \u00een cazul unui transfer la FCSB:<\/p>\n<p class=\"\">\u201eNu \u00een\u021belege ce spune patronul, face fa\u021b\u0103 oriunde. E un juc\u0103tor foarte bun\u201d, a mai ad\u0103ugat antrenorul Rapidului.<\/p>\n<p class=\"\">Omar El Sawy a fost cump\u0103rat de Rapid \u00een vara anului 2023 de la Csikszereda, \u00een schimbul sumei de 400.000 de euro.<\/p>\n<p class=\"\">Dup\u0103 doar un sezon, juc\u0103torul rom\u00e2n a fost \u00eemprumutat la Sepsi timp de un sezon. S-a \u00eentors \u00een Giule\u0219ti \u00een iunie 2025, dar dup\u0103 doar trei luni a fost cedat temporar la U Cluj.<\/p>\n<p class=\"\">Dup\u0103 un alt sezon \u00een care a fost \u00eemprumutat, El Sawy s-a \u00eentors la Rapid vara aceasta, dar clubul l-a cedat din nou. Pancu nu a dezv\u0103luit numele echipei la care va juca El Sawy.<\/p>\n<p>5 meciuri<\/p>\n<p>a jucat Omar El Sawy \u00een acest sezon pentru Rapid. A oferit o pas\u0103 decisiv\u0103 \u00een cele 74 de minute jucate, \u00een total<\/p>\n<p class=\"\">Cifrele lui Omar El Sawy:<\/p>\n<ul class=\"\">&#13;<\/p>\n<li>U Cluj: 26 de meciuri, 1 gol, 3 pase decisive<\/li>\n<p>&#13;<br \/>\n&#13;<\/p>\n<li>Sepsi: 24 meciuri, 6 goluri, 2 pase decisive<\/li>\n<p>&#13;<br \/>\n&#13;<\/p>\n<li>Csikszereda: 21 meciuri, 1 gol<\/li>\n<p>&#13;<br \/>\n&#13;<\/p>\n<li>Rapid: 17 meciuri, 2 pase decisive<\/li>\n<p>&#13;\n<\/ul>\n<p>Cite\u0219te \u0219i<\/p>\n<p>VIDEO: cele mai noi imagini din sport<\/p>\n","protected":false},"excerpt":{"rendered":"&#13; Daniel Pancu (49 de ani), antrenorul celor de la Rapid, a anun\u021bat c\u0103 giule\u0219tenii s-au desp\u0103r\u021bit de&hellip;\n","protected":false},"author":2,"featured_media":285454,"comment_status":"","ping_status":"","sticky":false,"template":"","format":"standard","meta":{"footnotes":"","_share_on_mastodon":"0"},"categories":[20],"tags":[1984,4842,51,47845,189,41,40,38,39,185,184],"class_list":["post-285453","post","type-post","status-publish","format-standard","has-post-thumbnail","category-sport","tag-daniel-pancu","tag-despartire","tag-liga-1","tag-omar-el-sawy","tag-rapid","tag-ro","tag-romana","tag-romania","tag-romanian","tag-sport","tag-sports"],"share_on_mastodon":{"url":"https:\/\/pubeurope.com\/@ro\/117203644628393756","error":""},"_links":{"self":[{"href":"https:\/\/www.europesays.com\/ro\/wp-json\/wp\/v2\/posts\/285453","targetHints":{"allow":["GET"]}}],"collection":[{"href":"https:\/\/www.europesays.com\/ro\/wp-json\/wp\/v2\/posts"}],"about":[{"href":"https:\/\/www.europesays.com\/ro\/wp-json\/wp\/v2\/types\/post"}],"author":[{"embeddable":true,"href":"https:\/\/www.europesays.com\/ro\/wp-json\/wp\/v2\/users\/2"}],"replies":[{"embeddable":true,"href":"https:\/\/www.europesays.com\/ro\/wp-json\/wp\/v2\/comments?post=285453"}],"version-history":[{"count":0,"href":"https:\/\/www.europesays.com\/ro\/wp-json\/wp\/v2\/posts\/285453\/revisions"}],"wp:featuredmedia":[{"embeddable":true,"href":"https:\/\/www.europesays.com\/ro\/wp-json\/wp\/v2\/media\/285454"}],"wp:attachment":[{"href":"https:\/\/www.europesays.com\/ro\/wp-json\/wp\/v2\/media?parent=285453"}],"wp:term":[{"taxonomy":"category","embeddable":true,"href":"https:\/\/www.europesays.com\/ro\/wp-json\/wp\/v2\/categories?post=285453"},{"taxonomy":"post_tag","embeddable":true,"href":"https:\/\/www.europesays.com\/ro\/wp-json\/wp\/v2\/tags?post=285453"}],"curies":[{"name":"wp","href":"https:\/\/api.w.org\/{rel}","templated":true}]}}