{"id":285469,"date":"2026-09-02T22:00:10","date_gmt":"2026-09-02T22:00:10","guid":{"rendered":"https:\/\/www.europesays.com\/ro\/285469\/"},"modified":"2026-09-02T22:00:10","modified_gmt":"2026-09-02T22:00:10","slug":"pancu-ii-da-replica-lui-galca-asta-am-spus-de-fapt","status":"publish","type":"post","link":"https:\/\/www.europesays.com\/ro\/285469\/","title":{"rendered":"Pancu \u00eei d\u0103 replica lui G\u00e2lc\u0103: \u201eAsta am spus de fapt\u201d"},"content":{"rendered":"<p>\n            Articol de <a rel=\"author nofollow noopener\" href=\"https:\/\/www.gsp.ro\/autor\/romeo-ene-3979.html\" target=\"_blank\">Romeo Ene<\/a>            &#8211; Publicat miercuri, 02 septembrie 2026 23:22            \/ Actualizat miercuri, 02 septembrie 2026 23:32                    <\/p>\n<p>Daniel Pancu (49 de ani), antrenorul Rapidului, a sus\u021binut miercuri conferin\u021ba de pres\u0103 premerg\u0103toare meciului din deplasare cu Politehnica Timi\u0219oara, din grupele Cupei Rom\u00e2niei Betano.<\/p>\n<p class=\"do-not-hide\">\u00cen cadrul conferin\u021bei, tehnicianul giule\u0219tenilor a fost \u00eentrebat <a target=\"_self\" class=\"editor-link\" href=\"https:\/\/www.gsp.ro\/fotbal\/liga-1\/costel-galca-rapid-superliga-rezultate-declaratii-975701.html\" rel=\"nofollow noopener\">despre afirma\u021biile f\u0103cute de Costel G\u00e2lc\u0103<\/a> (54 de ani), antrenorul pe care Pancu l-a \u00eenlocuit pe banca Rapidului.<\/p>\n<p class=\"do-not-hide\">G\u00e2lc\u0103 a sus\u021binut c\u0103 Rapid nu are, \u00een acest moment, o echip\u0103 de primele trei locuri, declara\u021bie venit\u0103 dup\u0103 ce Pancu afirmase, la finalul remizei cu Universitatea Craiova, c\u0103 forma\u021bia sa se poate lupta pentru obiective importante \u00een partea superioar\u0103 a clasamentului.<\/p>\n<p>Daniel Pancu \u00ee\u0219i nuan\u021beaz\u0103 declara\u021bia: \u201eAm spus c\u0103 putem fi acolo sus\u201d<\/p>\n<p>La c\u00e2teva zile dup\u0103 discursul \u00een care a caracterizat Rapidul drept o echip\u0103 \u201etop\u201d, Pancu a explicat c\u0103 nu a sus\u021binut c\u0103 giule\u0219tenii sunt deja o forma\u021bie de primele trei locuri, ci c\u0103 au poten\u021bialul de a ajunge acolo.<\/p>\n<p>\u201eNu pot s\u0103 comentez ce a spus domnul G\u00e2lc\u0103, nici eu nu am spus c\u0103 suntem de primele 3, am spus c\u0103 putem fi acolo sus cu siguran\u021b\u0103 \u0219i ne vom bate pentru ceva important acolo sus, dar nu acum.<\/p>\n<p>\u00cenc\u0103 nu avem un sistem stabilit, un prim 11, \u00eenc\u0103 mai avem unele probleme pentru c\u0103 juc\u0103torii nu sunt la acela\u0219i nivel, nu sunt uniformiza\u021bi din punct de vedere fizic, al rela\u021biilor de joc. <\/p>\n<p>P\u00e2n\u0103 la urm\u0103 nu conteaz\u0103 lucrurile astea. Am venit aici hot\u0103r\u00e2\u021bi s\u0103 c\u00e2\u0219tig\u0103m, vom trata foarte serios adversarul\u201d, a declarat Daniel Pancu la conferin\u021ba de pres\u0103.<\/p>\n<p>Costel G\u00e2lc\u0103, fostul tehnician al Rapidului, spusese anterior c\u0103 echipa mai are nevoie de timp pentru ca noii juc\u0103tori s\u0103 se integreze.<\/p>\n<blockquote>\n<p>Am v\u0103zut c\u0103 au schimbat acum. Au adus juc\u0103tori, ceea ce e bine. Dar mai au nevoie. E important ca ei s\u0103 se bat\u0103 acolo sus. Deocamdat\u0103 nu sunt de top 3. Dar pot deveni. Dureaz\u0103 p\u00e2n\u0103 se integreaz\u0103 cei nou-veni\u021bi.<\/p>\n<p>&#8211; Costel G\u00e2lc\u0103, fostul antrenor al Rapidului<\/p>\n<\/blockquote>\n<p>Daniel Pancu, mul\u021bumit de startul Rapidului: \u201eTop, top, top, de 7 ori top!\u201d<\/p>\n<p>Dup\u0103 primele 7 etape, Rapid ocup\u0103 locul 2, cu 12 puncte. Giule\u0219tenii au \u00eenregistrat trei victorii, trei remize \u0219i un singur e\u0219ec, 0-1 cu Dinamo.<\/p>\n<p>Dup\u0103 remiza cu Universitatea Craiova, scor 1-1, Pancu s-a declarat mul\u021bumit de parcursul echipei \u0219i, \u00een special, de disponibilitatea la efort a juc\u0103torilor s\u0103i.<\/p>\n<p>\u201eSunt mul\u021bumit de primele 7 etape. Am vorbit din Austria despre succesul pe care trebuie s\u0103-l men\u021binem p\u00e2n\u0103 c\u00e2nd ne cunoa\u0219tem. De 7 etape, Rapid e top, top, top, de 7 ori top, la capitolul alergat p\u00e2n\u0103 la epuizare. Nu m\u0103 hazardez, deja am jucat meciuri foarte importante, cu echipa noastr\u0103 la jum\u0103tate din poten\u021bial\u201d, a declarat antrenorul giule\u0219tenilor.<\/p>\n","protected":false},"excerpt":{"rendered":"Articol de Romeo Ene &#8211; Publicat miercuri, 02 septembrie 2026 23:22 \/ Actualizat miercuri, 02 septembrie 2026 23:32&hellip;\n","protected":false},"author":2,"featured_media":285470,"comment_status":"","ping_status":"","sticky":false,"template":"","format":"standard","meta":{"footnotes":"","_share_on_mastodon":"0"},"categories":[20],"tags":[327,3184,1984,37006,189,1708,41,40,38,39,185,184],"class_list":["post-285469","post","type-post","status-publish","format-standard","has-post-thumbnail","category-sport","tag-costel-galca","tag-cupa-romaniei-betano","tag-daniel-pancu","tag-daniel-pancu-declaratii","tag-rapid","tag-rapid-bucuresti","tag-ro","tag-romana","tag-romania","tag-romanian","tag-sport","tag-sports"],"share_on_mastodon":{"url":"https:\/\/pubeurope.com\/@ro\/117203699188752386","error":""},"_links":{"self":[{"href":"https:\/\/www.europesays.com\/ro\/wp-json\/wp\/v2\/posts\/285469","targetHints":{"allow":["GET"]}}],"collection":[{"href":"https:\/\/www.europesays.com\/ro\/wp-json\/wp\/v2\/posts"}],"about":[{"href":"https:\/\/www.europesays.com\/ro\/wp-json\/wp\/v2\/types\/post"}],"author":[{"embeddable":true,"href":"https:\/\/www.europesays.com\/ro\/wp-json\/wp\/v2\/users\/2"}],"replies":[{"embeddable":true,"href":"https:\/\/www.europesays.com\/ro\/wp-json\/wp\/v2\/comments?post=285469"}],"version-history":[{"count":0,"href":"https:\/\/www.europesays.com\/ro\/wp-json\/wp\/v2\/posts\/285469\/revisions"}],"wp:featuredmedia":[{"embeddable":true,"href":"https:\/\/www.europesays.com\/ro\/wp-json\/wp\/v2\/media\/285470"}],"wp:attachment":[{"href":"https:\/\/www.europesays.com\/ro\/wp-json\/wp\/v2\/media?parent=285469"}],"wp:term":[{"taxonomy":"category","embeddable":true,"href":"https:\/\/www.europesays.com\/ro\/wp-json\/wp\/v2\/categories?post=285469"},{"taxonomy":"post_tag","embeddable":true,"href":"https:\/\/www.europesays.com\/ro\/wp-json\/wp\/v2\/tags?post=285469"}],"curies":[{"name":"wp","href":"https:\/\/api.w.org\/{rel}","templated":true}]}}