{"id":285533,"date":"2026-09-02T22:53:14","date_gmt":"2026-09-02T22:53:14","guid":{"rendered":"https:\/\/www.europesays.com\/ro\/285533\/"},"modified":"2026-09-02T22:53:14","modified_gmt":"2026-09-02T22:53:14","slug":"care-e-cel-mai-ieftin-oras-din-italia-pentru-pensionari","status":"publish","type":"post","link":"https:\/\/www.europesays.com\/ro\/285533\/","title":{"rendered":"Care e cel mai ieftin ora\u0219 din Italia pentru pensionari"},"content":{"rendered":"<p>\t    <img loading=\"lazy\" decoding=\"async\" class=\"mg-x-auto\" width=\"30\" height=\"30\" src=\"https:\/\/www.europesays.com\/ro\/wp-content\/uploads\/2026\/09\/1788389594_360_google-g-w.png\" alt=\"\"\/>\t\t\t    <\/p>\n<p id=\"p-0\">La 1 ianuarie 2026, \u00een Italia existau 21.257.999 de pensii active, \u00een u\u0219oar\u0103 cre\u0219tere fa\u021b\u0103 de anul precedent.<\/p>\n<p id=\"p-1\">Dintre acestea, 79,2% sunt pensii de asigur\u0103ri sociale. 20,8% sunt pensii de asisten\u021b\u0103 social\u0103, cu o valoare total\u0103 anual\u0103 de 353,5 miliarde de euro.<\/p>\n<p id=\"p-2\">O\u00a0propor\u021bie foarte mare a pensiilor se concentreaz\u0103 \u00een categoria sub 750 de euro pe lun\u0103.<\/p>\n<p id=\"p-3\">\u00cen ce prive\u0219te via\u021ba de zi cu zi, cel mai ieftin ora\u0219 pentru pensionari din Italia este Caltanissetta.<\/p>\n<p id=\"p-4\">Afla\u021bi pe <a href=\"https:\/\/www.mediafax.ro\/it\/cel-mai-ieftin-loc-din-italia-pentru-pensionari-cat-costa-chiria-si-locuintele-962\" target=\"_blank\" rel=\"noopener nofollow\">Mediafax Italia<\/a> motivele.<\/p>\n","protected":false},"excerpt":{"rendered":"La 1 ianuarie 2026, \u00een Italia existau 21.257.999 de pensii active, \u00een u\u0219oar\u0103 cre\u0219tere fa\u021b\u0103 de anul precedent.&hellip;\n","protected":false},"author":2,"featured_media":285534,"comment_status":"","ping_status":"","sticky":false,"template":"","format":"standard","meta":{"footnotes":"","_share_on_mastodon":"0"},"categories":[12],"tags":[32,33,31,36,37,27,9656,74,112,34,35,25,8856,904,2732,581,41,40,38,39,34643,26,28,29,30,71,72,73],"class_list":["post-285533","post","type-post","status-publish","format-standard","has-post-thumbnail","category-international","tag-breaking-news","tag-breakingnews","tag-cele-mai-populare-subiecte","tag-featured-news","tag-featurednews","tag-headlines","tag-ieftin","tag-international","tag-italia","tag-latest-news","tag-latestnews","tag-news","tag-oras","tag-pensie","tag-pensionari","tag-preturi","tag-ro","tag-romana","tag-romania","tag-romanian","tag-sicilia","tag-stiri","tag-titluri","tag-top-stories","tag-topstories","tag-world","tag-world-news","tag-worldnews"],"share_on_mastodon":{"url":"https:\/\/pubeurope.com\/@ro\/117203907871602100","error":""},"_links":{"self":[{"href":"https:\/\/www.europesays.com\/ro\/wp-json\/wp\/v2\/posts\/285533","targetHints":{"allow":["GET"]}}],"collection":[{"href":"https:\/\/www.europesays.com\/ro\/wp-json\/wp\/v2\/posts"}],"about":[{"href":"https:\/\/www.europesays.com\/ro\/wp-json\/wp\/v2\/types\/post"}],"author":[{"embeddable":true,"href":"https:\/\/www.europesays.com\/ro\/wp-json\/wp\/v2\/users\/2"}],"replies":[{"embeddable":true,"href":"https:\/\/www.europesays.com\/ro\/wp-json\/wp\/v2\/comments?post=285533"}],"version-history":[{"count":0,"href":"https:\/\/www.europesays.com\/ro\/wp-json\/wp\/v2\/posts\/285533\/revisions"}],"wp:featuredmedia":[{"embeddable":true,"href":"https:\/\/www.europesays.com\/ro\/wp-json\/wp\/v2\/media\/285534"}],"wp:attachment":[{"href":"https:\/\/www.europesays.com\/ro\/wp-json\/wp\/v2\/media?parent=285533"}],"wp:term":[{"taxonomy":"category","embeddable":true,"href":"https:\/\/www.europesays.com\/ro\/wp-json\/wp\/v2\/categories?post=285533"},{"taxonomy":"post_tag","embeddable":true,"href":"https:\/\/www.europesays.com\/ro\/wp-json\/wp\/v2\/tags?post=285533"}],"curies":[{"name":"wp","href":"https:\/\/api.w.org\/{rel}","templated":true}]}}