{"id":285545,"date":"2026-09-02T23:02:12","date_gmt":"2026-09-02T23:02:12","guid":{"rendered":"https:\/\/www.europesays.com\/ro\/285545\/"},"modified":"2026-09-02T23:02:12","modified_gmt":"2026-09-02T23:02:12","slug":"ce-nota-i-au-dat-italienii-lui-birligea-dupa-primul-meci-ca-titular-atacant-veritabil","status":"publish","type":"post","link":"https:\/\/www.europesays.com\/ro\/285545\/","title":{"rendered":"Ce not\u0103 i-au dat italienii lui B\u00eerligea, dup\u0103 primul meci ca titular: \u201eAtacant veritabil!\u201d"},"content":{"rendered":"<p>\n            Articol de <a rel=\"author nofollow noopener\" href=\"https:\/\/www.gsp.ro\/autor\/cezar-titor-3962.html\" target=\"_blank\">Cezar Titor<\/a>            &#8211; Publicat miercuri, 02 septembrie 2026 18:49            \/ Actualizat miercuri, 02 septembrie 2026 18:54                    <\/p>\n<p><a class=\"autolink-enabled\" data-resource-id=\"221050\" data-resource-type=\"player\" data-sport=\"football\" href=\"https:\/\/www.gsp.ro\/rezultate-live\/jucatorul-playername-221050\" rel=\"nofollow noopener\" target=\"_blank\">Daniel<\/a> B\u00eerligea, proasp\u0103t transferat \u00een Serie A, a fost titular \u00een premier\u0103 pentru <a class=\"autolink-enabled\" data-resource-id=\"281\" data-resource-type=\"team\" data-sport=\"football\" href=\"https:\/\/www.gsp.ro\/rezultate-live\/echipa-teamname-281\" rel=\"nofollow noopener\" target=\"_blank\">Frosinone<\/a>. Acesta a fost trimis pe teren \u00eenc\u0103 din primul minut de Massimiliano Alvini \u00een duelul cu <a class=\"autolink-enabled\" data-resource-id=\"280\" data-resource-type=\"team\" data-sport=\"football\" href=\"https:\/\/www.gsp.ro\/rezultate-live\/echipa-teamname-280\" rel=\"nofollow noopener\" target=\"_blank\">Sassuolo<\/a> din 16-imile Coppa Italia.<\/p>\n<p class=\"do-not-hide\"><a target=\"_blank\" class=\"editor-link\" href=\"https:\/\/www.gsp.ro\/international\/campionate\/live-sassuolo-frosinone-in-16-imile-de-finala-din-cupa-italiei-daniel-birligea-975691.html\" rel=\"nofollow noopener\">\u201eI Giallazzurri\u201d au pierdut la loviturile de departajare, 3-4, dup\u0103 1-1 \u00een timpul regulamentar.<\/a> Benja Dominguez a marcat pentru gazde, Aleksa Terzis a restabilit egalitatea pentru echipa lui B\u00eerligea, chiar \u00eenainte de pauz\u0103.<\/p>\n<p class=\"do-not-hide\">B\u00eerligea a fost aproape de gol \u00een minutul 40, c\u00e2nd \u0219utul s\u0103u din interiorul careului a fost respins \u00een corner de Turati, apoi a avut \u0219i o reu\u0219it\u0103 anulat\u0103, \u00een minutul 56, pe motiv de ofsaid. Lansat \u00een ad\u00e2ncime de Hasa, a r\u0103mas \u00een situa\u021bie de unu la unu cu goalkeeper-ul advers \u0219i a \u00eenscris, \u00eens\u0103 pozi\u021bia neregulamentar\u0103 era evident\u0103. <\/p>\n<p>Cifrele lui Daniel B\u00eerligea \u00een Sassuolo &#8211; Frosinone, din Coppa Italia:<\/p>\n<ul>\n<li>\n<p>63 de minute jucate<\/p>\n<\/li>\n<li>\n<p>la egalitate, cele mai multe \u0219uturi dintre to\u021bi juc\u0103torii afla\u021bi pe teren &#8211; 3 (dintre care 2 pe poart\u0103)<\/p>\n<\/li>\n<li>\n<p>14 atingeri de balon<\/p>\n<\/li>\n<li>\n<p>0,37 xG (parametrul care m\u0103soar\u0103 probabilitatea ca o \u0219ans\u0103 s\u0103 se transforme \u00een gol)<\/p>\n<\/li>\n<li>\n<p>4\/7 pase precise <\/p>\n<\/li>\n<li>\n<p>7 atingeri \u00een careul advers<\/p>\n<\/li>\n<li>\n<p>surprins \u00een ofsaid de 2 ori<\/p>\n<\/li>\n<li>\n<p>a recuperat o minge \u0219i a fost driblat tot o dat\u0103<\/p>\n<\/li>\n<li>\n<p>0\/2 dueluri c\u00e2\u0219tigate la sol<\/p>\n<\/li>\n<li>\n<p>0\/3 dueluri aeriene c\u00e2\u0219tigate<\/p>\n<\/li>\n<\/ul>\n<p>Cei de la <a target=\"_blank\" class=\"editor-link\" href=\"https:\/\/www.tuttomercatoweb.com\/serie-a\/sassuolo-frosinone-1-1-dcr-pagelle-fini-indomabile-2269658\" rel=\"nofollow noopener\">tuttomercatoweb <\/a>i-au acordat nota 6, oferind urm\u0103toarele explica\u021bii: \u201eMi\u0219care de atacant central veritabil, atac\u00e2nd frecvent spa\u021biile din spatele ap\u0103r\u0103rii. Periculos, dar f\u0103r\u0103 s\u0103 fie decisiv, prea altruist atunci c\u00e2nd a \u00eencercat s\u0103-i paseze lui Zerbin, de\u0219i se afla \u00eentr-o pozi\u021bie bun\u0103\u201d.<\/p>\n<p>B\u00eerligea a fost schimbat \u00een minutul 63, iar Bobcek, \u00eenlocuitorul s\u0103u, a fost notat tot cu 6. Atacantul rom\u00e2n a fost \u00een media echipei, cu note de la 5,5 (Tchato, Amey, El Azzouzi) la 7 (Fini). Pentru Frosinone \u0219i B\u00eerligea urmeaz\u0103 duelul din Serie A, cu Venezia (duminic\u0103, 6 septembrie, ora 16:00).<\/p>\n","protected":false},"excerpt":{"rendered":"Articol de Cezar Titor &#8211; Publicat miercuri, 02 septembrie 2026 18:49 \/ Actualizat miercuri, 02 septembrie 2026 18:54&hellip;\n","protected":false},"author":2,"featured_media":285546,"comment_status":"","ping_status":"","sticky":false,"template":"","format":"standard","meta":{"footnotes":"","_share_on_mastodon":"0"},"categories":[5],"tags":[32,33,31,34209,1581,76691,36,37,49907,27,34,35,25,78617,41,40,38,39,78616,26,28,29,30,78618],"class_list":["post-285545","post","type-post","status-publish","format-standard","has-post-thumbnail","category-titluri","tag-breaking-news","tag-breakingnews","tag-cele-mai-populare-subiecte","tag-coppa-italia","tag-daniel-birligea","tag-daniel-birligea-frosinone","tag-featured-news","tag-featurednews","tag-frosinone","tag-headlines","tag-latest-news","tag-latestnews","tag-news","tag-nota-birligea-frosinone","tag-ro","tag-romana","tag-romania","tag-romanian","tag-sassuolo-frosinone","tag-stiri","tag-titluri","tag-top-stories","tag-topstories","tag-tuttomercatoweb-birligea"],"share_on_mastodon":{"url":"https:\/\/pubeurope.com\/@ro\/117203943750020876","error":""},"_links":{"self":[{"href":"https:\/\/www.europesays.com\/ro\/wp-json\/wp\/v2\/posts\/285545","targetHints":{"allow":["GET"]}}],"collection":[{"href":"https:\/\/www.europesays.com\/ro\/wp-json\/wp\/v2\/posts"}],"about":[{"href":"https:\/\/www.europesays.com\/ro\/wp-json\/wp\/v2\/types\/post"}],"author":[{"embeddable":true,"href":"https:\/\/www.europesays.com\/ro\/wp-json\/wp\/v2\/users\/2"}],"replies":[{"embeddable":true,"href":"https:\/\/www.europesays.com\/ro\/wp-json\/wp\/v2\/comments?post=285545"}],"version-history":[{"count":0,"href":"https:\/\/www.europesays.com\/ro\/wp-json\/wp\/v2\/posts\/285545\/revisions"}],"wp:featuredmedia":[{"embeddable":true,"href":"https:\/\/www.europesays.com\/ro\/wp-json\/wp\/v2\/media\/285546"}],"wp:attachment":[{"href":"https:\/\/www.europesays.com\/ro\/wp-json\/wp\/v2\/media?parent=285545"}],"wp:term":[{"taxonomy":"category","embeddable":true,"href":"https:\/\/www.europesays.com\/ro\/wp-json\/wp\/v2\/categories?post=285545"},{"taxonomy":"post_tag","embeddable":true,"href":"https:\/\/www.europesays.com\/ro\/wp-json\/wp\/v2\/tags?post=285545"}],"curies":[{"name":"wp","href":"https:\/\/api.w.org\/{rel}","templated":true}]}}