{"id":285557,"date":"2026-09-02T23:12:11","date_gmt":"2026-09-02T23:12:11","guid":{"rendered":"https:\/\/www.europesays.com\/ro\/285557\/"},"modified":"2026-09-02T23:12:11","modified_gmt":"2026-09-02T23:12:11","slug":"honor-dezminte-zvonurile-despre-magic-9-nu-vor-exista-probleme-majore-de-stoc-sau-scumpiri-peste-asteptari","status":"publish","type":"post","link":"https:\/\/www.europesays.com\/ro\/285557\/","title":{"rendered":"HONOR dezminte zvonurile despre Magic 9: Nu vor exista probleme majore de stoc sau scumpiri peste a\u0219tept\u0103ri"},"content":{"rendered":"<p>Seria <a href=\"https:\/\/www.mobilissimo.ro\/stiri-telefoane\/honor-magic9-ar-putea-filma-vertical-si-orizontal-fara-sa-intorci-telefonul-apare-camera-selfie-patrata\" target=\"_blank\" rel=\"nofollow noopener\">HONOR Magic 9<\/a> nici m\u0103car nu a fost lansat\u0103, dar deja au \u00eenceput s\u0103 circule zvonuri despre stocuri insuficiente \u0219i pre\u021buri mai mari dec\u00e2t cele anticipate. HONOR a reac\u021bionat oficial, iar Guan Haitao, Global Chief Marketing Officer al companiei, a catalogat informa\u021biile drept \u201eFake News\u201d.<\/p>\n<p>image<\/p>\n<p>Totul a pornit de la un articol ap\u0103rut \u00een China, potrivit c\u0103ruia HONOR Magic 9 ar urma s\u0103 fie greu de g\u0103sit timp de c\u00e2teva s\u0103pt\u0103m\u00e2ni dup\u0103 lansare. Lipsa unit\u0103\u021bilor din magazine ar fi putut conduce inclusiv la adaosuri de c\u00e2teva sute de yuani practicate de unii retaileri. \u00cen acela\u0219i timp, sursa sus\u021binea c\u0103 pre\u021burile oficiale ale noilor flagship-uri ar urma s\u0103 fie mai mari dec\u00e2t estim\u0103rile vehiculate p\u00e2n\u0103 acum.<\/p>\n<p>Guan Haitao a publicat pe Weibo o captur\u0103 de ecran a articolului respectiv, peste care a aplicat un mare marcaj ro\u0219u \u0219i mesajul \u201eFake News\u201d. Oficialul HONOR nu a intrat \u00eens\u0103 \u00een detalii \u0219i nu a oferit informa\u021bii concrete despre volumele preg\u0103tite pentru lansare sau despre pre\u021burile seriei Magic 9. Mesajul s\u0103u indic\u0103 totu\u0219i c\u0103 scenariul unei penurii prelungite \u0219i al unor scumpiri importante nu corespunde planurilor companiei.<\/p>\n<p>Unul dintre motivele invocate de zvonaci pentru presupusele probleme de stoc era legat de <a href=\"https:\/\/www.mobilissimo.ro\/stiri-despre\/Snapdragon+8+Elite+Gen+6\" rel=\"nofollow noopener\" target=\"_blank\">Snapdragon 8 Elite Gen 6<\/a>. Xiaomi ar fi ob\u021binut aproximativ o lun\u0103 de exclusivitate pentru noul procesor flagship Qualcomm, situa\u021bie care, teoretic, ar fi creat un decalaj \u00een lan\u021bul de aprovizionare al HONOR. Nici aceast\u0103 informa\u021bie nu a fost confirmat\u0103 oficial, iar reac\u021bia lui Haitao pune sub semnul \u00eentreb\u0103rii \u00eentregul scenariu.<\/p>\n<p>HONOR Magic 9 ar putea debuta pe 28 septembrie, la scurt timp dup\u0103 apari\u021bia noii genera\u021bii Huawei Mate 90 \u00een China. P\u00e2n\u0103 atunci ar trebui s\u0103 afl\u0103m \u0219i configura\u021biile finale, pre\u021burile \u0219i, mai important \u00een contextul acestor zvonuri, c\u00e2t de mari sunt stocurile preg\u0103tite de HONOR pentru primele s\u0103pt\u0103m\u00e2ni de comercializare.<\/p>\n","protected":false},"excerpt":{"rendered":"Seria HONOR Magic 9 nici m\u0103car nu a fost lansat\u0103, dar deja au \u00eenceput s\u0103 circule zvonuri despre&hellip;\n","protected":false},"author":2,"featured_media":285558,"comment_status":"","ping_status":"","sticky":false,"template":"","format":"standard","meta":{"footnotes":"","_share_on_mastodon":"0"},"categories":[16],"tags":[1130,35040,61338,581,2443,41,40,38,39,13337,47039,141,124],"class_list":["post-285557","post","type-post","status-publish","format-standard","has-post-thumbnail","category-tehnologie","tag-honor","tag-honor-magic-9","tag-huawei-mate-90","tag-preturi","tag-qualcomm","tag-ro","tag-romana","tag-romania","tag-romanian","tag-snapdragon-8-elite-gen-6","tag-stocuri","tag-technology","tag-tehnologie"],"share_on_mastodon":{"url":"https:\/\/pubeurope.com\/@ro\/117203982523303417","error":""},"_links":{"self":[{"href":"https:\/\/www.europesays.com\/ro\/wp-json\/wp\/v2\/posts\/285557","targetHints":{"allow":["GET"]}}],"collection":[{"href":"https:\/\/www.europesays.com\/ro\/wp-json\/wp\/v2\/posts"}],"about":[{"href":"https:\/\/www.europesays.com\/ro\/wp-json\/wp\/v2\/types\/post"}],"author":[{"embeddable":true,"href":"https:\/\/www.europesays.com\/ro\/wp-json\/wp\/v2\/users\/2"}],"replies":[{"embeddable":true,"href":"https:\/\/www.europesays.com\/ro\/wp-json\/wp\/v2\/comments?post=285557"}],"version-history":[{"count":0,"href":"https:\/\/www.europesays.com\/ro\/wp-json\/wp\/v2\/posts\/285557\/revisions"}],"wp:featuredmedia":[{"embeddable":true,"href":"https:\/\/www.europesays.com\/ro\/wp-json\/wp\/v2\/media\/285558"}],"wp:attachment":[{"href":"https:\/\/www.europesays.com\/ro\/wp-json\/wp\/v2\/media?parent=285557"}],"wp:term":[{"taxonomy":"category","embeddable":true,"href":"https:\/\/www.europesays.com\/ro\/wp-json\/wp\/v2\/categories?post=285557"},{"taxonomy":"post_tag","embeddable":true,"href":"https:\/\/www.europesays.com\/ro\/wp-json\/wp\/v2\/tags?post=285557"}],"curies":[{"name":"wp","href":"https:\/\/api.w.org\/{rel}","templated":true}]}}