{"id":285571,"date":"2026-09-02T23:23:10","date_gmt":"2026-09-02T23:23:10","guid":{"rendered":"https:\/\/www.europesays.com\/ro\/285571\/"},"modified":"2026-09-02T23:23:10","modified_gmt":"2026-09-02T23:23:10","slug":"a-fost-surprins-dupa-fc-arges","status":"publish","type":"post","link":"https:\/\/www.europesays.com\/ro\/285571\/","title":{"rendered":"A fost surprins, dup\u0103 FC Arge\u0219"},"content":{"rendered":"\n<ul class=\"bullets\">\n<li>\n<p>Cupa Rom\u00e2niei: Poli Timi\u0219oara &#8211; Rapid, joi, 20:30, DGS 1<\/p>\n<\/li>\n<li>\n<p>Cupa Rom\u00e2niei: Bac\u0103u &#8211; Universitatea Craiova, joi, 17:30, DGS 1<\/p>\n<\/li>\n<\/ul>\n<p>Golurile bucure\u0219tenilor au fost marcate de David Miculescu (minutele 30 \u0219i 39),<a href=\"https:\/\/www.digisport.ro\/fotbal\/liga-1\/facut-praf-de-gigi-becali-aymen-boutoutaou-n-a-stat-la-discutii-4464539\" target=\"_blank\" rel=\"noopener nofollow\" data-skip-linkfix=\"1\"> Aymen Boutoutaou (69)<\/a>, David Popa (82) \u0219i Eddy Gnahore (90).\u00a0<\/p>\n<p>FC Arge\u0219 a ratat o ocazie uria\u0219\u0103 de a deschide scorul \u00een minutul 8, la scorul de 0-0, prin Silviu Balaure, dar \u0219utul s\u0103u pe jos din centrul careului a fost respins de portarul Matei Popa \u00een corner.\u00a0<\/p>\n<p>Silviu Balaure, dup\u0103 FC Arge\u0219 &#8211; FCSB 0-5: \u201dAm \u00eenceput destul de bine meciul, nu \u0219tiu ce s-a \u00eent\u00e2mplat dup\u0103\u201d<\/p>\n<p>Silviu Balaure a spus c\u0103 nu-\u0219i explic\u0103 cum FC Arge\u0219, dup\u0103 un \u00eenceput bun de meci, a evoluat at\u00e2t de modest ulterior \u0219i, \u00een cele din urm\u0103, a fost \u201dzdrobit\u0103\u201d de FCSB.<\/p>\n<p>Atacantul pite\u0219tenilor a spus c\u0103 echipa trebuie s\u0103 se concentreze acum pe urm\u0103toarea partid\u0103 din SuperLig\u0103, cea cu FC Voluntari, din deplasare.\u00a0<\/p>\n<p>\u201dAm \u00eenceput destul de bine meciul, nu \u0219tiu ce s-a \u00eent\u00e2mplat dup\u0103. E vina noastr\u0103, trebuie s\u0103 uit\u0103m acest meci. Trebuie s\u0103 ne revenim c\u00e2t mai repede. Noi ne g\u00e2ndeam de la primul meci s\u0103 ob\u021binem victoria (n.r. din grupa Cupei Rom\u00e2niei).\u00a0<\/p>\n<p>Trebuie s\u0103 c\u00e2\u0219tig\u0103m cu Voluntari (n.r. \u00een campionat). Am avut probabil \u0219i ne\u0219ans\u0103 \u00een unele meciuri. Suntem o echip\u0103 \u0219i caracterele puternice se v\u0103d \u00een momentele acestea dificile\u201d, a spus Silviu Balaure, dup\u0103 meci.\u00a0<\/p>\n<p>\u00cen urm\u0103toarele dou\u0103 runde din Cupa Rom\u00e2niei, FC Arge\u0219 le va \u00eent\u00e2lni pe Corona Bra\u0219ov (deplasare) \u0219i FC Bihor (deplasare).\u00a0<\/p>\n<ul>\n<li>Cele mai importante dueluri din Cupa Rom\u00e2niei pot fi urm\u0103rite \u00een direct pe canalele Digi Sport, iar abona\u021bii Digi Rom\u00e2nia pot urm\u0103ri partidele \u0219i pe site-ul digisport.ro \u0219i \u00een <a href=\"https:\/\/www.digisport.ro\/app\" target=\"_blank\" rel=\"noopener nofollow\" data-skip-linkfix=\"1\">aplica\u021bia Digi Sport<\/a>.<\/li>\n<\/ul>\n<p>VIDEO cu ocazia mare ratat\u0103 de Silviu Balaure la FC Arge\u0219 &#8211; FCSB 0-5Ocazie minutul 9 la FC Arge\u0219 &#8211; FCSB, \u00een prima etap\u0103 din faza grupelor la Cupa Rom\u00e2nieiEchipele de start la FC Arge\u0219 &#8211; FCSB<\/p>\n<p>Arge\u0219:\u00a0C\u0103buz &#8211; Garutti, Sadriu, Tudose, Tofan &#8211; Micovschi, Charpentier, Balaure, P\u00eervu &#8211; Alagbe, Luvambo<\/p>\n<p>Rezerve: Bor\u021ba, Dulcea, \u0218erban, Oancea, R\u0103descu, Ra\u021b\u0103, Idowu, Sandu<\/p>\n<p>FCSB:\u00a0Popa &#8211; Labonne, Dawa, Duarte, Stancu &#8211; Boutoutaou, Arad, Paulo, Cisotti &#8211; Garita, Miculescu<\/p>\n<p>Rezerve: T\u00e2rnovanu, P\u0103durariu, Udrea, Gnahore, Toma, Stoian, Popa<\/p>\n<p>Clasament grupa C din Cupa Rom\u00e2niei  <img decoding=\"async\" data-skip-htmlfix=\"1\" src=\"https:\/\/www.europesays.com\/ro\/wp-content\/uploads\/2026\/09\/1788391390_694_PTIxM2UwYTU1M2QzZWI3Zjg3Y2EyMmZmNDVkNjg3MzM5.thumb.jpg\" alt=\"Captur\u0103 de ecran 2026-09-02 233819\"\/>   Clasament grupa C, Cupa Rom\u00e2niei \/ Foto. flashscore.ro  FC Voluntari &#8211; FC Arge\u0219, duel \u00een etapa a 8-a din SuperLig\u0103<\/p>\n<p>FC Arge\u0219, echip\u0103 care n-a mai c\u00e2\u0219tigat din 9 august (victorie 1-0 cu Universitatea Craiova), o va \u00eenfrunta \u00een etapa a 8-a din SuperLig\u0103 pe FC Voluntari, \u00een deplasare.\u00a0<\/p>\n<ul>\n<li>Partida dintre Voluntari \u0219i Arge\u0219 este programat\u0103 pe 7 septembrie (luni), de la 17:30, \u00een direct pe Digi Sport 1. De asemenea, abona\u021bii Digi Rom\u00e2nia vor putea urm\u0103ri partida pe aplica\u021bia Digi Sport \u0219i pe site-ul digisport.ro<\/li>\n<\/ul>\n<p>VIDEO Rezumat FC Arge\u0219 &#8211; FCSB, scor 0-5VIDEO Rezumat FC Arge\u0219 &#8211; FCSB 0-5, \u00een prima etap\u0103 din faza grupelor la Cupa Rom\u00e2niei   <\/p>\n<p>  Etichete:  <a href=\"https:\/\/www.digisport.ro\/eticheta\/cupa-romaniei\" rel=\"nofollow noopener\" target=\"_blank\">cupa romaniei<\/a> , <a href=\"https:\/\/www.digisport.ro\/eticheta\/fc-arges\" rel=\"nofollow noopener\" target=\"_blank\">fc arges<\/a> , <a href=\"https:\/\/www.digisport.ro\/eticheta\/fcsb\" rel=\"nofollow noopener\" target=\"_blank\">fcsb<\/a> , <a href=\"https:\/\/www.digisport.ro\/eticheta\/silviu-balaure\" rel=\"nofollow noopener\" target=\"_blank\">silviu balaure<\/a> , <a href=\"https:\/\/www.digisport.ro\/eticheta\/fc-arges-fcsb\" rel=\"nofollow noopener\" target=\"_blank\">fc arges fcsb<\/a>   <\/p>\n<p>Urm\u0103re\u0219te \u0219tirile digisport.ro \u0219i pe <a href=\"https:\/\/news.google.com\/publications\/CAAiENr1L9HFNMG5hpp5zTfVtpsqFAgKIhDa9S_RxTTBuYaaec031bab?ceid=RO:ro&amp;oc=3\" target=\"_blank\" rel=\"external nofollow noopener\">Google News<\/a><\/p>\n<p>   Noua Aplica\u0163ie Digi Sport poate fi desc\u0103rcat\u0103 din   <\/p>\n","protected":false},"excerpt":{"rendered":"Cupa Rom\u00e2niei: Poli Timi\u0219oara &#8211; Rapid, joi, 20:30, DGS 1 Cupa Rom\u00e2niei: Bac\u0103u &#8211; Universitatea Craiova, joi, 17:30,&hellip;\n","protected":false},"author":2,"featured_media":285572,"comment_status":"","ping_status":"","sticky":false,"template":"","format":"standard","meta":{"footnotes":"","_share_on_mastodon":"0"},"categories":[5],"tags":[32,33,31,3183,67,78393,269,36,37,27,34,35,25,41,40,38,39,64998,26,28,29,30],"class_list":["post-285571","post","type-post","status-publish","format-standard","has-post-thumbnail","category-titluri","tag-breaking-news","tag-breakingnews","tag-cele-mai-populare-subiecte","tag-cupa-romaniei","tag-fc-arges","tag-fc-arges-fcsb","tag-fcsb","tag-featured-news","tag-featurednews","tag-headlines","tag-latest-news","tag-latestnews","tag-news","tag-ro","tag-romana","tag-romania","tag-romanian","tag-silviu-balaure","tag-stiri","tag-titluri","tag-top-stories","tag-topstories"],"share_on_mastodon":{"url":"https:\/\/pubeurope.com\/@ro\/117204026235183377","error":""},"_links":{"self":[{"href":"https:\/\/www.europesays.com\/ro\/wp-json\/wp\/v2\/posts\/285571","targetHints":{"allow":["GET"]}}],"collection":[{"href":"https:\/\/www.europesays.com\/ro\/wp-json\/wp\/v2\/posts"}],"about":[{"href":"https:\/\/www.europesays.com\/ro\/wp-json\/wp\/v2\/types\/post"}],"author":[{"embeddable":true,"href":"https:\/\/www.europesays.com\/ro\/wp-json\/wp\/v2\/users\/2"}],"replies":[{"embeddable":true,"href":"https:\/\/www.europesays.com\/ro\/wp-json\/wp\/v2\/comments?post=285571"}],"version-history":[{"count":0,"href":"https:\/\/www.europesays.com\/ro\/wp-json\/wp\/v2\/posts\/285571\/revisions"}],"wp:featuredmedia":[{"embeddable":true,"href":"https:\/\/www.europesays.com\/ro\/wp-json\/wp\/v2\/media\/285572"}],"wp:attachment":[{"href":"https:\/\/www.europesays.com\/ro\/wp-json\/wp\/v2\/media?parent=285571"}],"wp:term":[{"taxonomy":"category","embeddable":true,"href":"https:\/\/www.europesays.com\/ro\/wp-json\/wp\/v2\/categories?post=285571"},{"taxonomy":"post_tag","embeddable":true,"href":"https:\/\/www.europesays.com\/ro\/wp-json\/wp\/v2\/tags?post=285571"}],"curies":[{"name":"wp","href":"https:\/\/api.w.org\/{rel}","templated":true}]}}