{"id":285593,"date":"2026-09-02T23:38:13","date_gmt":"2026-09-02T23:38:13","guid":{"rendered":"https:\/\/www.europesays.com\/ro\/285593\/"},"modified":"2026-09-02T23:38:13","modified_gmt":"2026-09-02T23:38:13","slug":"6-detalii-de-la-fc-arges","status":"publish","type":"post","link":"https:\/\/www.europesays.com\/ro\/285593\/","title":{"rendered":"6 detalii de la FC Arge\u0219"},"content":{"rendered":"<p>\n            Articol de <a rel=\"author nofollow noopener\" href=\"https:\/\/www.gsp.ro\/autor\/remus-dinu-3857.html\" target=\"_blank\">Remus Dinu<\/a>, <a rel=\"author nofollow noopener\" href=\"https:\/\/www.gsp.ro\/autor\/andrei-furniga-video-3974.html\" target=\"_blank\">Andrei Furnig\u0103 (video)<\/a>            &#8211; Publicat miercuri, 02 septembrie 2026 22:43            \/ Actualizat joi, 03 septembrie 2026 00:48                    <\/p>\n<p class=\"do-not-hide\">FCSB s-a desc\u0103tu\u0219at pe terenul Arge\u0219uIui, administr\u00e2ndu-i o \u00eenfrangere zdrobitoare. Iat\u0103 mai jos \u0219ase detalii desprinse din confruntarea de la Mioveni:<\/p>\n<p class=\"do-not-hide\">1. Mesaj de unitate! Imediat dup\u0103 golul de 1-0, semnat de David Miculescu, staff-ul FCSB-ului le-a \u201eordonat\u201d tuturor juc\u0103torilor de rezerve, prin gesturi largi \u0219i energice, s\u0103 vin\u0103 la margine pentru a celebra \u00eempreun\u0103 golul lui Miculescu. N-a mai fost \u201ehora\u201d din era Charalambous, dar to\u021bi fotbali\u0219tii s-au \u00eembr\u0103\u021bi\u0219at al\u0103turi de Baciu \u0219i \u201esecunzii\u201d s\u0103i. Un semn al reconcilerii dup\u0103 tumultul ultimelor zile.<\/p>\n<p>                    <a href=\"https:\/\/www.gsp.ro\/fotbal\/cupa-romaniei\/fc-arges-fcsb-in-cupa-romaniei-imagini-de-meci-02092026-foto-andrei-furniga-gsp-975861-galerie-foto-pic-1778523.html?sourcearticle=975879\" class=\"thumb gallery-in-article__main\" rel=\"nofollow noopener\" target=\"_blank\"><br \/>\n                        <img decoding=\"async\" src=\"https:\/\/www.europesays.com\/ro\/wp-content\/uploads\/2026\/09\/35da738a-2efd-47c9-8976-a2aa4e39c2be.jpeg\" class=\"wow fadeIn\" alt=\"FC Arge\u0219 - FCSB, \u00een Cupa Rom\u00e2niei, imagini de meci, 02.09.2026 \/\/ foto: Andrei Furnig\u0103 (GSP)\" width=\"375\" height=\"250\" loading=\"lazy\"\/><\/p>\n<p>                    <\/a><\/p>\n<p>2. Arnold Garita, c\u00e2ndva un \u201eerou\u201d printre fanii alb-viole\u021bilor, a fost taxat de tribune la \u00eenceputul primei reprize, dup\u0103 o intrare \u00eent\u00e2rziat\u0103 la Mario Tudose. <\/p>\n<p>Suporterii au l\u0103sat amabilit\u0103\u021bile deoparte \u0219i l-au fluierat pe \u201eBuldozer\u201d, a\u0219a cum atacantul era poreclit \u00een sezonul petrecut la Pite\u0219ti. \u00cenainte de meci, el fusese singurul juc\u0103tor al oaspe\u021bilor care a avut parte de o primire c\u0103lduroas\u0103 din partea curio\u0219ilor aduna\u021bi \u00een exteriorul arenei la sosirea echipelor.<\/p>\n<p>Totu\u0219i, \u00een momentul schimb\u0103rii, Garita a fost aplaudat de o bun\u0103 parte a fanilor afla\u021bi la Tribuna I. <\/p>\n<p><img decoding=\"async\" src=\"https:\/\/www.europesays.com\/ro\/wp-content\/uploads\/2026\/09\/216171b1-9e7d-4c7b-b237-67060d240674.jpeg\" loading=\"lazy\" title=\"Arnold Garita \u00een FC Arge\u0219 - FCSB \/\/ foto: Andrei Furnig\u0103 (GSP)\" alt=\"6 detalii de la FC Arge\u0219 - FCSB: \u201eritualul\u201d ales de ro\u0219-alba\u0219tri dup\u0103 ultimele evenimente din club + Baciu s-a oprit din indica\u021bii pentru un dialog plin de ironii\" width=\"738\" height=\"502\"\/><\/p>\n<p>Arnold Garita \u00een FC Arge\u0219 &#8211; FCSB \/\/ foto: Andrei Furnig\u0103 (GSP)<\/p>\n<p>3. Mic clinci cu suporterii. \u00cen minutul 14, Marius Baciu \u0219i-a \u00eentrerupt indica\u021biile pentru a r\u0103spunde ironiilor lansate din \u00eenaltul Tribunei 1. \u201eBaciule, oricum nu e\u0219ti antrenor!\u201d, s-a auzit dinspre fanii Arge\u0219ului, moment \u00een care tehnicianul s-a \u00eentors \u0219i a \u00eencuviin\u021bat ironic \u00een direc\u021bia acestora. <\/p>\n<p>4. \u201eNostalgia\u201dde la sta\u021bia de amplificare. Moment inedit \u00eenaintea fluierului de start. Chiar dac\u0103 n-a mai fost auzit de mult timp pe stadioane, un imn vechi al Cupei Rom\u00e2niei, din perioada \u00een care competi\u021bia era sponsorizat\u0103 de un brand de bere, a rulat \u00een boxe \u00een momentul \u00een care juc\u0103torii ie\u0219eau pe teren.  <\/p>\n<p>5. Cristi T\u0103nase, 39 de ani, fost nume important al celor dou\u0103 echipe, a fost invitat s\u0103 dea lovitura de start a disputei de la Mioveni. Suporterii au scandat la scen\u0103 deschis\u0103 numele lui \u201eDodel\u201d, care a intrat pe gazon \u00eenso\u021bit de fiica sa. Fostul \u201edecar\u201d a fost recompensat \u0219i cu tricou personalizat din partea clubului gazd\u0103. \u00cenaintea partidei, acesta comentase situa\u021bia de la FCSB \u00eentr-un <a target=\"_self\" class=\"editor-link\" href=\"https:\/\/www.gsp.ro\/fotbal\/liga-1\/cristi-tanase-interivu-fc-arges-fcsb-cupa-romaniei-975752.html\" rel=\"nofollow noopener\">interviu acordat \u00een exclusivitate Gazetei.<\/a><\/p>\n<p><img decoding=\"async\" src=\"https:\/\/www.europesays.com\/ro\/wp-content\/uploads\/2026\/09\/e1380ede-9004-4842-9ec4-e2dc40c9624c.jpg\" loading=\"lazy\" title=\"Cristi T\u0103nase, \u00eenainte de FC Arge\u0219 - FCSB \/ FOTO: Andrei Furnig\u0103 (GSP)\" alt=\"6 detalii de la FC Arge\u0219 - FCSB: \u201eritualul\u201d ales de ro\u0219-alba\u0219tri dup\u0103 ultimele evenimente din club + Baciu s-a oprit din indica\u021bii pentru un dialog plin de ironii\" width=\"738\" height=\"502\"\/><\/p>\n<p>Cristi T\u0103nase, \u00eenainte de FC Arge\u0219 &#8211; FCSB \/ FOTO: Andrei Furnig\u0103 (GSP)<\/p>\n<p>6. Cristian Gentea, edilul Pite\u0219tiului, n-a ratat nici duelul de gal\u0103 cu FCSB. Primarul implicat la FC Arge\u0219 a luat loc la Tribuna Vip improvizat\u0103 a \u201eOr\u0103\u0219enescului\u201d din Mioveni, de unde a urm\u0103rit partida al\u0103turi de cunoscu\u021bi. <\/p>\n<p><img decoding=\"async\" src=\"https:\/\/www.europesays.com\/ro\/wp-content\/uploads\/2026\/09\/7c68c390-2f89-4060-9838-587124d774ed.jpg\" loading=\"lazy\" title=\"Primarul Cristian Gentea, la FC Arge\u0219 - FCSB \/ foto: Andrei Furnig\u0103\" alt=\"6 detalii de la FC Arge\u0219 - FCSB: \u201eritualul\u201d ales de ro\u0219-alba\u0219tri dup\u0103 ultimele evenimente din club + Baciu s-a oprit din indica\u021bii pentru un dialog plin de ironii\" width=\"738\" height=\"502\"\/><\/p>\n<p>Primarul Cristian Gentea, la FC Arge\u0219 &#8211; FCSB \/ foto: Andrei Furnig\u0103<\/p>\n<p class=\"cifra \">4.174 de faniau fost prezen\u021bi la FC Arge\u0219 &#8211; FCSB<\/p>\n","protected":false},"excerpt":{"rendered":"Articol de Remus Dinu, Andrei Furnig\u0103 (video) &#8211; Publicat miercuri, 02 septembrie 2026 22:43 \/ Actualizat joi, 03&hellip;\n","protected":false},"author":2,"featured_media":285594,"comment_status":"","ping_status":"","sticky":false,"template":"","format":"standard","meta":{"footnotes":"","_share_on_mastodon":"0"},"categories":[20],"tags":[67,78393,269,41,40,38,39,185,184],"class_list":["post-285593","post","type-post","status-publish","format-standard","has-post-thumbnail","category-sport","tag-fc-arges","tag-fc-arges-fcsb","tag-fcsb","tag-ro","tag-romana","tag-romania","tag-romanian","tag-sport","tag-sports"],"share_on_mastodon":{"url":"https:\/\/pubeurope.com\/@ro\/117204084950361370","error":""},"_links":{"self":[{"href":"https:\/\/www.europesays.com\/ro\/wp-json\/wp\/v2\/posts\/285593","targetHints":{"allow":["GET"]}}],"collection":[{"href":"https:\/\/www.europesays.com\/ro\/wp-json\/wp\/v2\/posts"}],"about":[{"href":"https:\/\/www.europesays.com\/ro\/wp-json\/wp\/v2\/types\/post"}],"author":[{"embeddable":true,"href":"https:\/\/www.europesays.com\/ro\/wp-json\/wp\/v2\/users\/2"}],"replies":[{"embeddable":true,"href":"https:\/\/www.europesays.com\/ro\/wp-json\/wp\/v2\/comments?post=285593"}],"version-history":[{"count":0,"href":"https:\/\/www.europesays.com\/ro\/wp-json\/wp\/v2\/posts\/285593\/revisions"}],"wp:featuredmedia":[{"embeddable":true,"href":"https:\/\/www.europesays.com\/ro\/wp-json\/wp\/v2\/media\/285594"}],"wp:attachment":[{"href":"https:\/\/www.europesays.com\/ro\/wp-json\/wp\/v2\/media?parent=285593"}],"wp:term":[{"taxonomy":"category","embeddable":true,"href":"https:\/\/www.europesays.com\/ro\/wp-json\/wp\/v2\/categories?post=285593"},{"taxonomy":"post_tag","embeddable":true,"href":"https:\/\/www.europesays.com\/ro\/wp-json\/wp\/v2\/tags?post=285593"}],"curies":[{"name":"wp","href":"https:\/\/api.w.org\/{rel}","templated":true}]}}