{"id":285635,"date":"2026-09-03T00:13:12","date_gmt":"2026-09-03T00:13:12","guid":{"rendered":"https:\/\/www.europesays.com\/ro\/285635\/"},"modified":"2026-09-03T00:13:12","modified_gmt":"2026-09-03T00:13:12","slug":"florin-tanase-surpriza-totala-pentru-ciprioti-ocupatia-lui-din-afara-fotbalului-a-devenit-subiect-de-discutie","status":"publish","type":"post","link":"https:\/\/www.europesays.com\/ro\/285635\/","title":{"rendered":"Florin T\u0103nase, surpriz\u0103 total\u0103 pentru ciprio\u021bi! Ocupa\u021bia lui din afara fotbalului a devenit subiect de discu\u021bie"},"content":{"rendered":"<p>\t    <img loading=\"lazy\" decoding=\"async\" class=\"mg-x-auto\" width=\"30\" height=\"30\" src=\"https:\/\/www.europesays.com\/ro\/wp-content\/uploads\/2026\/09\/1788394391_533_google-g.png\" alt=\"\"\/><\/p>\n<p id=\"p-0\">Mijloca\u0219ul Florin T\u0103nase (31 de ani) a p\u0103r\u0103sit FCSB nu \u00een cele mai bune condi\u021bii \u0219i a semnat cu Omonia Nicosia, campioana Ciprului. Ieri, 1 septembrie 2026, interna\u021bionalul rom\u00e2n a fost prezentat oficial la clubul cipriot, unde va \u00eencasa un salariu de 500.000 de euro pe sezon, plus o prim\u0103 de 100.000 de euro la semn\u0103tur\u0103 pentru urm\u0103torii doi ani.<\/p>\n<p id=\"p-1\">Mutarea s-a concretizat fulger\u0103tor, \u00een mai pu\u021bin de zece zile, dup\u0103 ce fotbalistul s-a contrat public cu Mihai Stoica \u0219i a fost scos din planurile ro\u0219-alba\u0219trilor, g\u0103sindu-\u0219i rapid un nou angajament de top \u00een str\u0103in\u0103tate.<\/p>\n<p>                <a href=\"https:\/\/www.prosport.ro\/poze\/cipriotii-surprinsi-de-activitatile-extra-fotbalistice-ale-lui-florin-tanase-20516093\" rel=\"nofollow noopener\" target=\"_blank\">&#13;<br \/>\n                                            <img decoding=\"async\" loading=\"lazy\" fetchpriority=\"low\" src=\"https:\/\/www.europesays.com\/ro\/wp-content\/uploads\/2026\/09\/https:\/\/www.prosport.ro\/wp-content\/uploads\/2026\/09\/florin-tanase.webp\" width=\"458\" height=\"305\"\/>&#13;<br \/>\n                                    <\/a><\/p>\n<p>                <a href=\"https:\/\/www.prosport.ro\/poze\/cipriotii-surprinsi-de-activitatile-extra-fotbalistice-ale-lui-florin-tanase-20516093\" rel=\"nofollow noopener\" target=\"_blank\">&#13;<br \/>\n                                            <img decoding=\"async\" loading=\"lazy\" fetchpriority=\"low\" src=\"https:\/\/www.europesays.com\/ro\/wp-content\/uploads\/2026\/09\/https:\/\/www.prosport.ro\/wp-content\/uploads\/2026\/09\/tanase.webp\" width=\"227\" height=\"151\"\/>&#13;<br \/>\n                                    <\/a><\/p>\n<p>Afacerile imobiliare de 20 de milioane de euro care i-au \u0219ocat pe ciprio\u021bi<\/p>\n<p id=\"p-2\"><a style=\"color: #000000;\" href=\"https:\/\/sportime.sigmalive.com\/pos-to%E2%80%A6-real-estate-esteile-ton-tanase-stin-omonoiaand\/\" target=\"_blank\" rel=\"noopener nofollow\">Jurnali\u0219tii din Cipru<\/a> au r\u0103mas impresiona\u021bi \u00een momentul \u00een care i-au disecat trecutul noului lor num\u0103r 17. Presa local\u0103 a descoperit c\u0103 Florin T\u0103nase nu este doar un simplu fotbalist, ci un veritabil rechin imobiliar \u00een Rom\u00e2nia, un domeniu \u00een care a investit masiv dup\u0103 ce a preluat modelul de succes al fostului s\u0103u patron, Gigi Becali.<\/p>\n<p id=\"p-3\">Ciprio\u021bii au alocat spa\u021bii largi afacerilor sale, detaliind complexul de lux \u201eNoura Residence\u201d construit \u00een nordul Bucure\u0219tiului al\u0103turi de impresarul Florin Vulturar, un ansamblu de patru cl\u0103diri cu \u0219ase etaje \u0219i 128 de apartamente.<\/p>\n<p id=\"p-4\">Folosindu-\u0219i conexiunile din fotbal, <a style=\"color: #0000ff;\" href=\"https:\/\/www.prosport.ro\/diverse\/florin-tanase-thomas-neubert-proiect-imobiliare-blocuri-fcsb-avere-20441737\" rel=\"nofollow noopener\" target=\"_blank\">T\u0103nase a v\u00e2ndut deja 75% din locuin\u021be<\/a> c\u0103tre vedete din sportul rom\u00e2nesc, afacere care i-ar fi adus profituri colosale estimate la 20 de milioane de euro.<\/p>\n<p id=\"p-5\">Mai mult, atacantul s-a asociat deja \u00een noi proiecte imobiliare de anvergur\u0103 al\u0103turi de preparatorul fizic al FCSB-ului, Thomas Neubert.<\/p>\n<p>Sfaturile lui Charalambous \u0219i testul de foc din Europa League<\/p>\n<p id=\"p-6\">\u00cen ciuda averii impresionante str\u00e2nse din imobiliare \u0219i din salariile de peste un milion de euro \u00eencasate anterior \u00een \u021b\u0103rile arabe, Florin T\u0103nase r\u0103m\u00e2ne concentrat pe performan\u021ba sportiv\u0103. La prezentarea oficial\u0103, mijloca\u0219ul a dezv\u0103luit c\u0103 un rol crucial \u00een alegerea sa l-a avut Elias Charalambous, tehnicianul FCSB-ului oferindu-i recenzii excelente despre gigantul din Cipru, club ce de\u021bine \u00een palmares 22 de titluri de campioan\u0103.<\/p>\n<p id=\"p-7\">\u201eM\u0103 simt fericit, <a style=\"color: #0000ff;\" href=\"https:\/\/www.prosport.ro\/fotbal-extern\/florin-tanase-a-semnat-20515456\" rel=\"nofollow noopener\" target=\"_blank\">sunt foarte \u00eenc\u00e2ntat c\u0103 am ajuns la Omonia<\/a>. Dup\u0103 ce am discutat cu cei din conducere \u0219i cu antrenorul, m-au convins imediat. Am vorbit \u0219i cu Elias Charalambous, iar el mi-a dat foarte multe detalii pozitive\u201d, a declarat T\u0103nase.<\/p>\n<p id=\"p-8\">Pentru interna\u021bionalul rom\u00e2n urmeaz\u0103 o toamn\u0103 european\u0103 de foc. Omonia Nicosia va evolua \u00een faza principal\u0103 din Europa League, unde T\u0103nase va avea ocazia s\u0103 \u00ee\u0219i m\u0103soare for\u021bele cu titani ai fotbalului mondial precum Juventus Torino, Benfica Lisabona, Celtic Glasgow sau spaniolii de la Celta Vigo.<\/p>\n","protected":false},"excerpt":{"rendered":"Mijloca\u0219ul Florin T\u0103nase (31 de ani) a p\u0103r\u0103sit FCSB nu \u00een cele mai bune condi\u021bii \u0219i a semnat&hellip;\n","protected":false},"author":2,"featured_media":285636,"comment_status":"","ping_status":"","sticky":false,"template":"","format":"standard","meta":{"footnotes":"","_share_on_mastodon":"0"},"categories":[20],"tags":[6999,4340,1958,78628,41,40,38,39,185,184],"class_list":["post-285635","post","type-post","status-publish","format-standard","has-post-thumbnail","category-sport","tag-cipru","tag-florin-tanase","tag-imobiliare","tag-omania-nicosie","tag-ro","tag-romana","tag-romania","tag-romanian","tag-sport","tag-sports"],"share_on_mastodon":{"url":"https:\/\/pubeurope.com\/@ro\/117204222702527661","error":""},"_links":{"self":[{"href":"https:\/\/www.europesays.com\/ro\/wp-json\/wp\/v2\/posts\/285635","targetHints":{"allow":["GET"]}}],"collection":[{"href":"https:\/\/www.europesays.com\/ro\/wp-json\/wp\/v2\/posts"}],"about":[{"href":"https:\/\/www.europesays.com\/ro\/wp-json\/wp\/v2\/types\/post"}],"author":[{"embeddable":true,"href":"https:\/\/www.europesays.com\/ro\/wp-json\/wp\/v2\/users\/2"}],"replies":[{"embeddable":true,"href":"https:\/\/www.europesays.com\/ro\/wp-json\/wp\/v2\/comments?post=285635"}],"version-history":[{"count":0,"href":"https:\/\/www.europesays.com\/ro\/wp-json\/wp\/v2\/posts\/285635\/revisions"}],"wp:featuredmedia":[{"embeddable":true,"href":"https:\/\/www.europesays.com\/ro\/wp-json\/wp\/v2\/media\/285636"}],"wp:attachment":[{"href":"https:\/\/www.europesays.com\/ro\/wp-json\/wp\/v2\/media?parent=285635"}],"wp:term":[{"taxonomy":"category","embeddable":true,"href":"https:\/\/www.europesays.com\/ro\/wp-json\/wp\/v2\/categories?post=285635"},{"taxonomy":"post_tag","embeddable":true,"href":"https:\/\/www.europesays.com\/ro\/wp-json\/wp\/v2\/tags?post=285635"}],"curies":[{"name":"wp","href":"https:\/\/api.w.org\/{rel}","templated":true}]}}