{"id":285643,"date":"2026-09-03T00:20:14","date_gmt":"2026-09-03T00:20:14","guid":{"rendered":"https:\/\/www.europesays.com\/ro\/285643\/"},"modified":"2026-09-03T00:20:14","modified_gmt":"2026-09-03T00:20:14","slug":"ilie-dumitrescu-i-a-spus-o-pe-fata-lui-florin-tanase-dupa-ce-a-plecat-cu-scandal-de-la-fcsb","status":"publish","type":"post","link":"https:\/\/www.europesays.com\/ro\/285643\/","title":{"rendered":"Ilie Dumitrescu i-a spus-o pe fa\u021b\u0103 lui Florin T\u0103nase, dup\u0103 ce a plecat cu scandal de la FCSB"},"content":{"rendered":"\n<ul class=\"bullets\">\n<li>\n<p>Cupa Rom\u00e2niei: Poli Timi\u0219oara &#8211; Rapid, joi, 20:30, DGS 1<\/p>\n<\/li>\n<li>\n<p>Cupa Rom\u00e2niei: Bac\u0103u &#8211; Universitatea Craiova, joi, 17:30, DGS 1<\/p>\n<\/li>\n<\/ul>\n<p>T\u0103nase fusese exclus din lot dup\u0103 o ceart\u0103 de la antrenament, atunci c\u00e2nd a p\u0103r\u0103sit \u0219edin\u021ba de preg\u0103tire, fiind rugat, degeaba, de c\u0103tre Marius Baciu s\u0103 se \u00eentoarc\u0103. La plecarea din Rom\u00e2nia, \u201dTase\u201d <a href=\"https:\/\/www.digisport.ro\/fotbal\/liga-1\/florin-tanase-a-auzit-ce-a-spus-mm-stoica-si-nu-s-a-putut-abtine-cum-le-place-unora-4459993\" target=\"_blank\" rel=\"noopener nofollow\" data-skip-linkfix=\"1\">a \u0219i avut o replic\u0103 ironic\u0103 pentru Mihai Stoica<\/a>, pre\u0219edintele Consiliului de Administra\u021bie:<\/p>\n<p>\u201dLini\u0219te, da&#8230; Am v\u0103zut. Lini\u0219te eu \u0219tiu c\u0103 trebuie s\u0103 faci la tenis de c\u00e2mp, nu la fotbal sau la tenis de picior, cum le place unora\u201d<\/p>\n<p>Ilie Dumitrescu, despre Florin T\u0103nase: \u201dC\u00e2nd ie\u0219i \u00een decor cu astfel de comportament, nu e\u0219ti un exemplu bun pentru oamenii din str\u0103in\u0103tate care te urm\u0103resc\u201d<\/p>\n<p>Ilie Dumitrescu a comentat \u0219i el plecarea lui Florin T\u0103nase \u0219i a declarat c\u0103 de data aceasta a avut noroc s\u0103 prind\u0103 <a href=\"https:\/\/www.digisport.ro\/fotbal\/liga-1\/fcsb-i-a-anuntat-plecarea-lui-florin-tanase-salariu-dublu-la-multipla-campioana-4462163\" target=\"_blank\" rel=\"noopener nofollow\" data-skip-linkfix=\"1\">un contract important la Omonia Nicosia<\/a>, deoarece oficialii echipelor din str\u0103in\u0103tate analizeaz\u0103 nu numai evolu\u021biile din teren ale juc\u0103torilor \u0219i accept\u0103 rareori astfel de comportamente \u0219i ie\u0219iri din decor.<\/p>\n<p>\u201dPe fondul de rezultate negative apar \u0219i tot felul de probleme, a\u0219a cum s-a \u00eent\u00e2mplat acum. Oferta a venit peste noapte pentru T\u0103nase. Bine, el avea \u0219i o \u00een\u021belegere cu Gigi c\u0103 poate pleca oric\u00e2nd vrea el, iar Omonia este un club important \u00een Cipru. <\/p>\n<p>Aici, \u0219tii cum e, c\u00e2nd ie\u0219i \u00een decor cu astfel de comportament, nu e\u0219ti un exemplu bun pentru oamenii din str\u0103in\u0103tate care te urm\u0103resc. Ok, acum s-a \u00eent\u00e2mplat, dar sunt o gr\u0103mad\u0103 de oameni, scouteri, care urm\u0103resc juc\u0103torii \u0219i tot ce fac, iar \u00een astfel de cazuri rar se d\u0103 acceptul pentru transfer\u201d, a declarat Ilie Dumitrescu, invitat la emisiunea Digi Sport Special.<\/p>\n<ul>\n<li>Mijloca\u0219ul ofensiv va primi un salariu lunar de 60.000 de euro la Omonia Nicosia \u00een Cipru, dublu fa\u021b\u0103 de cel pe care \u00eel c\u00e2\u0219tiga la gruparea ro\u0219-albastr\u0103.<\/li>\n<\/ul>\n<p>T\u0103nase nu a mai jucat \u00een \u00eenfr\u00e2ngerea cu UTA, 1-3, duelul cu CFR Cluj (0-1) din etapa a \u0219asea fiind ultima partid\u0103 pentru fotbalistul de 31 de ani. \u00cen total, T\u0103nase a evoluat \u00een 330 de meciuri \u00een tricoul ro\u0219-albastru, unde a marcat de 106 ori.<\/p>\n<p>Declara\u021biile lui Florin T\u0103nase, dup\u0103 ce a semnat cu Omonia Nicosia<\/p>\n<p>&#8222;M\u0103 simt fericit, sunt foarte \u00eenc\u00e2ntat c\u0103 am ajuns aici, la Omonia. De c\u00e2nd am auzit de interesul celor din club am fost \u00eenc\u00e2ntat \u0219i sunt ner\u0103bd\u0103tor s\u0103 \u00eencep treaba. Sper s\u0103 avem un sezon foarte bun, s\u0103 avem rezultate extraordinare \u0219i s\u0103-i facem ferici\u021bi pe fanii no\u0219tri.<\/p>\n<p>\u0218tiam c\u0103 este un club imens, aici \u00een Cipru, dup\u0103 am discutat cu cei din conducere, cu antrenorul \u0219i m-au convins imediat s\u0103 aleg Omonia. Am vorbit cu fostul meu antrenor, cu Elias Charalambous, \u0219i mi-a dat foarte multe detalii pozitive despre Omonia\u201d, a declarat Florin T\u0103nase, la prezentarea oficial\u0103.<\/p>\n<p>  Etichete:  <a href=\"https:\/\/www.digisport.ro\/eticheta\/transfer\" rel=\"nofollow noopener\" target=\"_blank\">transfer<\/a> , <a href=\"https:\/\/www.digisport.ro\/eticheta\/scandal\" rel=\"nofollow noopener\" target=\"_blank\">scandal<\/a> , <a href=\"https:\/\/www.digisport.ro\/eticheta\/plecare\" rel=\"nofollow noopener\" target=\"_blank\">plecare<\/a> , <a href=\"https:\/\/www.digisport.ro\/eticheta\/ilie-dumitrescu\" rel=\"nofollow noopener\" target=\"_blank\">ilie dumitrescu<\/a> , <a href=\"https:\/\/www.digisport.ro\/eticheta\/florin-tanase\" rel=\"nofollow noopener\" target=\"_blank\">florin tanase<\/a> , <a href=\"https:\/\/www.digisport.ro\/eticheta\/fcsb\" rel=\"nofollow noopener\" target=\"_blank\">fcsb<\/a>   <\/p>\n<p>Urm\u0103re\u0219te \u0219tirile digisport.ro \u0219i pe <a href=\"https:\/\/news.google.com\/publications\/CAAiENr1L9HFNMG5hpp5zTfVtpsqFAgKIhDa9S_RxTTBuYaaec031bab?ceid=RO:ro&amp;oc=3\" target=\"_blank\" rel=\"external nofollow noopener\">Google News<\/a><\/p>\n<p>   Noua Aplica\u0163ie Digi Sport poate fi desc\u0103rcat\u0103 din   <\/p>\n","protected":false},"excerpt":{"rendered":"Cupa Rom\u00e2niei: Poli Timi\u0219oara &#8211; Rapid, joi, 20:30, DGS 1 Cupa Rom\u00e2niei: Bac\u0103u &#8211; Universitatea Craiova, joi, 17:30,&hellip;\n","protected":false},"author":2,"featured_media":285644,"comment_status":"","ping_status":"","sticky":false,"template":"","format":"standard","meta":{"footnotes":"","_share_on_mastodon":"0"},"categories":[20],"tags":[269,4340,2752,12298,41,40,38,39,326,185,184,379],"class_list":["post-285643","post","type-post","status-publish","format-standard","has-post-thumbnail","category-sport","tag-fcsb","tag-florin-tanase","tag-ilie-dumitrescu","tag-plecare","tag-ro","tag-romana","tag-romania","tag-romanian","tag-scandal","tag-sport","tag-sports","tag-transfer"],"share_on_mastodon":{"url":"https:\/\/pubeurope.com\/@ro\/117204249613652197","error":""},"_links":{"self":[{"href":"https:\/\/www.europesays.com\/ro\/wp-json\/wp\/v2\/posts\/285643","targetHints":{"allow":["GET"]}}],"collection":[{"href":"https:\/\/www.europesays.com\/ro\/wp-json\/wp\/v2\/posts"}],"about":[{"href":"https:\/\/www.europesays.com\/ro\/wp-json\/wp\/v2\/types\/post"}],"author":[{"embeddable":true,"href":"https:\/\/www.europesays.com\/ro\/wp-json\/wp\/v2\/users\/2"}],"replies":[{"embeddable":true,"href":"https:\/\/www.europesays.com\/ro\/wp-json\/wp\/v2\/comments?post=285643"}],"version-history":[{"count":0,"href":"https:\/\/www.europesays.com\/ro\/wp-json\/wp\/v2\/posts\/285643\/revisions"}],"wp:featuredmedia":[{"embeddable":true,"href":"https:\/\/www.europesays.com\/ro\/wp-json\/wp\/v2\/media\/285644"}],"wp:attachment":[{"href":"https:\/\/www.europesays.com\/ro\/wp-json\/wp\/v2\/media?parent=285643"}],"wp:term":[{"taxonomy":"category","embeddable":true,"href":"https:\/\/www.europesays.com\/ro\/wp-json\/wp\/v2\/categories?post=285643"},{"taxonomy":"post_tag","embeddable":true,"href":"https:\/\/www.europesays.com\/ro\/wp-json\/wp\/v2\/tags?post=285643"}],"curies":[{"name":"wp","href":"https:\/\/api.w.org\/{rel}","templated":true}]}}