{"id":285651,"date":"2026-09-03T00:27:13","date_gmt":"2026-09-03T00:27:13","guid":{"rendered":"https:\/\/www.europesays.com\/ro\/285651\/"},"modified":"2026-09-03T00:27:13","modified_gmt":"2026-09-03T00:27:13","slug":"mbappe-tinta-unui-infractor-arestat-pentru-ca-planuia-sa-l-rapeasca-pe-starul-lui-real-madrid","status":"publish","type":"post","link":"https:\/\/www.europesays.com\/ro\/285651\/","title":{"rendered":"Mbappe, \u021binta unui infractor!\u00a0Arestat pentru c\u0103 pl\u0103nuia s\u0103-l r\u0103peasc\u0103 pe starul lui Real Madrid"},"content":{"rendered":"<ul class=\"bullets\">&#13;<\/p>\n<li>Un t\u00e2n\u0103r de 18 ani din Fran\u021ba pl\u0103nuia s\u0103 r\u0103peasc\u0103 \u0219i s\u0103 agreseze nu mai pu\u021bin de 26 de persoane, printre care se aflau rapperi, oameni de afaceri, dar \u0219i celebrul fotbalist Kylian Mbappe (27 de ani).<\/li>\n<p>&#13;\n<\/ul>\n<p><a id=\"google-source-button\" class=\"google-favorite\" target=\"_blank\" href=\"https:\/\/www.google.com\/preferences\/source?q=golazo.ro\" rel=\"nofollow noopener\"><\/p>\n<p>        <img loading=\"lazy\" decoding=\"async\" src=\"https:\/\/golazo.ro\/images\/google-logo.svg\" alt=\"\" width=\"24\" height=\"24\"\/><br \/>\n        <img loading=\"lazy\" decoding=\"async\" src=\"https:\/\/golazo.ro\/images\/check-icon-2.svg\" alt=\"\" width=\"24\" height=\"24\"\/><\/p>\n<p>    Adaug\u0103 GOLAZO.ro la favorite<\/p>\n<p><\/a><\/p>\n<p class=\"\">T\u00e2n\u0103rul este suspectat c\u0103 ar fi coordonat o serie de atacuri asupra unor persoane la domiciliu \u0219i mai multe planuri de r\u0103pire, \u00een perioada 11 aprilie &#8211; 19 august.<\/p>\n<p class=\"\">Acesta, al\u0103turi de un alt complice, au fost pu\u0219i sub acuzare pe 21 august pentru furt \u00een band\u0103 organizat\u0103.<\/p>\n<p>Un b\u0103rbat a fost arestat. Pl\u0103nuia r\u0103pirea lui Kylian Mbappe<\/p>\n<p class=\"\">Starul lui Real Madrid se afla pe lista posibilelor victime. B\u0103rbatul suspectat a fost re\u021binut de autorit\u0103\u021bi la ie\u0219irea din Tribunalul din Bobigny, pe 19 august.<\/p>\n<p class=\"\">El urma s\u0103 fie judecat \u00een dosarul de proxenetism, \u00eens\u0103 procesul a fost am\u00e2nat. \u00cenainte, suspectul fusese eliberat din \u00eenchisoare \u0219i plasat sub control judiciar, dar acum a fost arestat din nou, la Paris.<\/p>\n<p class=\"\">\u201eAcest b\u0103iat era deja \u00een \u00eenchisoare pentru fapte grave \u0219i \u00eel reg\u0103sim acum \u00eentr-un nou dosar care vizeaz\u0103 un rapper \u0219i un fotbalist de renume. <\/p>\n<p class=\"\">Doar izolarea \u00een \u00eenchisoare \u00eel poate face s\u0103 \u00een\u021beleag\u0103 lucrurile, \u00eentruc\u00e2t duce o via\u021b\u0103 dezorganizat\u0103 \u0219i criminal\u0103\u201d, a transmis procurorul general, miercuri, conform <a target=\"_blank\" href=\"https:\/\/www.leparisien.fr\/faits-divers\/riche-grossiste-en-viande-horloger-kylian-mbappe-les-troublants-projets-denlevement-de-lester-z-02-09-2026-CJWB7MJUKFGRPBFR3GIGDJL37I.php\" rel=\"nofollow noopener\">leparisien.fr<\/a>.<\/p>\n<p>200 de milioane de euro<\/p>\n<p>este cota de pia\u021b\u0103 a lui Kylian Mbappe, conform Transfermarkt<\/p>\n<p class=\"\">Suspectul, pe nume Clement, a fost condamnat \u00een trecut pentru trafic de droguri \u0219i furt. Tat\u0103l s\u0103u locuie\u0219te \u00een Fran\u021ba, iar mama sa \u00een Irlanda.<\/p>\n<p class=\"\">\u00cen timpul audierilor, t\u00e2n\u0103rul \u0219i-a recunoscut faptele \u0219i a vorbit despre planurile sale de viitor.<\/p>\n<p class=\"\">\u201e\u0218tiu c\u0103 faptele sunt grave. Dar sunt \u021binut \u00een izolare, sunt \u00eenconjurat de nebuni \u0219i terori\u0219ti \u0219i nu cred c\u0103 acest lucru m\u0103 va ajuta s\u0103 devin un om mai bun.<\/p>\n<p class=\"\">\u00cemi doresc cu adev\u0103rat s\u0103 devin buc\u0103tar. Este un vis pe care \u00eel am de c\u00e2nd eram foarte mic\u201d, a spus suspectul.<\/p>\n<p>List\u0103 lung\u0103 de infrac\u021biuni<\/p>\n<p class=\"\">Totul a \u00eenceput pe 25 aprilie, c\u00e2nd trei fal\u0219i curieri s-au prezentat la locuin\u021ba unui ceasornicar cu o cutie goal\u0103. Infractorii \u0219i-au abandonat planul, dup\u0103 ce acel b\u0103rbat i-a prins.<\/p>\n<p class=\"\">Un episod asem\u0103n\u0103tor a avut loc pe 4 mai, c\u00e2nd magazinul aceluia\u0219i ceasornicar a fost jefuit \u00een Paris. Doi b\u0103rba\u021bi \u00eenarma\u021bi au furat atunci 11 ceasuri de lux \u00een valoare de 150.000 de euro, dup\u0103 care au fugit cu un scuter.<\/p>\n<p class=\"\">Brigada pentru combaterea criminalit\u0103\u021bii organizate (BRB) din Paris a preluat ancheta, iar dovezile descoperite au dus la Clement, cel care pl\u0103nuia s\u0103-l r\u0103peasc\u0103 pe Mbappe, \u0219i la un alt suspect.<\/p>\n<p class=\"\">Clement, care era atunci \u00eenchis la penitenciarul Villepinte, le d\u0103dea indica\u021bii infractorilor pe platforma Snapchat.<\/p>\n<blockquote class=\"quote\"><p>\n    Dou\u0103 telefoane au fost confiscate de agen\u021bii penitenciarului, iar informa\u021biile descoperite \u00een urma verific\u0103rii lor sunt mai mult dec\u00e2t elocvente. Surs\u0103 apropiat\u0103 poli\u021biei\n<\/p><\/blockquote>\n<p class=\"\">Poli\u021bi\u0219tii au descoperit \u00een acele telefoane o list\u0103 cu 26 de persoane care urmau s\u0103 fie jefuite sau r\u0103pite, printre care se aflau rapperi, mai mul\u021bi oameni boga\u021bi, dar \u0219i Kylian Mbappe.<\/p>\n<blockquote class=\"quote\"><p>\n    Voia, de asemenea, s\u0103-l r\u0103peasc\u0103 pe un rapper \u0219i pe fotbalistul Kylian Mbappe. Surs\u0103 judiciar\u0103\n<\/p><\/blockquote>\n<p class=\"\">Ajuns la Real Madrid \u00een vara anului 2024, Kylian Mbappe este unul dintre cei mai importan\u021bi juc\u0103tori ai \u201egalacticilor\u201d. \u00cen acest sezon, a marcat 4 goluri \u00een 3 partide disputate.<\/p>\n<p>Cite\u0219te \u0219i<\/p>\n<p>VIDEO: cele mai noi imagini din sport<\/p>\n","protected":false},"excerpt":{"rendered":"&#13; Un t\u00e2n\u0103r de 18 ani din Fran\u021ba pl\u0103nuia s\u0103 r\u0103peasc\u0103 \u0219i s\u0103 agreseze nu mai pu\u021bin de&hellip;\n","protected":false},"author":2,"featured_media":285652,"comment_status":"","ping_status":"","sticky":false,"template":"","format":"standard","meta":{"footnotes":"","_share_on_mastodon":"0"},"categories":[20],"tags":[10247,963,1879,7560,41,40,38,39,185,184,11154],"class_list":["post-285651","post","type-post","status-publish","format-standard","has-post-thumbnail","category-sport","tag-arest","tag-kylian-mbappe","tag-politie","tag-rapire","tag-ro","tag-romana","tag-romania","tag-romanian","tag-sport","tag-sports","tag-victima"],"share_on_mastodon":{"url":"https:\/\/pubeurope.com\/@ro\/117204277789952949","error":""},"_links":{"self":[{"href":"https:\/\/www.europesays.com\/ro\/wp-json\/wp\/v2\/posts\/285651","targetHints":{"allow":["GET"]}}],"collection":[{"href":"https:\/\/www.europesays.com\/ro\/wp-json\/wp\/v2\/posts"}],"about":[{"href":"https:\/\/www.europesays.com\/ro\/wp-json\/wp\/v2\/types\/post"}],"author":[{"embeddable":true,"href":"https:\/\/www.europesays.com\/ro\/wp-json\/wp\/v2\/users\/2"}],"replies":[{"embeddable":true,"href":"https:\/\/www.europesays.com\/ro\/wp-json\/wp\/v2\/comments?post=285651"}],"version-history":[{"count":0,"href":"https:\/\/www.europesays.com\/ro\/wp-json\/wp\/v2\/posts\/285651\/revisions"}],"wp:featuredmedia":[{"embeddable":true,"href":"https:\/\/www.europesays.com\/ro\/wp-json\/wp\/v2\/media\/285652"}],"wp:attachment":[{"href":"https:\/\/www.europesays.com\/ro\/wp-json\/wp\/v2\/media?parent=285651"}],"wp:term":[{"taxonomy":"category","embeddable":true,"href":"https:\/\/www.europesays.com\/ro\/wp-json\/wp\/v2\/categories?post=285651"},{"taxonomy":"post_tag","embeddable":true,"href":"https:\/\/www.europesays.com\/ro\/wp-json\/wp\/v2\/tags?post=285651"}],"curies":[{"name":"wp","href":"https:\/\/api.w.org\/{rel}","templated":true}]}}