{"id":285685,"date":"2026-09-03T00:59:17","date_gmt":"2026-09-03T00:59:17","guid":{"rendered":"https:\/\/www.europesays.com\/ro\/285685\/"},"modified":"2026-09-03T00:59:17","modified_gmt":"2026-09-03T00:59:17","slug":"la-89-de-ani-se-lupta-cu-primaria-pentru-gradina-pe-care-o-ingrijeste-de-25-de-ani-aproape-200-de-oameni-o-sustin","status":"publish","type":"post","link":"https:\/\/www.europesays.com\/ro\/285685\/","title":{"rendered":"La 89 de ani, se lupt\u0103 cu prim\u0103ria pentru gr\u0103dina pe care o \u00eengrije\u0219te de 25 de ani. Aproape 200 de oameni o sus\u021bin"},"content":{"rendered":"<p><a class=\"news__image\" data-href=\"https:\/\/s2.ziareromania.ro\/?mmid=8b72256b2a3703abc5\" data-size=\"1024x768\" title=\"La 89 de ani, se lupt\u0103 cu prim\u0103ria pentru gr\u0103dina pe care o \u00eengrije\u0219te de 25 de ani. Aproape 200 de oameni o sus\u021bin\"><img decoding=\"async\" src=\"https:\/\/www.europesays.com\/ro\/wp-content\/uploads\/2026\/09\/La-89-de-ani--se-lupt---cu-prim--ria-pentru-gr--dina-pe-care-o---ngrije--te-de-25-de-ani--Aproape-20.jpeg\" alt=\"La 89 de ani, se lupt\u0103 cu prim\u0103ria pentru gr\u0103dina pe care o \u00eengrije\u0219te de 25 de ani. Aproape 200 de oameni o sus\u021bin\" title=\"La 89 de ani, se lupt\u0103 cu prim\u0103ria pentru gr\u0103dina pe care o \u00eengrije\u0219te de 25 de ani. Aproape 200 de oameni o sus\u021bin\" class=\"img-responsive\"\/><\/a><\/p>\n<p>Femeie care \u00eengrije\u0219te florile din gr\u0103dina amenajat\u0103 de aceasta FOTO generat\u0103 cu AI Ziare.com<\/p>\n<p>O femeie de 89 de ani din Londra \u00eencearc\u0103 s\u0103 salveze mica gr\u0103din\u0103 pe care a amenajat-o \u00een fa\u021ba casei \u0219i pe care o \u00eengrije\u0219te de peste 25 de ani. Autorit\u0103\u021bile locale i-au cerut s\u0103 \u00eenl\u0103ture banca \u0219i ghivecele cu plante, dup\u0103 mai multe pl\u00e2ngeri privind presupuse comportamente antisociale. Aproape 200 de oameni au semnat \u00eens\u0103 o peti\u021bie pentru p\u0103strarea lor, potrivit <a href=\"https:\/\/www.independent.co.uk\/news\/uk\/home-news\/katharine-hoskyns-street-garden-st-johns-wood-b3042543.html\" target=\"_blank\" rel=\"nofollow noopener\">The Independent<\/a>.<\/p>\n<p>Katharine Hoskyns, fost\u0103 profesoar\u0103, locuie\u0219te din anii 1960 pe Hamilton Gardens, o strad\u0103 din St John\u2019s Wood, \u00een nord-vestul Londrei, aproape de celebrul studio Abbey Road.<\/p>\n<p>Femeia sus\u021bine c\u0103 problemele ar fi pornit de la un singur vecin.<\/p>\n<p>\u201eExist\u0103 o singur\u0103 persoan\u0103 c\u0103reia nu-i place. A considerat c\u0103 pe banc\u0103 au loc comportamente antisociale. Nu exist\u0103 niciun comportament antisocial\u201d, spune Katharine Hoskyns.<\/p>\n<p>Cum a ap\u0103rut mica gr\u0103din\u0103 din fa\u021ba casei<\/p>\n<p>Katharine a \u00eenceput s\u0103 aduc\u0103 ghivece cu ro\u0219ii, mu\u0219cate \u0219i plante aromatice dup\u0103 ce autorit\u0103\u021bile au amenajat locuri de parcare \u00een fa\u021ba locuin\u021bei sale.<\/p>\n<p>\u201eConsiliul a amenajat locuri de parcare, a\u0219a c\u0103 aveam ma\u0219ini parcate \u00een fa\u021ba casei mele, acolo unde \u00eenainte aveam un spa\u021biu frumos\u201d, poveste\u0219te aceasta.<\/p>\n<p>\u201eAm decis c\u0103, \u00een loc s\u0103 fiu nefericit\u0103 din cauza asta, voi face din nou spa\u021biul frumos\u201d, a mai spus ea.<\/p>\n<p>\u00cen timp, locul a devenit \u0219i un punct de \u00eent\u00e2lnire pentru oamenii din cartier.<\/p>\n<p>\u201e\u00cemi place pentru c\u0103 pot s\u0103 ies \u0219i s\u0103 m\u0103 ocup de ghivecele mele, iar oamenii vin \u0219i vorbesc cu mine. Este pl\u0103cut \u0219i sociabil\u201d, spune femeia.<\/p>\n<p>La sf\u00e2r\u0219itul lunii iulie, Westminster City Council i-a trimis \u00eens\u0103 o notificare prin care i-a cerut s\u0103 \u00eendep\u0103rteze plantele \u0219i banca. Consiliul a invocat pl\u00e2ngeri venite din comunitate, dar \u0219i posibile riscuri de siguran\u021b\u0103, printre care c\u0103derea ghivecelor sau faptul c\u0103 banca nu a fost declarat\u0103 sigur\u0103 din punct de vedere structural.<\/p>\n<p>\u201eAm fost foarte sup\u0103rat\u0103 c\u00e2nd am primit scrisoarea. Nu blocheaz\u0103 trecerea; este suficient loc pentru un scaun cu rotile\u201d, spune Katharine.<\/p>\n<p>Familia a contestat m\u0103sura \u0219i a trimis autorit\u0103\u021bilor \u0219i o peti\u021bie semnat\u0103 ini\u021bial de peste 60 de oameni. Num\u0103rul sus\u021bin\u0103torilor a ajuns \u00eentre timp la aproximativ 190.<\/p>\n<p>\u201eProbabil ne vor contacta din nou, dar vom continua pur \u0219i simplu s\u0103 le r\u0103spundem atunci c\u00e2nd o vor face. Acum nu mai este vorba doar despre mine, foarte mul\u021bi oameni s-au implicat \u0219i ajut\u0103 \u00een aceast\u0103 lupt\u0103\u201d, spune femeia.<\/p>\n<p>\u201eVecinii se ofer\u0103 voluntari \u0219i ajut\u0103 foarte mult. Este ceva al comunit\u0103\u021bii, nu doar al meu\u201d.<\/p>\n<p>Familia spune c\u0103 are sprijinul vecinilor<\/p>\n<p>Fiul femeii, Nicky Hoskyns, \u00een v\u00e2rst\u0103 de 58 de ani, a pornit peti\u021bia pentru p\u0103strarea gr\u0103dinii.<\/p>\n<p>\u201eA fost pu\u021bin \u0219ocant, dar am r\u0103spuns. Toat\u0103 familia este implicat\u0103 \u0219i avem o echip\u0103 bun\u0103 de campanie\u201d, spune acesta.<\/p>\n<p>\u201eTo\u021bi cei cu care am vorbit iubesc ghivecele. Exist\u0103 un sprijin real \u0219i solid. Nu am primit niciun feedback negativ\u201d.<\/p>\n<p>\u201ePare o lupt\u0103 pe care o putem c\u00e2\u0219tiga \u0219i avem nevoie de c\u00e2teva mici victorii \u00een perioada asta\u201d, adaug\u0103 Nicky Hoskyns.<\/p>\n<p>\u201eAr fi at\u00e2t de p\u0103cat s\u0103 le pierdem. Zona ar fi \u00eengrozitoare f\u0103r\u0103 ele, chiar atunci ar \u00eencepe s\u0103 apar\u0103 probleme\u201d.<\/p>\n<p>Westminster City Council afirm\u0103 c\u0103 procedura oficial\u0103 a fost \u00eenceput\u0103 dup\u0103 mai mul\u021bi ani \u00een care autorit\u0103\u021bile au \u00eencercat s\u0103 rezolve situa\u021bia informal.<\/p>\n<p>\u201e\u00cen urma unor pl\u00e2ngeri din partea reziden\u021bilor \u0219i a \u00eencerc\u0103rilor de a rezolva aceast\u0103 disput\u0103 pe cale informal\u0103 timp de mai mul\u021bi ani, consiliul a fost, cu reticen\u021b\u0103, obligat s\u0103 \u00eenceap\u0103 o procedur\u0103 oficial\u0103\u201d, a transmis un purt\u0103tor de cuv\u00e2nt.<\/p>\n<p>\u201eLocuitorii ar trebui s\u0103 poat\u0103 tr\u0103i f\u0103r\u0103 ca via\u021ba lor s\u0103 fie afectat\u0103 de comportamente antisociale. Mutarea acestei b\u0103nci va contribui la reducerea tulbur\u0103rilor recente din zon\u0103\u201d, potrivit acestuia.<\/p>\n<p>\u201eR\u0103m\u00e2nem optimi\u0219ti c\u0103 putem rezolva situa\u021bia pe cale amiabil\u0103\u201d, mai transmite consiliul.<\/p>\n<p>\u021ai-a pl\u0103cut articolul?<\/p>\n<p> Vrem s\u0103 producem mai multe, \u00eens\u0103 avem nevoie de sus\u021binerea ta. Orice dona\u021bie conteaz\u0103 pentru jurnalismul independent <\/p>\n","protected":false},"excerpt":{"rendered":"Femeie care \u00eengrije\u0219te florile din gr\u0103dina amenajat\u0103 de aceasta FOTO generat\u0103 cu AI Ziare.com O femeie de 89&hellip;\n","protected":false},"author":2,"featured_media":285686,"comment_status":"","ping_status":"","sticky":false,"template":"","format":"standard","meta":{"footnotes":"","_share_on_mastodon":"0"},"categories":[12],"tags":[15095,32,33,31,36,37,34095,27,74,34,35,1814,25,5170,41,40,38,39,26,28,29,30,71,72,73],"class_list":["post-285685","post","type-post","status-publish","format-standard","has-post-thumbnail","category-international","tag-batrana","tag-breaking-news","tag-breakingnews","tag-cele-mai-populare-subiecte","tag-featured-news","tag-featurednews","tag-gradina","tag-headlines","tag-international","tag-latest-news","tag-latestnews","tag-londra","tag-news","tag-primarie","tag-ro","tag-romana","tag-romania","tag-romanian","tag-stiri","tag-titluri","tag-top-stories","tag-topstories","tag-world","tag-world-news","tag-worldnews"],"share_on_mastodon":{"url":"https:\/\/pubeurope.com\/@ro\/117204403435040570","error":""},"_links":{"self":[{"href":"https:\/\/www.europesays.com\/ro\/wp-json\/wp\/v2\/posts\/285685","targetHints":{"allow":["GET"]}}],"collection":[{"href":"https:\/\/www.europesays.com\/ro\/wp-json\/wp\/v2\/posts"}],"about":[{"href":"https:\/\/www.europesays.com\/ro\/wp-json\/wp\/v2\/types\/post"}],"author":[{"embeddable":true,"href":"https:\/\/www.europesays.com\/ro\/wp-json\/wp\/v2\/users\/2"}],"replies":[{"embeddable":true,"href":"https:\/\/www.europesays.com\/ro\/wp-json\/wp\/v2\/comments?post=285685"}],"version-history":[{"count":0,"href":"https:\/\/www.europesays.com\/ro\/wp-json\/wp\/v2\/posts\/285685\/revisions"}],"wp:featuredmedia":[{"embeddable":true,"href":"https:\/\/www.europesays.com\/ro\/wp-json\/wp\/v2\/media\/285686"}],"wp:attachment":[{"href":"https:\/\/www.europesays.com\/ro\/wp-json\/wp\/v2\/media?parent=285685"}],"wp:term":[{"taxonomy":"category","embeddable":true,"href":"https:\/\/www.europesays.com\/ro\/wp-json\/wp\/v2\/categories?post=285685"},{"taxonomy":"post_tag","embeddable":true,"href":"https:\/\/www.europesays.com\/ro\/wp-json\/wp\/v2\/tags?post=285685"}],"curies":[{"name":"wp","href":"https:\/\/api.w.org\/{rel}","templated":true}]}}